{"id":787,"date":"2019-06-09T19:13:56","date_gmt":"2019-06-09T17:13:56","guid":{"rendered":"https:\/\/www.jc-correct.com\/blog\/?p=787"},"modified":"2019-10-11T13:27:27","modified_gmt":"2019-10-11T11:27:27","slug":"brno-expat-fair-2019-veletrh-pro-cizince-zijici-brne","status":"publish","type":"post","link":"https:\/\/www.jc-correct.com\/blog\/brno-expat-fair-2019-veletrh-pro-cizince-zijici-brne\/","title":{"rendered":"Brno Expat Fair 2019 &#8211; veletrh pro cizince \u017eij\u00edc\u00ed v Brn\u011b"},"content":{"rendered":"<p>Letos 27. dubna 2019 se konal prvn\u00ed ro\u010dn\u00edk veletrhu<strong> <a href=\"http:\/\/www.gotobrno.cz\/en\/actions\/living-in-brno-brno-expat-fair-2019\/\" target=\"_blank\" rel=\"noopener noreferrer\">Brno Expat Fair<\/a><\/strong>, kter\u00fd p\u0159ipravilo <a href=\"https:\/\/www.brnoexpatcentre.eu\/\" target=\"_blank\" rel=\"noopener noreferrer\"><strong>Brno Expat Centre<\/strong><\/a> pro cizince \u017eij\u00edc\u00ed v m\u011bst\u011b Brn\u011b a jeho okol\u00ed. Mohli se tak dozv\u011bd\u011bt o mnoha kulturn\u00edch, vzd\u011bl\u00e1vac\u00edch, volno\u010dasov\u00fdch \u010di pracovn\u00edch mo\u017enostech, kter\u00e9 se pro n\u011b v\u00a0Brn\u011b nab\u00edzej\u00ed.\u00a0<!--more-->V\u00a0r\u00e1mci veletrhu prob\u011bhlo n\u011bkolik semin\u00e1\u0159\u016f, na kter\u00fdch zazn\u011blo mnoho cenn\u00fdch informac\u00ed pro ty, kdo se pot\u0159ebuj\u00ed v\u00a0Brn\u011b usadit (nap\u0159. jak a kde si sjednat poji\u0161t\u011bn\u00ed).<a href=\"https:\/\/www.jc-correct.com\/blog\/wp-content\/uploads\/2019\/06\/Brno-Expat-Fair-Jazykov\u00e9-centrum-Correct-4.jpg\"><img loading=\"lazy\" decoding=\"async\" class=\"wp-image-790 aligncenter lazyload\" src=\"https:\/\/www.jc-correct.com\/blog\/wp-content\/uploads\/2019\/06\/Brno-Expat-Fair-Jazykov\u00e9-centrum-Correct-4.jpg\" alt=\"\" width=\"504\" height=\"246\" data-srcset=\"https:\/\/www.jc-correct.com\/blog\/wp-content\/uploads\/2019\/06\/Brno-Expat-Fair-Jazykov\u00e9-centrum-Correct-4.jpg 1911w, https:\/\/www.jc-correct.com\/blog\/wp-content\/uploads\/2019\/06\/Brno-Expat-Fair-Jazykov\u00e9-centrum-Correct-4-300x146.jpg 300w, https:\/\/www.jc-correct.com\/blog\/wp-content\/uploads\/2019\/06\/Brno-Expat-Fair-Jazykov\u00e9-centrum-Correct-4-768x374.jpg 768w, https:\/\/www.jc-correct.com\/blog\/wp-content\/uploads\/2019\/06\/Brno-Expat-Fair-Jazykov\u00e9-centrum-Correct-4-1024x499.jpg 1024w, https:\/\/www.jc-correct.com\/blog\/wp-content\/uploads\/2019\/06\/Brno-Expat-Fair-Jazykov\u00e9-centrum-Correct-4-624x304.jpg 624w\" sizes=\"auto\" \/><\/a><\/p>\n<p>Vystavovatel\u00e9 r\u016fznorod\u00e9ho zam\u011b\u0159en\u00ed se se\u0161li v\u00a0prostorech Tr\u017enice na Zeln\u00e9m trhu, aby uk\u00e1zali, co m\u016f\u017ee Brno nab\u00eddnout.\u00a0<a href=\"https:\/\/www.jc-correct.com\" rel=\"noopener noreferrer\">Jazykov\u00e9 Centrum Correct<\/a> mezi nimi samoz\u0159ejm\u011b nemohlo chyb\u011bt, jeliko\u017e cizinc\u016fm nab\u00edz\u00ed <a href=\"https:\/\/www.jc-correct.com\/cestina-pro-cizince\" rel=\"noopener noreferrer\">kurzy \u010de\u0161tiny pro cizince<\/a>, d\u00e1le pak kompletn\u00ed p\u0159ekladatelsk\u00fd a tlumo\u010dnick\u00fd servis.<\/p>\n<p><a href=\"https:\/\/www.jc-correct.com\/blog\/wp-content\/uploads\/2019\/06\/Brno-Expat-Fair-Jazykov\u00e9-centrum-Correct-3.jpeg\"><img loading=\"lazy\" decoding=\"async\" class=\"wp-image-792 aligncenter lazyload\" src=\"https:\/\/www.jc-correct.com\/blog\/wp-content\/uploads\/2019\/06\/Brno-Expat-Fair-Jazykov\u00e9-centrum-Correct-3.jpeg\" alt=\"\" width=\"503\" height=\"378\" data-srcset=\"https:\/\/www.jc-correct.com\/blog\/wp-content\/uploads\/2019\/06\/Brno-Expat-Fair-Jazykov\u00e9-centrum-Correct-3.jpeg 4032w, https:\/\/www.jc-correct.com\/blog\/wp-content\/uploads\/2019\/06\/Brno-Expat-Fair-Jazykov\u00e9-centrum-Correct-3-300x225.jpeg 300w, https:\/\/www.jc-correct.com\/blog\/wp-content\/uploads\/2019\/06\/Brno-Expat-Fair-Jazykov\u00e9-centrum-Correct-3-768x576.jpeg 768w, https:\/\/www.jc-correct.com\/blog\/wp-content\/uploads\/2019\/06\/Brno-Expat-Fair-Jazykov\u00e9-centrum-Correct-3-1024x768.jpeg 1024w, https:\/\/www.jc-correct.com\/blog\/wp-content\/uploads\/2019\/06\/Brno-Expat-Fair-Jazykov\u00e9-centrum-Correct-3-624x468.jpeg 624w\" sizes=\"auto\" \/><\/a><\/p>\n<p>N\u00e1v\u0161t\u011bvn\u00edci si s\u00a0n\u00e1mi mohli vyzkou\u0161et z\u00e1ludnosti \u010desk\u00e9ho jazyka, nahl\u00e9dnout do v\u00fdukov\u00fdch materi\u00e1l\u016f nebo se rovnou p\u0159ihl\u00e1sit do vypsan\u00fdch\u00a0<a href=\"https:\/\/www.jc-correct.com\/letni-kurzy-cestiny-pro-cizince\" rel=\"noopener noreferrer\"><strong>letn\u00edch kurz\u016f \u010de\u0161tiny<\/strong><\/a>.<\/p>\n<p><a href=\"https:\/\/www.jc-correct.com\/blog\/wp-content\/uploads\/2019\/06\/Brno-Expat-Fair-Jazykov\u00e9-centrum-Correct-2.jpeg\"><img loading=\"lazy\" decoding=\"async\" class=\"wp-image-791 aligncenter lazyload\" src=\"https:\/\/www.jc-correct.com\/blog\/wp-content\/uploads\/2019\/06\/Brno-Expat-Fair-Jazykov\u00e9-centrum-Correct-2.jpeg\" alt=\"\" width=\"502\" height=\"377\" data-srcset=\"https:\/\/www.jc-correct.com\/blog\/wp-content\/uploads\/2019\/06\/Brno-Expat-Fair-Jazykov\u00e9-centrum-Correct-2.jpeg 3640w, https:\/\/www.jc-correct.com\/blog\/wp-content\/uploads\/2019\/06\/Brno-Expat-Fair-Jazykov\u00e9-centrum-Correct-2-300x225.jpeg 300w, https:\/\/www.jc-correct.com\/blog\/wp-content\/uploads\/2019\/06\/Brno-Expat-Fair-Jazykov\u00e9-centrum-Correct-2-768x576.jpeg 768w, https:\/\/www.jc-correct.com\/blog\/wp-content\/uploads\/2019\/06\/Brno-Expat-Fair-Jazykov\u00e9-centrum-Correct-2-1024x768.jpeg 1024w, https:\/\/www.jc-correct.com\/blog\/wp-content\/uploads\/2019\/06\/Brno-Expat-Fair-Jazykov\u00e9-centrum-Correct-2-624x468.jpeg 624w\" sizes=\"auto\" \/><\/a><\/p>\n<p>Pozitivn\u00ed atmosf\u00e9ra panovala od r\u00e1na do ve\u010dern\u00edch hodin, kdy st\u00e1nky vyst\u0159\u00eddal bohat\u00fd kulturn\u00ed program. <strong>Se\u0161lo se 700 n\u00e1v\u0161t\u011bvn\u00edk\u016f z\u00a095 zem\u00ed.<\/strong> Pro v\u0161echny to byla zaj\u00edmav\u00e1 zku\u0161enost, kdy\u017e zjistili, kdo v\u0161echno z\u00a0r\u016fzn\u00fdch kout\u016f sv\u011bta tu \u017eije.<\/p>\n<p>Koukn\u011bte na<strong> <a href=\"https:\/\/www.youtube.com\/watch?v=FSiEDrD2qcM&amp;feature=youtu.be\" target=\"_blank\" rel=\"noopener noreferrer\">kr\u00e1tk\u00e9 video<\/a><\/strong>, kter\u00e9 o veletrhu prozrazuje je\u0161t\u011b v\u00edce. U\u017e te\u010f se velmi t\u011b\u0161\u00edme na druh\u00e9 pokra\u010dov\u00e1n\u00ed Living in Brno: Brno Expat Fair, kter\u00e9 ur\u010dit\u011b bude st\u00e1t za to. My ur\u010dit\u011b chyb\u011bt nebudeme!<\/p>\n<p><a href=\"https:\/\/www.jc-correct.com\/blog\/wp-content\/uploads\/2019\/06\/Brno-Expat-Fair-Jazykov\u00e9-centrum-Correct-1.jpeg\"><img loading=\"lazy\" decoding=\"async\" class=\"wp-image-793 aligncenter lazyload\" src=\"https:\/\/www.jc-correct.com\/blog\/wp-content\/uploads\/2019\/06\/Brno-Expat-Fair-Jazykov\u00e9-centrum-Correct-1.jpeg\" alt=\"\" width=\"501\" height=\"376\" data-srcset=\"https:\/\/www.jc-correct.com\/blog\/wp-content\/uploads\/2019\/06\/Brno-Expat-Fair-Jazykov\u00e9-centrum-Correct-1.jpeg 3640w, https:\/\/www.jc-correct.com\/blog\/wp-content\/uploads\/2019\/06\/Brno-Expat-Fair-Jazykov\u00e9-centrum-Correct-1-300x225.jpeg 300w, https:\/\/www.jc-correct.com\/blog\/wp-content\/uploads\/2019\/06\/Brno-Expat-Fair-Jazykov\u00e9-centrum-Correct-1-768x576.jpeg 768w, https:\/\/www.jc-correct.com\/blog\/wp-content\/uploads\/2019\/06\/Brno-Expat-Fair-Jazykov\u00e9-centrum-Correct-1-1024x768.jpeg 1024w, https:\/\/www.jc-correct.com\/blog\/wp-content\/uploads\/2019\/06\/Brno-Expat-Fair-Jazykov\u00e9-centrum-Correct-1-624x468.jpeg 624w\" sizes=\"auto\" \/><\/a><\/p>\n<p>Zn\u00e1te n\u011bkoho, kdo se ned\u00e1vno p\u0159ist\u011bhoval z\u00a0ciziny do Brna? Pov\u011bzte mu o <a href=\"http:\/\/www.brnoexpatcentre.eu\" target=\"_blank\" rel=\"noopener noreferrer\">Brno Expat Centre<\/a>, kter\u00e9 pom\u00e1h\u00e1 lidem z cel\u00e9ho sv\u011bta st\u00e1t se Br\u0148anem. Na webu <a href=\"http:\/\/www.gotobrno.cz\/en\/\" target=\"_blank\" rel=\"noopener noreferrer\">Go To Brno<\/a> je rovn\u011b\u017e k\u00a0dispozici spoustu tip\u016f, kam v\u00a0Brn\u011b zaj\u00edt.<\/p>\n<p>Boj s \u010de\u0161tinou uleh\u010d\u00ed cizinc\u016fm i na\u0161e kurzy \u010de\u0161tiny \u010di individu\u00e1ln\u00ed v\u00fduka. Pom\u016f\u017eeme t\u00e9\u017e s <a href=\"https:\/\/www.jc-correct.com\/preklady-urednich-listin\" rel=\"noopener noreferrer\">p\u0159ekladem \u00fa\u0159edn\u00edch dokument\u016f<\/a> \u010di <a href=\"https:\/\/www.jc-correct.com\/tlumoceni\" rel=\"noopener noreferrer\">tlumo\u010den\u00edm<\/a> nap\u0159. na matrice \u010di cizineck\u00e9 policii.<\/p>\n<p>Cht\u011bli byste se o n\u00e1s dozv\u011bd\u011bt v\u00edce? Pak n\u00e1s sledujte na <a href=\"http:\/\/www.facebook.com\/correct.jazykove.centrum\/\" target=\"_blank\" rel=\"noopener noreferrer\">Facebooku<\/a> \u010di <a href=\"http:\/\/www.instagram.com\/wearecorrect\/\" target=\"_blank\" rel=\"noopener noreferrer\">Instagramu<\/a>.<\/p>\n","protected":false},"excerpt":{"rendered":"<p>Letos 27. dubna 2019 se konal prvn\u00ed ro\u010dn\u00edk veletrhu Brno Expat Fair, kter\u00fd p\u0159ipravilo Brno Expat Centre pro cizince \u017eij\u00edc\u00ed v m\u011bst\u011b Brn\u011b a jeho okol\u00ed. Mohli se tak dozv\u011bd\u011bt o mnoha kulturn\u00edch, vzd\u011bl\u00e1vac\u00edch, volno\u010dasov\u00fdch \u010di pracovn\u00edch mo\u017enostech, kter\u00e9 se pro n\u011b v\u00a0Brn\u011b nab\u00edzej\u00ed.\u00a0<\/p>\n","protected":false},"author":5,"featured_media":1118,"comment_status":"closed","ping_status":"open","sticky":false,"template":"","format":"standard","meta":{"_acf_changed":false,"footnotes":""},"categories":[249,246,14],"tags":[16,111,105,17,106,109,110,108,107],"class_list":["post-787","post","type-post","status-publish","format-standard","has-post-thumbnail","hentry","category-informujeme","category-zajimavosti","category-ze-zivota-correctu","tag-akce-pro-cizince","tag-akce-pro-cizince-v-brne","tag-brno-expat-fair","tag-cestina-pro-cizince","tag-cizinci-v-brne","tag-co-delat-v-brne","tag-kurzy-cestiny-brno","tag-living-in-brno","tag-prace-pro-cizince-v-brne"],"acf":[],"yoast_head":"<!-- This site is optimized with the Yoast SEO plugin v22.3 - https:\/\/yoast.com\/wordpress\/plugins\/seo\/ -->\n<title>Brno Expat Fair 2019 - veletrh pro cizince \u017eij\u00edc\u00ed v Brn\u011b - BLOG: Jazykov\u00e9 centrum Correct<\/title>\n<meta name=\"robots\" content=\"index, follow, max-snippet:-1, max-image-preview:large, max-video-preview:-1\" \/>\n<link rel=\"canonical\" href=\"https:\/\/www.jc-correct.com\/blog\/brno-expat-fair-2019-veletrh-pro-cizince-zijici-brne\/\" \/>\n<meta property=\"og:locale\" content=\"cs_CZ\" \/>\n<meta property=\"og:type\" content=\"article\" \/>\n<meta property=\"og:title\" content=\"Brno Expat Fair 2019 - veletrh pro cizince \u017eij\u00edc\u00ed v Brn\u011b - BLOG: Jazykov\u00e9 centrum Correct\" \/>\n<meta property=\"og:description\" content=\"Letos 27. dubna 2019 se konal prvn\u00ed ro\u010dn\u00edk veletrhu Brno Expat Fair, kter\u00fd p\u0159ipravilo Brno Expat Centre pro cizince \u017eij\u00edc\u00ed v m\u011bst\u011b Brn\u011b a jeho okol\u00ed. Mohli se tak dozv\u011bd\u011bt o mnoha kulturn\u00edch, vzd\u011bl\u00e1vac\u00edch, volno\u010dasov\u00fdch \u010di pracovn\u00edch mo\u017enostech, kter\u00e9 se pro n\u011b v\u00a0Brn\u011b nab\u00edzej\u00ed.\u00a0\" \/>\n<meta property=\"og:url\" content=\"https:\/\/www.jc-correct.com\/blog\/brno-expat-fair-2019-veletrh-pro-cizince-zijici-brne\/\" \/>\n<meta property=\"og:site_name\" content=\"BLOG: Jazykov\u00e9 centrum Correct\" \/>\n<meta property=\"article:publisher\" content=\"https:\/\/www.facebook.com\/correct.jazykove.centrum\/\" \/>\n<meta property=\"article:author\" content=\"https:\/\/www.facebook.com\/correct.jazykove.centrum\/\" \/>\n<meta property=\"article:published_time\" content=\"2019-06-09T17:13:56+00:00\" \/>\n<meta property=\"article:modified_time\" content=\"2019-10-11T11:27:27+00:00\" \/>\n<meta property=\"og:image\" content=\"https:\/\/www.jc-correct.com\/blog\/wp-content\/uploads\/2019\/06\/Expat-fair-Brno.jpg\" \/>\n\t<meta property=\"og:image:width\" content=\"1631\" \/>\n\t<meta property=\"og:image:height\" content=\"994\" \/>\n\t<meta property=\"og:image:type\" content=\"image\/jpeg\" \/>\n<meta name=\"author\" content=\"Jazykov\u00e9 centrum Correct\" \/>\n<meta name=\"twitter:card\" content=\"summary_large_image\" \/>\n<meta name=\"twitter:label1\" content=\"Napsal(a)\" \/>\n\t<meta name=\"twitter:data1\" content=\"Jazykov\u00e9 centrum Correct\" \/>\n\t<meta name=\"twitter:label2\" content=\"Odhadovan\u00e1 doba \u010dten\u00ed\" \/>\n\t<meta name=\"twitter:data2\" content=\"2 minuty\" \/>\n<script type=\"application\/ld+json\" class=\"yoast-schema-graph\">{\"@context\":\"https:\/\/schema.org\",\"@graph\":[{\"@type\":\"Article\",\"@id\":\"https:\/\/www.jc-correct.com\/blog\/brno-expat-fair-2019-veletrh-pro-cizince-zijici-brne\/#article\",\"isPartOf\":{\"@id\":\"https:\/\/www.jc-correct.com\/blog\/brno-expat-fair-2019-veletrh-pro-cizince-zijici-brne\/\"},\"author\":{\"name\":\"Jazykov\u00e9 centrum Correct\",\"@id\":\"https:\/\/www.jc-correct.com\/blog\/#\/schema\/person\/b9bf371b1acd1da12d78ae5cc8021d60\"},\"headline\":\"Brno Expat Fair 2019 &#8211; veletrh pro cizince \u017eij\u00edc\u00ed v Brn\u011b\",\"datePublished\":\"2019-06-09T17:13:56+00:00\",\"dateModified\":\"2019-10-11T11:27:27+00:00\",\"mainEntityOfPage\":{\"@id\":\"https:\/\/www.jc-correct.com\/blog\/brno-expat-fair-2019-veletrh-pro-cizince-zijici-brne\/\"},\"wordCount\":408,\"publisher\":{\"@id\":\"https:\/\/www.jc-correct.com\/blog\/#organization\"},\"image\":{\"@id\":\"https:\/\/www.jc-correct.com\/blog\/brno-expat-fair-2019-veletrh-pro-cizince-zijici-brne\/#primaryimage\"},\"thumbnailUrl\":\"https:\/\/www.jc-correct.com\/blog\/wp-content\/uploads\/2019\/06\/Expat-fair-Brno.jpg\",\"keywords\":[\"Akce pro cizince\",\"Akce pro cizince v Brn\u011b\",\"Brno Expat Fair\",\"\u010de\u0161tina pro cizince\",\"cizinci v brn\u011b\",\"co d\u011blat v Brn\u011b\",\"kurzy \u010de\u0161tiny brno\",\"Living in Brno\",\"pr\u00e1ce pro cizince v brn\u011b\"],\"articleSection\":[\"Informujeme\",\"Zaj\u00edmavosti\",\"Ze \u017eivota Correctu\"],\"inLanguage\":\"cs\"},{\"@type\":\"WebPage\",\"@id\":\"https:\/\/www.jc-correct.com\/blog\/brno-expat-fair-2019-veletrh-pro-cizince-zijici-brne\/\",\"url\":\"https:\/\/www.jc-correct.com\/blog\/brno-expat-fair-2019-veletrh-pro-cizince-zijici-brne\/\",\"name\":\"Brno Expat Fair 2019 - veletrh pro cizince \u017eij\u00edc\u00ed v Brn\u011b - BLOG: Jazykov\u00e9 centrum Correct\",\"isPartOf\":{\"@id\":\"https:\/\/www.jc-correct.com\/blog\/#website\"},\"primaryImageOfPage\":{\"@id\":\"https:\/\/www.jc-correct.com\/blog\/brno-expat-fair-2019-veletrh-pro-cizince-zijici-brne\/#primaryimage\"},\"image\":{\"@id\":\"https:\/\/www.jc-correct.com\/blog\/brno-expat-fair-2019-veletrh-pro-cizince-zijici-brne\/#primaryimage\"},\"thumbnailUrl\":\"https:\/\/www.jc-correct.com\/blog\/wp-content\/uploads\/2019\/06\/Expat-fair-Brno.jpg\",\"datePublished\":\"2019-06-09T17:13:56+00:00\",\"dateModified\":\"2019-10-11T11:27:27+00:00\",\"breadcrumb\":{\"@id\":\"https:\/\/www.jc-correct.com\/blog\/brno-expat-fair-2019-veletrh-pro-cizince-zijici-brne\/#breadcrumb\"},\"inLanguage\":\"cs\",\"potentialAction\":[{\"@type\":\"ReadAction\",\"target\":[\"https:\/\/www.jc-correct.com\/blog\/brno-expat-fair-2019-veletrh-pro-cizince-zijici-brne\/\"]}]},{\"@type\":\"ImageObject\",\"inLanguage\":\"cs\",\"@id\":\"https:\/\/www.jc-correct.com\/blog\/brno-expat-fair-2019-veletrh-pro-cizince-zijici-brne\/#primaryimage\",\"url\":\"https:\/\/www.jc-correct.com\/blog\/wp-content\/uploads\/2019\/06\/Expat-fair-Brno.jpg\",\"contentUrl\":\"https:\/\/www.jc-correct.com\/blog\/wp-content\/uploads\/2019\/06\/Expat-fair-Brno.jpg\",\"width\":1631,\"height\":994},{\"@type\":\"BreadcrumbList\",\"@id\":\"https:\/\/www.jc-correct.com\/blog\/brno-expat-fair-2019-veletrh-pro-cizince-zijici-brne\/#breadcrumb\",\"itemListElement\":[{\"@type\":\"ListItem\",\"position\":1,\"name\":\"Dom\u016f\",\"item\":\"https:\/\/www.jc-correct.com\/blog\/\"},{\"@type\":\"ListItem\",\"position\":2,\"name\":\"Brno Expat Fair 2019 &#8211; veletrh pro cizince \u017eij\u00edc\u00ed v Brn\u011b\"}]},{\"@type\":\"WebSite\",\"@id\":\"https:\/\/www.jc-correct.com\/blog\/#website\",\"url\":\"https:\/\/www.jc-correct.com\/blog\/\",\"name\":\"BLOG: Jazykov\u00e9 centrum Correct\",\"description\":\"\",\"publisher\":{\"@id\":\"https:\/\/www.jc-correct.com\/blog\/#organization\"},\"potentialAction\":[{\"@type\":\"SearchAction\",\"target\":{\"@type\":\"EntryPoint\",\"urlTemplate\":\"https:\/\/www.jc-correct.com\/blog\/?s={search_term_string}\"},\"query-input\":\"required name=search_term_string\"}],\"inLanguage\":\"cs\"},{\"@type\":\"Organization\",\"@id\":\"https:\/\/www.jc-correct.com\/blog\/#organization\",\"name\":\"Jazykov\u00e9 centrum Correct, s.r.o.\",\"url\":\"https:\/\/www.jc-correct.com\/blog\/\",\"logo\":{\"@type\":\"ImageObject\",\"inLanguage\":\"cs\",\"@id\":\"https:\/\/www.jc-correct.com\/blog\/#\/schema\/logo\/image\/\",\"url\":\"https:\/\/www.jc-correct.com\/blog\/wp-content\/uploads\/2019\/09\/logo.png\",\"contentUrl\":\"https:\/\/www.jc-correct.com\/blog\/wp-content\/uploads\/2019\/09\/logo.png\",\"width\":228,\"height\":89,\"caption\":\"Jazykov\u00e9 centrum Correct, s.r.o.\"},\"image\":{\"@id\":\"https:\/\/www.jc-correct.com\/blog\/#\/schema\/logo\/image\/\"},\"sameAs\":[\"https:\/\/www.facebook.com\/correct.jazykove.centrum\/\",\"https:\/\/www.instagram.com\/wearecorrect\/\",\"https:\/\/www.linkedin.com\/company\/correct-language-centre\/\",\"https:\/\/www.youtube.com\/channel\/UCqO47fnZwWjEqjOG57A7rZA\/featured\"]},{\"@type\":\"Person\",\"@id\":\"https:\/\/www.jc-correct.com\/blog\/#\/schema\/person\/b9bf371b1acd1da12d78ae5cc8021d60\",\"name\":\"Jazykov\u00e9 centrum Correct\",\"image\":{\"@type\":\"ImageObject\",\"inLanguage\":\"cs\",\"@id\":\"https:\/\/www.jc-correct.com\/blog\/#\/schema\/person\/image\/\",\"url\":\"https:\/\/www.jc-correct.com\/blog\/wp-content\/uploads\/2019\/09\/correct_fajfka-150x150.png\",\"contentUrl\":\"https:\/\/www.jc-correct.com\/blog\/wp-content\/uploads\/2019\/09\/correct_fajfka-150x150.png\",\"caption\":\"Jazykov\u00e9 centrum Correct\"},\"description\":\"U\u010d\u00edme jazyky, p\u0159ekl\u00e1d\u00e1me, korigujeme, tlumo\u010d\u00edme, provozujeme Knihovnu cizojazy\u010dn\u00e9 literatury, vzd\u011bl\u00e1v\u00e1me, informujeme a bav\u00edme v\u00e1s...\",\"sameAs\":[\"https:\/\/www.jc-correct.com\/\",\"https:\/\/www.facebook.com\/correct.jazykove.centrum\/\",\"https:\/\/www.instagram.com\/wearecorrect\/\",\"https:\/\/cz.linkedin.com\/company\/correct-language-centre\",\"https:\/\/www.youtube.com\/channel\/UCqO47fnZwWjEqjOG57A7rZA\/featured\"],\"url\":\"https:\/\/www.jc-correct.com\/blog\/author\/correct\/\"}]}<\/script>\n<!-- \/ Yoast SEO plugin. -->","yoast_head_json":{"title":"Brno Expat Fair 2019 - veletrh pro cizince \u017eij\u00edc\u00ed v Brn\u011b - BLOG: Jazykov\u00e9 centrum Correct","robots":{"index":"index","follow":"follow","max-snippet":"max-snippet:-1","max-image-preview":"max-image-preview:large","max-video-preview":"max-video-preview:-1"},"canonical":"https:\/\/www.jc-correct.com\/blog\/brno-expat-fair-2019-veletrh-pro-cizince-zijici-brne\/","og_locale":"cs_CZ","og_type":"article","og_title":"Brno Expat Fair 2019 - veletrh pro cizince \u017eij\u00edc\u00ed v Brn\u011b - BLOG: Jazykov\u00e9 centrum Correct","og_description":"Letos 27. dubna 2019 se konal prvn\u00ed ro\u010dn\u00edk veletrhu Brno Expat Fair, kter\u00fd p\u0159ipravilo Brno Expat Centre pro cizince \u017eij\u00edc\u00ed v m\u011bst\u011b Brn\u011b a jeho okol\u00ed. Mohli se tak dozv\u011bd\u011bt o mnoha kulturn\u00edch, vzd\u011bl\u00e1vac\u00edch, volno\u010dasov\u00fdch \u010di pracovn\u00edch mo\u017enostech, kter\u00e9 se pro n\u011b v\u00a0Brn\u011b nab\u00edzej\u00ed.\u00a0","og_url":"https:\/\/www.jc-correct.com\/blog\/brno-expat-fair-2019-veletrh-pro-cizince-zijici-brne\/","og_site_name":"BLOG: Jazykov\u00e9 centrum Correct","article_publisher":"https:\/\/www.facebook.com\/correct.jazykove.centrum\/","article_author":"https:\/\/www.facebook.com\/correct.jazykove.centrum\/","article_published_time":"2019-06-09T17:13:56+00:00","article_modified_time":"2019-10-11T11:27:27+00:00","og_image":[{"width":1631,"height":994,"url":"https:\/\/www.jc-correct.com\/blog\/wp-content\/uploads\/2019\/06\/Expat-fair-Brno.jpg","type":"image\/jpeg"}],"author":"Jazykov\u00e9 centrum Correct","twitter_card":"summary_large_image","twitter_misc":{"Napsal(a)":"Jazykov\u00e9 centrum Correct","Odhadovan\u00e1 doba \u010dten\u00ed":"2 minuty"},"schema":{"@context":"https:\/\/schema.org","@graph":[{"@type":"Article","@id":"https:\/\/www.jc-correct.com\/blog\/brno-expat-fair-2019-veletrh-pro-cizince-zijici-brne\/#article","isPartOf":{"@id":"https:\/\/www.jc-correct.com\/blog\/brno-expat-fair-2019-veletrh-pro-cizince-zijici-brne\/"},"author":{"name":"Jazykov\u00e9 centrum Correct","@id":"https:\/\/www.jc-correct.com\/blog\/#\/schema\/person\/b9bf371b1acd1da12d78ae5cc8021d60"},"headline":"Brno Expat Fair 2019 &#8211; veletrh pro cizince \u017eij\u00edc\u00ed v Brn\u011b","datePublished":"2019-06-09T17:13:56+00:00","dateModified":"2019-10-11T11:27:27+00:00","mainEntityOfPage":{"@id":"https:\/\/www.jc-correct.com\/blog\/brno-expat-fair-2019-veletrh-pro-cizince-zijici-brne\/"},"wordCount":408,"publisher":{"@id":"https:\/\/www.jc-correct.com\/blog\/#organization"},"image":{"@id":"https:\/\/www.jc-correct.com\/blog\/brno-expat-fair-2019-veletrh-pro-cizince-zijici-brne\/#primaryimage"},"thumbnailUrl":"https:\/\/www.jc-correct.com\/blog\/wp-content\/uploads\/2019\/06\/Expat-fair-Brno.jpg","keywords":["Akce pro cizince","Akce pro cizince v Brn\u011b","Brno Expat Fair","\u010de\u0161tina pro cizince","cizinci v brn\u011b","co d\u011blat v Brn\u011b","kurzy \u010de\u0161tiny brno","Living in Brno","pr\u00e1ce pro cizince v brn\u011b"],"articleSection":["Informujeme","Zaj\u00edmavosti","Ze \u017eivota Correctu"],"inLanguage":"cs"},{"@type":"WebPage","@id":"https:\/\/www.jc-correct.com\/blog\/brno-expat-fair-2019-veletrh-pro-cizince-zijici-brne\/","url":"https:\/\/www.jc-correct.com\/blog\/brno-expat-fair-2019-veletrh-pro-cizince-zijici-brne\/","name":"Brno Expat Fair 2019 - veletrh pro cizince \u017eij\u00edc\u00ed v Brn\u011b - BLOG: Jazykov\u00e9 centrum Correct","isPartOf":{"@id":"https:\/\/www.jc-correct.com\/blog\/#website"},"primaryImageOfPage":{"@id":"https:\/\/www.jc-correct.com\/blog\/brno-expat-fair-2019-veletrh-pro-cizince-zijici-brne\/#primaryimage"},"image":{"@id":"https:\/\/www.jc-correct.com\/blog\/brno-expat-fair-2019-veletrh-pro-cizince-zijici-brne\/#primaryimage"},"thumbnailUrl":"https:\/\/www.jc-correct.com\/blog\/wp-content\/uploads\/2019\/06\/Expat-fair-Brno.jpg","datePublished":"2019-06-09T17:13:56+00:00","dateModified":"2019-10-11T11:27:27+00:00","breadcrumb":{"@id":"https:\/\/www.jc-correct.com\/blog\/brno-expat-fair-2019-veletrh-pro-cizince-zijici-brne\/#breadcrumb"},"inLanguage":"cs","potentialAction":[{"@type":"ReadAction","target":["https:\/\/www.jc-correct.com\/blog\/brno-expat-fair-2019-veletrh-pro-cizince-zijici-brne\/"]}]},{"@type":"ImageObject","inLanguage":"cs","@id":"https:\/\/www.jc-correct.com\/blog\/brno-expat-fair-2019-veletrh-pro-cizince-zijici-brne\/#primaryimage","url":"https:\/\/www.jc-correct.com\/blog\/wp-content\/uploads\/2019\/06\/Expat-fair-Brno.jpg","contentUrl":"https:\/\/www.jc-correct.com\/blog\/wp-content\/uploads\/2019\/06\/Expat-fair-Brno.jpg","width":1631,"height":994},{"@type":"BreadcrumbList","@id":"https:\/\/www.jc-correct.com\/blog\/brno-expat-fair-2019-veletrh-pro-cizince-zijici-brne\/#breadcrumb","itemListElement":[{"@type":"ListItem","position":1,"name":"Dom\u016f","item":"https:\/\/www.jc-correct.com\/blog\/"},{"@type":"ListItem","position":2,"name":"Brno Expat Fair 2019 &#8211; veletrh pro cizince \u017eij\u00edc\u00ed v Brn\u011b"}]},{"@type":"WebSite","@id":"https:\/\/www.jc-correct.com\/blog\/#website","url":"https:\/\/www.jc-correct.com\/blog\/","name":"BLOG: Jazykov\u00e9 centrum Correct","description":"","publisher":{"@id":"https:\/\/www.jc-correct.com\/blog\/#organization"},"potentialAction":[{"@type":"SearchAction","target":{"@type":"EntryPoint","urlTemplate":"https:\/\/www.jc-correct.com\/blog\/?s={search_term_string}"},"query-input":"required name=search_term_string"}],"inLanguage":"cs"},{"@type":"Organization","@id":"https:\/\/www.jc-correct.com\/blog\/#organization","name":"Jazykov\u00e9 centrum Correct, s.r.o.","url":"https:\/\/www.jc-correct.com\/blog\/","logo":{"@type":"ImageObject","inLanguage":"cs","@id":"https:\/\/www.jc-correct.com\/blog\/#\/schema\/logo\/image\/","url":"https:\/\/www.jc-correct.com\/blog\/wp-content\/uploads\/2019\/09\/logo.png","contentUrl":"https:\/\/www.jc-correct.com\/blog\/wp-content\/uploads\/2019\/09\/logo.png","width":228,"height":89,"caption":"Jazykov\u00e9 centrum Correct, s.r.o."},"image":{"@id":"https:\/\/www.jc-correct.com\/blog\/#\/schema\/logo\/image\/"},"sameAs":["https:\/\/www.facebook.com\/correct.jazykove.centrum\/","https:\/\/www.instagram.com\/wearecorrect\/","https:\/\/www.linkedin.com\/company\/correct-language-centre\/","https:\/\/www.youtube.com\/channel\/UCqO47fnZwWjEqjOG57A7rZA\/featured"]},{"@type":"Person","@id":"https:\/\/www.jc-correct.com\/blog\/#\/schema\/person\/b9bf371b1acd1da12d78ae5cc8021d60","name":"Jazykov\u00e9 centrum Correct","image":{"@type":"ImageObject","inLanguage":"cs","@id":"https:\/\/www.jc-correct.com\/blog\/#\/schema\/person\/image\/","url":"https:\/\/www.jc-correct.com\/blog\/wp-content\/uploads\/2019\/09\/correct_fajfka-150x150.png","contentUrl":"https:\/\/www.jc-correct.com\/blog\/wp-content\/uploads\/2019\/09\/correct_fajfka-150x150.png","caption":"Jazykov\u00e9 centrum Correct"},"description":"U\u010d\u00edme jazyky, p\u0159ekl\u00e1d\u00e1me, korigujeme, tlumo\u010d\u00edme, provozujeme Knihovnu cizojazy\u010dn\u00e9 literatury, vzd\u011bl\u00e1v\u00e1me, informujeme a bav\u00edme v\u00e1s...","sameAs":["https:\/\/www.jc-correct.com\/","https:\/\/www.facebook.com\/correct.jazykove.centrum\/","https:\/\/www.instagram.com\/wearecorrect\/","https:\/\/cz.linkedin.com\/company\/correct-language-centre","https:\/\/www.youtube.com\/channel\/UCqO47fnZwWjEqjOG57A7rZA\/featured"],"url":"https:\/\/www.jc-correct.com\/blog\/author\/correct\/"}]}},"_links":{"self":[{"href":"https:\/\/www.jc-correct.com\/blog\/wp-json\/wp\/v2\/posts\/787","targetHints":{"allow":["GET"]}}],"collection":[{"href":"https:\/\/www.jc-correct.com\/blog\/wp-json\/wp\/v2\/posts"}],"about":[{"href":"https:\/\/www.jc-correct.com\/blog\/wp-json\/wp\/v2\/types\/post"}],"author":[{"embeddable":true,"href":"https:\/\/www.jc-correct.com\/blog\/wp-json\/wp\/v2\/users\/5"}],"replies":[{"embeddable":true,"href":"https:\/\/www.jc-correct.com\/blog\/wp-json\/wp\/v2\/comments?post=787"}],"version-history":[{"count":23,"href":"https:\/\/www.jc-correct.com\/blog\/wp-json\/wp\/v2\/posts\/787\/revisions"}],"predecessor-version":[{"id":1133,"href":"https:\/\/www.jc-correct.com\/blog\/wp-json\/wp\/v2\/posts\/787\/revisions\/1133"}],"wp:featuredmedia":[{"embeddable":true,"href":"https:\/\/www.jc-correct.com\/blog\/wp-json\/wp\/v2\/media\/1118"}],"wp:attachment":[{"href":"https:\/\/www.jc-correct.com\/blog\/wp-json\/wp\/v2\/media?parent=787"}],"wp:term":[{"taxonomy":"category","embeddable":true,"href":"https:\/\/www.jc-correct.com\/blog\/wp-json\/wp\/v2\/categories?post=787"},{"taxonomy":"post_tag","embeddable":true,"href":"https:\/\/www.jc-correct.com\/blog\/wp-json\/wp\/v2\/tags?post=787"}],"curies":[{"name":"wp","href":"https:\/\/api.w.org\/{rel}","templated":true}]}}