{"id":3679,"date":"2023-01-19T12:22:09","date_gmt":"2023-01-19T11:22:09","guid":{"rendered":"https:\/\/www.jc-correct.com\/blog\/?p=3679"},"modified":"2023-01-19T12:22:10","modified_gmt":"2023-01-19T11:22:10","slug":"mezinarodni-den-popcornu","status":"publish","type":"post","link":"https:\/\/www.jc-correct.com\/blog\/mezinarodni-den-popcornu\/","title":{"rendered":"Mezin\u00e1rodn\u00ed den popcornu"},"content":{"rendered":"\n<p class=\"has-text-align-left\">Tak\u00e9 si n\u011bkdy p\u0159ipad\u00e1te, \u017ee se s&nbsp;mezin\u00e1rodn\u00edmi dny roztrhl pytel? Nen\u00ed \u00fapln\u011b obvykl\u00e9, \u017ee by si v&nbsp;mezin\u00e1rodn\u00edch dnech obh\u00e1jil sv\u00e9 m\u00edsto i pokrm. Inu&#8230; stalo se a nen\u00ed divu, \u017ee se j\u00edm stal pr\u00e1v\u011b popcorn. A tomu je zasv\u011bcen devaten\u00e1ct\u00fd leden.<\/p>\n\n\n\n<div class=\"wp-block-image\"><figure class=\"aligncenter size-large is-resized\"><a href=\"https:\/\/www.jc-correct.com\/blog\/wp-content\/uploads\/2023\/01\/yulia-khlebnikova-iuwMdNq0-s4-unsplash-scaled.jpg\"><img loading=\"lazy\" decoding=\"async\" src=\"https:\/\/www.jc-correct.com\/blog\/wp-content\/uploads\/2023\/01\/yulia-khlebnikova-iuwMdNq0-s4-unsplash-683x1024.jpg\" alt=\"\" class=\"wp-image-3681 lazyload\" width=\"342\" height=\"512\" data-srcset=\"https:\/\/www.jc-correct.com\/blog\/wp-content\/uploads\/2023\/01\/yulia-khlebnikova-iuwMdNq0-s4-unsplash-683x1024.jpg 683w, https:\/\/www.jc-correct.com\/blog\/wp-content\/uploads\/2023\/01\/yulia-khlebnikova-iuwMdNq0-s4-unsplash-200x300.jpg 200w, https:\/\/www.jc-correct.com\/blog\/wp-content\/uploads\/2023\/01\/yulia-khlebnikova-iuwMdNq0-s4-unsplash-768x1152.jpg 768w, https:\/\/www.jc-correct.com\/blog\/wp-content\/uploads\/2023\/01\/yulia-khlebnikova-iuwMdNq0-s4-unsplash-1024x1536.jpg 1024w, https:\/\/www.jc-correct.com\/blog\/wp-content\/uploads\/2023\/01\/yulia-khlebnikova-iuwMdNq0-s4-unsplash-1366x2048.jpg 1366w, https:\/\/www.jc-correct.com\/blog\/wp-content\/uploads\/2023\/01\/yulia-khlebnikova-iuwMdNq0-s4-unsplash-scaled.jpg 1707w\" sizes=\"auto\" \/><\/a><\/figure><\/div>\n\n\n\n<p class=\"has-text-align-left\">Ale zp\u011bt k&nbsp;popcornu \u2013 nejedn\u00e1 se o \u017e\u00e1dnou novinku a rozmlsanost 20. a 21. stolet\u00ed. Nejstar\u0161\u00ed popcorn byl objeven v&nbsp;Nov\u00e9m Mexiku v&nbsp;Netop\u00fd\u0159\u00ed jeskyni. St\u00e1\u0159\u00ed tohoto popcornu je zhruba 5000 let.<br>Obl\u00edbenost popcornu ale za\u017eila boom a\u017e o n\u011bkolik tis\u00edc let pozd\u011bji, konkr\u00e9tn\u011b v&nbsp;roce 1885 a op\u011bt v&nbsp;Americe. V&nbsp;tom roce toti\u017e Charles Cretors p\u0159edstavil sv\u016fj stroj na v\u00fdrobu popcornu (kter\u00fdm nen\u00ed nic jin\u00e9ho ne\u017e popcornova\u010d).<\/p>\n\n\n\n<div class=\"wp-block-image\"><figure class=\"aligncenter size-large is-resized\"><a href=\"https:\/\/www.jc-correct.com\/blog\/wp-content\/uploads\/2023\/01\/meg-boulden-A0FgI6AFjng-unsplash-1-scaled.jpg\"><img loading=\"lazy\" decoding=\"async\" src=\"https:\/\/www.jc-correct.com\/blog\/wp-content\/uploads\/2023\/01\/meg-boulden-A0FgI6AFjng-unsplash-1-1024x678.jpg\" alt=\"\" class=\"wp-image-3685 lazyload\" width=\"512\" height=\"339\" data-srcset=\"https:\/\/www.jc-correct.com\/blog\/wp-content\/uploads\/2023\/01\/meg-boulden-A0FgI6AFjng-unsplash-1-1024x678.jpg 1024w, https:\/\/www.jc-correct.com\/blog\/wp-content\/uploads\/2023\/01\/meg-boulden-A0FgI6AFjng-unsplash-1-300x199.jpg 300w, https:\/\/www.jc-correct.com\/blog\/wp-content\/uploads\/2023\/01\/meg-boulden-A0FgI6AFjng-unsplash-1-768x509.jpg 768w, https:\/\/www.jc-correct.com\/blog\/wp-content\/uploads\/2023\/01\/meg-boulden-A0FgI6AFjng-unsplash-1-1536x1017.jpg 1536w, https:\/\/www.jc-correct.com\/blog\/wp-content\/uploads\/2023\/01\/meg-boulden-A0FgI6AFjng-unsplash-1-2048x1356.jpg 2048w\" sizes=\"auto\" \/><\/a><\/figure><\/div>\n\n\n\n<p>Samotn\u00e1 v\u00fdroba popcornu je jednoduch\u00e1 a finan\u010dn\u011b vych\u00e1z\u00ed tak\u00e9 velice dob\u0159e. Co\u017e zp\u016fsobilo dal\u0161\u00ed vlnu jeho obl\u00edbenosti v&nbsp;obdob\u00ed Velk\u00e9 hospod\u00e1\u0159sk\u00e9 krize v&nbsp;Americe, kdy popcorn byl popul\u00e1rn\u00ed sva\u010dinou.<br>V&nbsp;hor\u0161\u00edch \u010dasech se za\u010dal pou\u017e\u00edvat i jako v\u00e1no\u010dn\u00ed dekorace, kdy se z&nbsp;n\u011bj d\u011blal ozdobn\u00fd \u0159et\u011bz. V\u0161imli jste si n\u011bkdy v&nbsp;americk\u00fdch filmech, \u017ee lid\u00e9 maj\u00ed jako tradici navl\u00e9k\u00e1n\u00ed popcornu na ni\u0165 a vytv\u00e1\u0159en\u00ed \u0159et\u011bzu?<\/p>\n\n\n\n<div class=\"wp-block-image\"><figure class=\"aligncenter size-large is-resized\"><a href=\"https:\/\/www.jc-correct.com\/blog\/wp-content\/uploads\/2023\/01\/Snimek-obrazovky-2023-01-19-v-11.07.10.png\"><img loading=\"lazy\" decoding=\"async\" src=\"https:\/\/www.jc-correct.com\/blog\/wp-content\/uploads\/2023\/01\/Snimek-obrazovky-2023-01-19-v-11.07.10-1024x858.png\" alt=\"\" class=\"wp-image-3682 lazyload\" width=\"512\" height=\"429\" data-srcset=\"https:\/\/www.jc-correct.com\/blog\/wp-content\/uploads\/2023\/01\/Snimek-obrazovky-2023-01-19-v-11.07.10-1024x858.png 1024w, https:\/\/www.jc-correct.com\/blog\/wp-content\/uploads\/2023\/01\/Snimek-obrazovky-2023-01-19-v-11.07.10-300x251.png 300w, https:\/\/www.jc-correct.com\/blog\/wp-content\/uploads\/2023\/01\/Snimek-obrazovky-2023-01-19-v-11.07.10-768x644.png 768w, https:\/\/www.jc-correct.com\/blog\/wp-content\/uploads\/2023\/01\/Snimek-obrazovky-2023-01-19-v-11.07.10-1536x1287.png 1536w, https:\/\/www.jc-correct.com\/blog\/wp-content\/uploads\/2023\/01\/Snimek-obrazovky-2023-01-19-v-11.07.10.png 1580w\" sizes=\"auto\" \/><\/a><\/figure><\/div>\n\n\n\n<p>Na z\u00e1v\u011br nesm\u00ed chyb\u011bt ani vzd\u011bl\u00e1vac\u00ed ok\u00e9nko &#8211; v\u011bd\u011bli jste, \u017ee existuj\u00ed dva druhy popcornu? Poj\u010fme si je p\u0159edstavit.<br>V \u017eargonu znamen\u00e1 popcorn \u201evyst\u0159elen\u00e9 j\u00e1dro kuku\u0159ice\u201c, kter\u00e9mu se tak\u00e9 \u0159\u00edk\u00e1 vlo\u010dka. U popcornu rozli\u0161ujeme dva druhy vlo\u010dek. Prvn\u00edm druhem je mot\u00fdli vlo\u010dka s nepravideln\u00fdm tvarem a \u0159adou vy\u010dn\u00edvaj\u00edc\u00edch \u201ek\u0159id\u00e9lek\u201c. Mot\u00fdl\u00ed vlo\u010dka je pova\u017eov\u00e1na ve\u0159ejnost\u00ed za lep\u0161\u00ed \u2013 asi za to m\u016f\u017ee jej\u00ed konzistence a to, \u017ee se rozpl\u00fdv\u00e1 na jazyku. Vedle toho existuje je\u0161t\u011b druh\u00fd typ popcornu, kter\u00fd m\u00e1 konzistenci houbovit\u00e9 vlo\u010dky. M\u00e1 kulat\u00fd tvar a jej\u00ed prim\u00e1rn\u00ed vyu\u017eit\u00ed je pro balen\u00fd popcorn, p\u0159\u00edpadn\u011b k&nbsp;v\u00fdrob\u011b cukrovinek.<\/p>\n\n\n\n<p><\/p>\n\n\n\n<p>Asi nen\u00ed \u010dlov\u011bka, kter\u00fd by si n\u00e1v\u0161t\u011bvu kina (by\u0165 jen podv\u011bdom\u011b) nespojoval s&nbsp;popcornem. Nebo vy n\u011bkoho takov\u00e9ho zn\u00e1te?<\/p>\n","protected":false},"excerpt":{"rendered":"<p>Tak\u00e9 si n\u011bkdy p\u0159ipad\u00e1te, \u017ee se s&nbsp;mezin\u00e1rodn\u00edmi dny roztrhl pytel? Nen\u00ed \u00fapln\u011b obvykl\u00e9, \u017ee by si v&nbsp;mezin\u00e1rodn\u00edch dnech obh\u00e1jil sv\u00e9 m\u00edsto i pokrm. Inu&#8230; stalo se a nen\u00ed divu, \u017ee se j\u00edm stal pr\u00e1v\u011b popcorn. A tomu je zasv\u011bcen devaten\u00e1ct\u00fd leden. Ale zp\u011bt k&nbsp;popcornu \u2013 nejedn\u00e1 se o \u017e\u00e1dnou novinku a rozmlsanost 20. a 21. stolet\u00ed. Nejstar\u0161\u00ed popcorn byl objeven v&nbsp;Nov\u00e9m Mexiku v&nbsp;Netop\u00fd\u0159\u00ed jeskyni. St\u00e1\u0159\u00ed tohoto popcornu je zhruba 5000 let.Obl\u00edbenost popcornu ale za\u017eila boom a\u017e o n\u011bkolik tis\u00edc let pozd\u011bji, konkr\u00e9tn\u011b v&nbsp;roce 1885 a op\u011bt v&nbsp;Americe. V&nbsp;tom roce toti\u017e Charles Cretors p\u0159edstavil sv\u016fj stroj na v\u00fdrobu popcornu (kter\u00fdm nen\u00ed&#8230;<\/p>\n","protected":false},"author":8,"featured_media":3680,"comment_status":"closed","ping_status":"open","sticky":false,"template":"","format":"standard","meta":{"_acf_changed":false,"footnotes":""},"categories":[249],"tags":[1031,1030,1029,1033,1032],"class_list":["post-3679","post","type-post","status-publish","format-standard","has-post-thumbnail","hentry","category-informujeme","tag-19-leden","tag-mezinarodni-den","tag-popcorn","tag-popcornovac","tag-svatek-popcornu"],"acf":[],"yoast_head":"<!-- This site is optimized with the Yoast SEO plugin v22.3 - https:\/\/yoast.com\/wordpress\/plugins\/seo\/ -->\n<title>Mezin\u00e1rodn\u00ed den popcornu - BLOG: Jazykov\u00e9 centrum Correct<\/title>\n<meta name=\"robots\" content=\"index, follow, max-snippet:-1, max-image-preview:large, max-video-preview:-1\" \/>\n<link rel=\"canonical\" href=\"https:\/\/www.jc-correct.com\/blog\/mezinarodni-den-popcornu\/\" \/>\n<meta property=\"og:locale\" content=\"cs_CZ\" \/>\n<meta property=\"og:type\" content=\"article\" \/>\n<meta property=\"og:title\" content=\"Mezin\u00e1rodn\u00ed den popcornu - BLOG: Jazykov\u00e9 centrum Correct\" \/>\n<meta property=\"og:description\" content=\"Tak\u00e9 si n\u011bkdy p\u0159ipad\u00e1te, \u017ee se s&nbsp;mezin\u00e1rodn\u00edmi dny roztrhl pytel? Nen\u00ed \u00fapln\u011b obvykl\u00e9, \u017ee by si v&nbsp;mezin\u00e1rodn\u00edch dnech obh\u00e1jil sv\u00e9 m\u00edsto i pokrm. Inu&#8230; stalo se a nen\u00ed divu, \u017ee se j\u00edm stal pr\u00e1v\u011b popcorn. A tomu je zasv\u011bcen devaten\u00e1ct\u00fd leden. Ale zp\u011bt k&nbsp;popcornu \u2013 nejedn\u00e1 se o \u017e\u00e1dnou novinku a rozmlsanost 20. a 21. stolet\u00ed. Nejstar\u0161\u00ed popcorn byl objeven v&nbsp;Nov\u00e9m Mexiku v&nbsp;Netop\u00fd\u0159\u00ed jeskyni. St\u00e1\u0159\u00ed tohoto popcornu je zhruba 5000 let.Obl\u00edbenost popcornu ale za\u017eila boom a\u017e o n\u011bkolik tis\u00edc let pozd\u011bji, konkr\u00e9tn\u011b v&nbsp;roce 1885 a op\u011bt v&nbsp;Americe. V&nbsp;tom roce toti\u017e Charles Cretors p\u0159edstavil sv\u016fj stroj na v\u00fdrobu popcornu (kter\u00fdm nen\u00ed...\" \/>\n<meta property=\"og:url\" content=\"https:\/\/www.jc-correct.com\/blog\/mezinarodni-den-popcornu\/\" \/>\n<meta property=\"og:site_name\" content=\"BLOG: Jazykov\u00e9 centrum Correct\" \/>\n<meta property=\"article:publisher\" content=\"https:\/\/www.facebook.com\/correct.jazykove.centrum\/\" \/>\n<meta property=\"article:published_time\" content=\"2023-01-19T11:22:09+00:00\" \/>\n<meta property=\"article:modified_time\" content=\"2023-01-19T11:22:10+00:00\" \/>\n<meta property=\"og:image\" content=\"https:\/\/www.jc-correct.com\/blog\/wp-content\/uploads\/2023\/01\/corina-rainer-9FDI-_E29fk-unsplash-scaled.jpg\" \/>\n\t<meta property=\"og:image:width\" content=\"2560\" \/>\n\t<meta property=\"og:image:height\" content=\"1707\" \/>\n\t<meta property=\"og:image:type\" content=\"image\/jpeg\" \/>\n<meta name=\"author\" content=\"Tereza M\u00e1ckov\u00e1\" \/>\n<meta name=\"twitter:card\" content=\"summary_large_image\" \/>\n<meta name=\"twitter:label1\" content=\"Napsal(a)\" \/>\n\t<meta name=\"twitter:data1\" content=\"Tereza M\u00e1ckov\u00e1\" \/>\n\t<meta name=\"twitter:label2\" content=\"Odhadovan\u00e1 doba \u010dten\u00ed\" \/>\n\t<meta name=\"twitter:data2\" content=\"3 minuty\" \/>\n<script type=\"application\/ld+json\" class=\"yoast-schema-graph\">{\"@context\":\"https:\/\/schema.org\",\"@graph\":[{\"@type\":\"Article\",\"@id\":\"https:\/\/www.jc-correct.com\/blog\/mezinarodni-den-popcornu\/#article\",\"isPartOf\":{\"@id\":\"https:\/\/www.jc-correct.com\/blog\/mezinarodni-den-popcornu\/\"},\"author\":{\"name\":\"Tereza M\u00e1ckov\u00e1\",\"@id\":\"https:\/\/www.jc-correct.com\/blog\/#\/schema\/person\/6dbdfa6d690eae0fcb1e992144ea4429\"},\"headline\":\"Mezin\u00e1rodn\u00ed den popcornu\",\"datePublished\":\"2023-01-19T11:22:09+00:00\",\"dateModified\":\"2023-01-19T11:22:10+00:00\",\"mainEntityOfPage\":{\"@id\":\"https:\/\/www.jc-correct.com\/blog\/mezinarodni-den-popcornu\/\"},\"wordCount\":406,\"publisher\":{\"@id\":\"https:\/\/www.jc-correct.com\/blog\/#organization\"},\"image\":{\"@id\":\"https:\/\/www.jc-correct.com\/blog\/mezinarodni-den-popcornu\/#primaryimage\"},\"thumbnailUrl\":\"https:\/\/www.jc-correct.com\/blog\/wp-content\/uploads\/2023\/01\/corina-rainer-9FDI-_E29fk-unsplash-scaled.jpg\",\"keywords\":[\"19. leden\",\"mezin\u00e1rodn\u00ed den\",\"popcorn\",\"popcornova\u010d\",\"sv\u00e1tek popcornu\"],\"articleSection\":[\"Informujeme\"],\"inLanguage\":\"cs\"},{\"@type\":\"WebPage\",\"@id\":\"https:\/\/www.jc-correct.com\/blog\/mezinarodni-den-popcornu\/\",\"url\":\"https:\/\/www.jc-correct.com\/blog\/mezinarodni-den-popcornu\/\",\"name\":\"Mezin\u00e1rodn\u00ed den popcornu - BLOG: Jazykov\u00e9 centrum Correct\",\"isPartOf\":{\"@id\":\"https:\/\/www.jc-correct.com\/blog\/#website\"},\"primaryImageOfPage\":{\"@id\":\"https:\/\/www.jc-correct.com\/blog\/mezinarodni-den-popcornu\/#primaryimage\"},\"image\":{\"@id\":\"https:\/\/www.jc-correct.com\/blog\/mezinarodni-den-popcornu\/#primaryimage\"},\"thumbnailUrl\":\"https:\/\/www.jc-correct.com\/blog\/wp-content\/uploads\/2023\/01\/corina-rainer-9FDI-_E29fk-unsplash-scaled.jpg\",\"datePublished\":\"2023-01-19T11:22:09+00:00\",\"dateModified\":\"2023-01-19T11:22:10+00:00\",\"breadcrumb\":{\"@id\":\"https:\/\/www.jc-correct.com\/blog\/mezinarodni-den-popcornu\/#breadcrumb\"},\"inLanguage\":\"cs\",\"potentialAction\":[{\"@type\":\"ReadAction\",\"target\":[\"https:\/\/www.jc-correct.com\/blog\/mezinarodni-den-popcornu\/\"]}]},{\"@type\":\"ImageObject\",\"inLanguage\":\"cs\",\"@id\":\"https:\/\/www.jc-correct.com\/blog\/mezinarodni-den-popcornu\/#primaryimage\",\"url\":\"https:\/\/www.jc-correct.com\/blog\/wp-content\/uploads\/2023\/01\/corina-rainer-9FDI-_E29fk-unsplash-scaled.jpg\",\"contentUrl\":\"https:\/\/www.jc-correct.com\/blog\/wp-content\/uploads\/2023\/01\/corina-rainer-9FDI-_E29fk-unsplash-scaled.jpg\",\"width\":2560,\"height\":1707},{\"@type\":\"BreadcrumbList\",\"@id\":\"https:\/\/www.jc-correct.com\/blog\/mezinarodni-den-popcornu\/#breadcrumb\",\"itemListElement\":[{\"@type\":\"ListItem\",\"position\":1,\"name\":\"Dom\u016f\",\"item\":\"https:\/\/www.jc-correct.com\/blog\/\"},{\"@type\":\"ListItem\",\"position\":2,\"name\":\"Mezin\u00e1rodn\u00ed den popcornu\"}]},{\"@type\":\"WebSite\",\"@id\":\"https:\/\/www.jc-correct.com\/blog\/#website\",\"url\":\"https:\/\/www.jc-correct.com\/blog\/\",\"name\":\"BLOG: Jazykov\u00e9 centrum Correct\",\"description\":\"\",\"publisher\":{\"@id\":\"https:\/\/www.jc-correct.com\/blog\/#organization\"},\"potentialAction\":[{\"@type\":\"SearchAction\",\"target\":{\"@type\":\"EntryPoint\",\"urlTemplate\":\"https:\/\/www.jc-correct.com\/blog\/?s={search_term_string}\"},\"query-input\":\"required name=search_term_string\"}],\"inLanguage\":\"cs\"},{\"@type\":\"Organization\",\"@id\":\"https:\/\/www.jc-correct.com\/blog\/#organization\",\"name\":\"Jazykov\u00e9 centrum Correct, s.r.o.\",\"url\":\"https:\/\/www.jc-correct.com\/blog\/\",\"logo\":{\"@type\":\"ImageObject\",\"inLanguage\":\"cs\",\"@id\":\"https:\/\/www.jc-correct.com\/blog\/#\/schema\/logo\/image\/\",\"url\":\"https:\/\/www.jc-correct.com\/blog\/wp-content\/uploads\/2019\/09\/logo.png\",\"contentUrl\":\"https:\/\/www.jc-correct.com\/blog\/wp-content\/uploads\/2019\/09\/logo.png\",\"width\":228,\"height\":89,\"caption\":\"Jazykov\u00e9 centrum Correct, s.r.o.\"},\"image\":{\"@id\":\"https:\/\/www.jc-correct.com\/blog\/#\/schema\/logo\/image\/\"},\"sameAs\":[\"https:\/\/www.facebook.com\/correct.jazykove.centrum\/\",\"https:\/\/www.instagram.com\/wearecorrect\/\",\"https:\/\/www.linkedin.com\/company\/correct-language-centre\/\",\"https:\/\/www.youtube.com\/channel\/UCqO47fnZwWjEqjOG57A7rZA\/featured\"]},{\"@type\":\"Person\",\"@id\":\"https:\/\/www.jc-correct.com\/blog\/#\/schema\/person\/6dbdfa6d690eae0fcb1e992144ea4429\",\"name\":\"Tereza M\u00e1ckov\u00e1\",\"image\":{\"@type\":\"ImageObject\",\"inLanguage\":\"cs\",\"@id\":\"https:\/\/www.jc-correct.com\/blog\/#\/schema\/person\/image\/\",\"url\":\"https:\/\/www.jc-correct.com\/blog\/wp-content\/uploads\/2019\/09\/correct_fajfka-150x150.png\",\"contentUrl\":\"https:\/\/www.jc-correct.com\/blog\/wp-content\/uploads\/2019\/09\/correct_fajfka-150x150.png\",\"caption\":\"Tereza M\u00e1ckov\u00e1\"},\"url\":\"https:\/\/www.jc-correct.com\/blog\/author\/alice\/\"}]}<\/script>\n<!-- \/ Yoast SEO plugin. -->","yoast_head_json":{"title":"Mezin\u00e1rodn\u00ed den popcornu - BLOG: Jazykov\u00e9 centrum Correct","robots":{"index":"index","follow":"follow","max-snippet":"max-snippet:-1","max-image-preview":"max-image-preview:large","max-video-preview":"max-video-preview:-1"},"canonical":"https:\/\/www.jc-correct.com\/blog\/mezinarodni-den-popcornu\/","og_locale":"cs_CZ","og_type":"article","og_title":"Mezin\u00e1rodn\u00ed den popcornu - BLOG: Jazykov\u00e9 centrum Correct","og_description":"Tak\u00e9 si n\u011bkdy p\u0159ipad\u00e1te, \u017ee se s&nbsp;mezin\u00e1rodn\u00edmi dny roztrhl pytel? Nen\u00ed \u00fapln\u011b obvykl\u00e9, \u017ee by si v&nbsp;mezin\u00e1rodn\u00edch dnech obh\u00e1jil sv\u00e9 m\u00edsto i pokrm. Inu&#8230; stalo se a nen\u00ed divu, \u017ee se j\u00edm stal pr\u00e1v\u011b popcorn. A tomu je zasv\u011bcen devaten\u00e1ct\u00fd leden. Ale zp\u011bt k&nbsp;popcornu \u2013 nejedn\u00e1 se o \u017e\u00e1dnou novinku a rozmlsanost 20. a 21. stolet\u00ed. Nejstar\u0161\u00ed popcorn byl objeven v&nbsp;Nov\u00e9m Mexiku v&nbsp;Netop\u00fd\u0159\u00ed jeskyni. St\u00e1\u0159\u00ed tohoto popcornu je zhruba 5000 let.Obl\u00edbenost popcornu ale za\u017eila boom a\u017e o n\u011bkolik tis\u00edc let pozd\u011bji, konkr\u00e9tn\u011b v&nbsp;roce 1885 a op\u011bt v&nbsp;Americe. V&nbsp;tom roce toti\u017e Charles Cretors p\u0159edstavil sv\u016fj stroj na v\u00fdrobu popcornu (kter\u00fdm nen\u00ed...","og_url":"https:\/\/www.jc-correct.com\/blog\/mezinarodni-den-popcornu\/","og_site_name":"BLOG: Jazykov\u00e9 centrum Correct","article_publisher":"https:\/\/www.facebook.com\/correct.jazykove.centrum\/","article_published_time":"2023-01-19T11:22:09+00:00","article_modified_time":"2023-01-19T11:22:10+00:00","og_image":[{"width":2560,"height":1707,"url":"https:\/\/www.jc-correct.com\/blog\/wp-content\/uploads\/2023\/01\/corina-rainer-9FDI-_E29fk-unsplash-scaled.jpg","type":"image\/jpeg"}],"author":"Tereza M\u00e1ckov\u00e1","twitter_card":"summary_large_image","twitter_misc":{"Napsal(a)":"Tereza M\u00e1ckov\u00e1","Odhadovan\u00e1 doba \u010dten\u00ed":"3 minuty"},"schema":{"@context":"https:\/\/schema.org","@graph":[{"@type":"Article","@id":"https:\/\/www.jc-correct.com\/blog\/mezinarodni-den-popcornu\/#article","isPartOf":{"@id":"https:\/\/www.jc-correct.com\/blog\/mezinarodni-den-popcornu\/"},"author":{"name":"Tereza M\u00e1ckov\u00e1","@id":"https:\/\/www.jc-correct.com\/blog\/#\/schema\/person\/6dbdfa6d690eae0fcb1e992144ea4429"},"headline":"Mezin\u00e1rodn\u00ed den popcornu","datePublished":"2023-01-19T11:22:09+00:00","dateModified":"2023-01-19T11:22:10+00:00","mainEntityOfPage":{"@id":"https:\/\/www.jc-correct.com\/blog\/mezinarodni-den-popcornu\/"},"wordCount":406,"publisher":{"@id":"https:\/\/www.jc-correct.com\/blog\/#organization"},"image":{"@id":"https:\/\/www.jc-correct.com\/blog\/mezinarodni-den-popcornu\/#primaryimage"},"thumbnailUrl":"https:\/\/www.jc-correct.com\/blog\/wp-content\/uploads\/2023\/01\/corina-rainer-9FDI-_E29fk-unsplash-scaled.jpg","keywords":["19. leden","mezin\u00e1rodn\u00ed den","popcorn","popcornova\u010d","sv\u00e1tek popcornu"],"articleSection":["Informujeme"],"inLanguage":"cs"},{"@type":"WebPage","@id":"https:\/\/www.jc-correct.com\/blog\/mezinarodni-den-popcornu\/","url":"https:\/\/www.jc-correct.com\/blog\/mezinarodni-den-popcornu\/","name":"Mezin\u00e1rodn\u00ed den popcornu - BLOG: Jazykov\u00e9 centrum Correct","isPartOf":{"@id":"https:\/\/www.jc-correct.com\/blog\/#website"},"primaryImageOfPage":{"@id":"https:\/\/www.jc-correct.com\/blog\/mezinarodni-den-popcornu\/#primaryimage"},"image":{"@id":"https:\/\/www.jc-correct.com\/blog\/mezinarodni-den-popcornu\/#primaryimage"},"thumbnailUrl":"https:\/\/www.jc-correct.com\/blog\/wp-content\/uploads\/2023\/01\/corina-rainer-9FDI-_E29fk-unsplash-scaled.jpg","datePublished":"2023-01-19T11:22:09+00:00","dateModified":"2023-01-19T11:22:10+00:00","breadcrumb":{"@id":"https:\/\/www.jc-correct.com\/blog\/mezinarodni-den-popcornu\/#breadcrumb"},"inLanguage":"cs","potentialAction":[{"@type":"ReadAction","target":["https:\/\/www.jc-correct.com\/blog\/mezinarodni-den-popcornu\/"]}]},{"@type":"ImageObject","inLanguage":"cs","@id":"https:\/\/www.jc-correct.com\/blog\/mezinarodni-den-popcornu\/#primaryimage","url":"https:\/\/www.jc-correct.com\/blog\/wp-content\/uploads\/2023\/01\/corina-rainer-9FDI-_E29fk-unsplash-scaled.jpg","contentUrl":"https:\/\/www.jc-correct.com\/blog\/wp-content\/uploads\/2023\/01\/corina-rainer-9FDI-_E29fk-unsplash-scaled.jpg","width":2560,"height":1707},{"@type":"BreadcrumbList","@id":"https:\/\/www.jc-correct.com\/blog\/mezinarodni-den-popcornu\/#breadcrumb","itemListElement":[{"@type":"ListItem","position":1,"name":"Dom\u016f","item":"https:\/\/www.jc-correct.com\/blog\/"},{"@type":"ListItem","position":2,"name":"Mezin\u00e1rodn\u00ed den popcornu"}]},{"@type":"WebSite","@id":"https:\/\/www.jc-correct.com\/blog\/#website","url":"https:\/\/www.jc-correct.com\/blog\/","name":"BLOG: Jazykov\u00e9 centrum Correct","description":"","publisher":{"@id":"https:\/\/www.jc-correct.com\/blog\/#organization"},"potentialAction":[{"@type":"SearchAction","target":{"@type":"EntryPoint","urlTemplate":"https:\/\/www.jc-correct.com\/blog\/?s={search_term_string}"},"query-input":"required name=search_term_string"}],"inLanguage":"cs"},{"@type":"Organization","@id":"https:\/\/www.jc-correct.com\/blog\/#organization","name":"Jazykov\u00e9 centrum Correct, s.r.o.","url":"https:\/\/www.jc-correct.com\/blog\/","logo":{"@type":"ImageObject","inLanguage":"cs","@id":"https:\/\/www.jc-correct.com\/blog\/#\/schema\/logo\/image\/","url":"https:\/\/www.jc-correct.com\/blog\/wp-content\/uploads\/2019\/09\/logo.png","contentUrl":"https:\/\/www.jc-correct.com\/blog\/wp-content\/uploads\/2019\/09\/logo.png","width":228,"height":89,"caption":"Jazykov\u00e9 centrum Correct, s.r.o."},"image":{"@id":"https:\/\/www.jc-correct.com\/blog\/#\/schema\/logo\/image\/"},"sameAs":["https:\/\/www.facebook.com\/correct.jazykove.centrum\/","https:\/\/www.instagram.com\/wearecorrect\/","https:\/\/www.linkedin.com\/company\/correct-language-centre\/","https:\/\/www.youtube.com\/channel\/UCqO47fnZwWjEqjOG57A7rZA\/featured"]},{"@type":"Person","@id":"https:\/\/www.jc-correct.com\/blog\/#\/schema\/person\/6dbdfa6d690eae0fcb1e992144ea4429","name":"Tereza M\u00e1ckov\u00e1","image":{"@type":"ImageObject","inLanguage":"cs","@id":"https:\/\/www.jc-correct.com\/blog\/#\/schema\/person\/image\/","url":"https:\/\/www.jc-correct.com\/blog\/wp-content\/uploads\/2019\/09\/correct_fajfka-150x150.png","contentUrl":"https:\/\/www.jc-correct.com\/blog\/wp-content\/uploads\/2019\/09\/correct_fajfka-150x150.png","caption":"Tereza M\u00e1ckov\u00e1"},"url":"https:\/\/www.jc-correct.com\/blog\/author\/alice\/"}]}},"_links":{"self":[{"href":"https:\/\/www.jc-correct.com\/blog\/wp-json\/wp\/v2\/posts\/3679","targetHints":{"allow":["GET"]}}],"collection":[{"href":"https:\/\/www.jc-correct.com\/blog\/wp-json\/wp\/v2\/posts"}],"about":[{"href":"https:\/\/www.jc-correct.com\/blog\/wp-json\/wp\/v2\/types\/post"}],"author":[{"embeddable":true,"href":"https:\/\/www.jc-correct.com\/blog\/wp-json\/wp\/v2\/users\/8"}],"replies":[{"embeddable":true,"href":"https:\/\/www.jc-correct.com\/blog\/wp-json\/wp\/v2\/comments?post=3679"}],"version-history":[{"count":4,"href":"https:\/\/www.jc-correct.com\/blog\/wp-json\/wp\/v2\/posts\/3679\/revisions"}],"predecessor-version":[{"id":3689,"href":"https:\/\/www.jc-correct.com\/blog\/wp-json\/wp\/v2\/posts\/3679\/revisions\/3689"}],"wp:featuredmedia":[{"embeddable":true,"href":"https:\/\/www.jc-correct.com\/blog\/wp-json\/wp\/v2\/media\/3680"}],"wp:attachment":[{"href":"https:\/\/www.jc-correct.com\/blog\/wp-json\/wp\/v2\/media?parent=3679"}],"wp:term":[{"taxonomy":"category","embeddable":true,"href":"https:\/\/www.jc-correct.com\/blog\/wp-json\/wp\/v2\/categories?post=3679"},{"taxonomy":"post_tag","embeddable":true,"href":"https:\/\/www.jc-correct.com\/blog\/wp-json\/wp\/v2\/tags?post=3679"}],"curies":[{"name":"wp","href":"https:\/\/api.w.org\/{rel}","templated":true}]}}