{"id":3373,"date":"2021-11-26T18:09:09","date_gmt":"2021-11-26T17:09:09","guid":{"rendered":"https:\/\/www.jc-correct.com\/blog\/?p=3373"},"modified":"2023-03-15T12:03:26","modified_gmt":"2023-03-15T11:03:26","slug":"jak-se-slavi-vanoce-a-novy-rok-v-rusku","status":"publish","type":"post","link":"https:\/\/www.jc-correct.com\/blog\/jak-se-slavi-vanoce-a-novy-rok-v-rusku\/","title":{"rendered":"Jak se slav\u00ed V\u00e1noce v Rusku?"},"content":{"rendered":"\n<p class=\"wp-block-paragraph\">Milujete v\u00e1no\u010dn\u00ed atmosf\u00e9ru, mazl\u00edte se v obchod\u011b s&nbsp;ozdobami na strome\u010dek, dopis Je\u017e\u00ed\u0161kovi m\u00e1te napsan\u00fd u\u017e od b\u0159ezna, a jedin\u00e9, co V\u00e1s mrz\u00ed, je, \u017ee to v\u017edycky tak rychle ute\u010de? Nezoufejte, m\u00e1me pro V\u00e1s \u0159e\u0161en\u00ed. Co takhle str\u00e1vit p\u0159\u00ed\u0161t\u00ed rok v\u00e1no\u010dn\u00ed sv\u00e1tky v&nbsp;Rusku? Tam se toti\u017e slav\u00ed a\u017e do aleluja. Jenom trochu na p\u0159esk\u00e1\u010dku. Nejd\u0159\u00edv Nov\u00fd rok, potom V\u00e1noce a nakonec je\u0161t\u011b Star\u00fd Nov\u00fd rok jako n\u00e1\u0161up. V&nbsp;t\u00e9to zemi si tak p\u0159ijde na sv\u00e9 i ten nejzaryt\u011bj\u0161\u00ed milovn\u00edk sv\u00e1te\u010dn\u00ed atmosf\u00e9ry.<\/p>\n\n\n\n<p class=\"wp-block-paragraph\">Jak k&nbsp;tomu zvl\u00e1\u0161tn\u00edmu zp\u0159eh\u00e1zen\u00ed do\u0161lo? <\/p>\n\n\n\n<p class=\"wp-block-paragraph\">Pro\u010d slav\u00ed Rusov\u00e9 Nov\u00fd rok nadvakr\u00e1t? Je to proto, \u017ee m\u011bl jednou p\u0159ed sv\u00e1tky car velk\u00e9 o\u010di, nakoupil v\u00edc rachejtl\u00ed, ne\u017e mohl b\u011bhem oslav Nov\u00e9ho roku spot\u0159ebovat a b\u00e1l se, \u017ee by mu do dal\u0161\u00edho roku ve sklep\u011b navlhly? <\/p>\n\n\n\n<p class=\"wp-block-paragraph\">A co v\u016fbec oslavy V\u00e1noc a obou Nov\u00fdch rok\u016f obn\u00e1\u0161ej\u00ed? <\/p>\n\n\n\n<p class=\"wp-block-paragraph\">To v\u0161e a je\u0161t\u011b mnohem v\u00edce se dozv\u00edte v n\u00e1sleduj\u00edc\u00edm \u010dl\u00e1nku. <\/p>\n\n\n\n<h2 class=\"wp-block-heading\">Kdy se slav\u00ed co a pro\u010d?<\/h2>\n\n\n\n<p class=\"wp-block-paragraph\">Poj\u010fme si nejprve ud\u011blat po\u0159\u00e1dek v&nbsp;datech. Jako prvn\u00ed p\u0159ich\u00e1zej\u00ed v&nbsp;Rusku na \u0159adu oslavy Nov\u00e9ho roku (<em>\u041d\u043e\u0432\u044b\u0439 \u0433\u043e\u0434<\/em>). Ten se slav\u00ed v&nbsp;noci z&nbsp;31. 12. na 1. 1. jako u n\u00e1s, tak\u017ee potud v\u0161e v po\u0159\u00e1dku. D\u00e1le p\u0159ich\u00e1zej\u00ed na \u0159adu V\u00e1noce (<em>\u0420\u043e\u0436\u0434\u0435\u0441\u0442\u0432\u043e<\/em>). Ty se slav\u00ed 6. ledna. V\u00e1no\u010dn\u00ed sv\u00e1tky pak zavr\u0161uje v&nbsp;noci ze 13. na 14. ledna oslava Star\u00e9ho Nov\u00e9ho roku (<em>\u0421\u0442\u0430\u0440\u044b\u0439 \u041d\u043e\u0432\u044b\u0439 \u0433\u043e\u0434<\/em>). Po tomto dni u\u017e se tedy lid\u00e9 mohou kone\u010dn\u011b zbavit strome\u010dk\u016f, kter\u00e9 jim v&nbsp;byt\u011b vesele opad\u00e1vaj\u00ed u\u017e od Nov\u00e9ho roku.<\/p>\n\n\n\n<h3 class=\"wp-block-heading\">Za v\u0161echno m\u016f\u017ee \u0158eho\u0159 XIII.<\/h3>\n\n\n\n<p class=\"wp-block-paragraph\">Jak k&nbsp;tomu zvl\u00e1\u0161tn\u00edmu prom\u00edch\u00e1n\u00ed do\u0161lo? Stru\u010dn\u011b \u0159e\u010deno, m\u016f\u017ee za to pape\u017e \u0158eho\u0159 XIII.<\/p>\n\n\n\n<p class=\"wp-block-paragraph\">A\u017e do jeho vl\u00e1dy, tedy do 2. poloviny 16. stolet\u00ed se po\u010d\u00edt\u00e1n\u00ed \u010dasu v Evrop\u011b \u0159\u00eddilo podle tzv. <strong>juli\u00e1nsk\u00e9ho kalend\u00e1\u0159e<\/strong>, zalo\u017een\u00e9ho na staroegyptsk\u00e9 astronomii a p\u0159ijat\u00e9ho je\u0161t\u011b za \u0158\u00edmsk\u00e9 \u0159\u00ed\u0161e Juliem Caesarem.<\/p>\n\n\n\n<p class=\"wp-block-paragraph\">Vzhledem k&nbsp;tomu, \u017ee od dob Egyp\u0165an\u016f se p\u0159ece jen do 16. stolet\u00ed leccos zm\u011bnilo, rozhodl se \u0158eho\u0159 XIII. kalend\u00e1\u0159 upravit tak, aby zahrnoval nov\u00e9 poznatky z&nbsp;astronomie a korigoval nep\u0159esnosti, kter\u00e9 se p\u0159i pou\u017e\u00edv\u00e1n\u00ed star\u00e9ho kalend\u00e1\u0159e st\u00e1le zv\u011bt\u0161ovaly. Nov\u00fd kalend\u00e1\u0159 byl nazv\u00e1n <strong>kalend\u00e1\u0159em gregori\u00e1nsk\u00fdm<\/strong> a z\u00e1hy na n\u011bj p\u0159e\u0161ly v\u0161echny evropsk\u00e9 katolick\u00e9 zem\u011b, o p\u0159ibli\u017en\u011b stolet\u00ed pozd\u011bji pak i zem\u011b protestantsk\u00e9. Vzhledem k&nbsp;tomu, \u017ee ho p\u0159ijal pr\u00e1v\u011b pape\u017e, ho v\u0161ak nep\u0159ijalo Rusko ani dal\u0161\u00ed pravoslavn\u00e9 zem\u011b, kter\u00e9 zarputile pokra\u010dovaly v&nbsp;po\u010d\u00edt\u00e1n\u00ed let podle kalend\u00e1\u0159e juli\u00e1nsk\u00e9ho, i kdy\u017e to p\u0159i jejich kontaktu s&nbsp;okoln\u00edmi evropsk\u00fdmi st\u00e1ty zp\u016fsobovalo zmatky a probl\u00e9my. Ve 20. stolet\u00ed u\u017e rozd\u00edl mezi kalend\u00e1\u0159i p\u0159edstavoval 13 dn\u00ed a tento rozd\u00edl se ka\u017ed\u00fdch sto let o jeden den zv\u011bt\u0161uje.<\/p>\n\n\n\n<p class=\"wp-block-paragraph\">P\u0159\u00edtr\u017e t\u011bmto zmatk\u016fm se rozhodla u\u010dinit v&nbsp;roce 1918 bol\u0161evick\u00e1 vl\u00e1da, kter\u00e1 rozhodla, \u017ee Rusko p\u0159ejde na stejn\u00fd kalend\u00e1\u0159 jako zbytek Evropy. Pl\u00e1n byl uskute\u010dn\u011bn i p\u0159es siln\u00fd odpor pravoslavn\u00e9 c\u00edrkve, ze kter\u00e9 se po \u0158\u00edjnov\u00e9 revoluci stala pron\u00e1sledovan\u00e1 organizace bez mo\u017enosti d\u00e1le ovliv\u0148ovat st\u00e1tn\u00ed z\u00e1le\u017eitosti. Tak do\u0161lo k&nbsp;rozkolu mezi po\u010d\u00edt\u00e1n\u00edm \u010dasu pro sv\u011btsk\u00e9 a pro n\u00e1bo\u017eensk\u00e9 pot\u0159eby. Rusk\u00e1 pravoslavn\u00e1 c\u00edrkev pou\u017e\u00edv\u00e1 juli\u00e1nsk\u00fd kalend\u00e1\u0159 dodnes.<\/p>\n\n\n\n<p class=\"wp-block-paragraph\">To je tedy prav\u00fdm d\u016fvodem, pro\u010d se v Rusku slav\u00ed nejprve sekul\u00e1rn\u00ed (= sv\u011btsk\u00fd) Nov\u00fd rok, potom pravoslavn\u00e9 V\u00e1noce (25. prosince podle juli\u00e1nsk\u00e9ho a 6. ledna podle gregori\u00e1nsk\u00e9ho kalend\u00e1\u0159e) a nakonec je\u0161t\u011b pravoslavn\u00fd Star\u00fd Nov\u00fd rok (31. prosince podle juli\u00e1nsk\u00e9ho, 13. ledna podle gregori\u00e1nsk\u00e9ho). Kdyby to pape\u017e \u0158eho\u0159 vid\u011bl, m\u011bl by ur\u010dit\u011b radost, \u017ee d\u00edky n\u011bmu dnes Rusov\u00e9 mohou z\u016fstat na sv\u00e1tky d\u00e9le doma. <\/p>\n\n\n\n<h2 class=\"wp-block-heading\">V\u00e1noce<\/h2>\n\n\n\n<p class=\"wp-block-paragraph\">Tradice slaven\u00ed v\u00e1no\u010dn\u00edch sv\u00e1tk\u016f v Rusku sah\u00e1 a\u017e do 10. stolet\u00ed. Pr\u00e1v\u011b tehdy toti\u017e p\u0159ijal tehdej\u0161\u00ed panovn\u00edk Kyjevsk\u00e9 Rusi, Vladim\u00edr I., k\u0159est a spole\u010dn\u011b s&nbsp;n\u00edm se ke k\u0159es\u0165anstv\u00ed p\u0159iklonila, a\u0165 u\u017e v\u00edce \u010di m\u00e9n\u011b ochotn\u011b, i cel\u00e1 zem\u011b.&nbsp;<\/p>\n\n\n\n<p class=\"wp-block-paragraph\">Sv\u00e1tek odnepam\u011bti doprov\u00e1zely osobit\u00e9 lidov\u00e9 tradice, spojuj\u00edc\u00ed \u010dasto nov\u00e9 k\u0159es\u0165ansk\u00e9 zvyky s&nbsp;ritu\u00e1ly star\u0161\u00edmi, pohansk\u00fdmi. Mezi jin\u00fdmi to bylo nap\u0159\u00edklad koledov\u00e1n\u00ed, kdy na \u0160t\u011bdr\u00fd den vesni\u010dan\u00e9 v&nbsp;mask\u00e1ch obch\u00e1zeli sv\u00e9 sousedy, zp\u00edvali a koledovali. Dal\u0161\u00edm zvykem bylo sej\u00edt se v&nbsp;tento den na dvo\u0159e kolem velk\u00e9 otepi sl\u00e1my. Ta se ob\u0159adn\u011b zap\u00e1lila a dokud zcela nesho\u0159ela, st\u00e1li v\u0161ichni obyvatel\u00e9 domu kolem ohn\u011b bez pohnut\u00ed a v&nbsp;hlubok\u00e9m ml\u010den\u00ed. V\u011b\u0159ilo se, \u017ee se v tuto magickou chv\u00edli k&nbsp;ohni p\u0159ich\u00e1zej\u00ed oh\u0159\u00e1t jejich mrtv\u00ed p\u0159edkov\u00e9. Stejn\u011b jako v&nbsp;dal\u0161\u00edch slovansk\u00fdch zem\u00edch (viz nap\u0159\u00edklad n\u00e1\u0161 K. J. Erben a jeho pov\u011bst <a href=\"http:\/\/www.cist.cz\/Poezie\/Kytice\/den.htm\" target=\"_blank\" rel=\"noreferrer noopener\">\u0160t\u011bdr\u00fd den<\/a> v&nbsp;Kytici) se na V\u00e1noce tak\u00e9 s oblibou v\u011b\u0161tilo (a \u010dasto v\u011b\u0161t\u00ed dodnes). Tuto tradici m\u011bly v&nbsp;oblib\u011b p\u0159edev\u0161\u00edm mlad\u00e9 d\u00edvky, kter\u00e9 zaj\u00edmalo nap\u0159\u00edklad to, jak\u00e9ho jim osud nad\u011bl\u00ed \u017eenicha. <\/p>\n\n\n\n<p class=\"wp-block-paragraph\">Na konci 19. stolet\u00ed se pak pod vlivem dal\u0161\u00edch&nbsp;evropsk\u00fdch zem\u00ed do Ruska dostal zvyk zdoben\u00ed v\u00e1no\u010dn\u00edho strome\u010dku a p\u0159ibli\u017en\u011b na za\u010d\u00e1tku 20. stolet\u00ed za\u010dal d\u011btem nosit d\u00e1rky d\u011bda Mr\u00e1z.<\/p>\n\n\n\n<figure class=\"wp-block-gallery has-nested-images columns-default is-cropped wp-block-gallery-1 is-layout-flex wp-block-gallery-is-layout-flex\">\n<figure class=\"wp-block-image size-large\"><a href=\"https:\/\/www.jc-correct.com\/blog\/wp-content\/uploads\/2021\/11\/ru-vanoce-4.jpg\"><img loading=\"lazy\" decoding=\"async\" width=\"220\" height=\"350\" data-id=\"3447\" src=\"https:\/\/www.jc-correct.com\/blog\/wp-content\/uploads\/2021\/11\/ru-vanoce-4.jpg\" alt=\"\" class=\"wp-image-3447 lazyload\" data-srcset=\"https:\/\/www.jc-correct.com\/blog\/wp-content\/uploads\/2021\/11\/ru-vanoce-4.jpg 220w, https:\/\/www.jc-correct.com\/blog\/wp-content\/uploads\/2021\/11\/ru-vanoce-4-189x300.jpg 189w\" sizes=\"auto\" \/><\/a><\/figure>\n\n\n\n<figure class=\"wp-block-image size-large\"><a href=\"https:\/\/www.jc-correct.com\/blog\/wp-content\/uploads\/2021\/11\/vesteni-1.jpg\"><img loading=\"lazy\" decoding=\"async\" width=\"800\" height=\"549\" data-id=\"3450\" src=\"https:\/\/www.jc-correct.com\/blog\/wp-content\/uploads\/2021\/11\/vesteni-1.jpg\" alt=\"\" class=\"wp-image-3450 lazyload\" data-srcset=\"https:\/\/www.jc-correct.com\/blog\/wp-content\/uploads\/2021\/11\/vesteni-1.jpg 800w, https:\/\/www.jc-correct.com\/blog\/wp-content\/uploads\/2021\/11\/vesteni-1-300x206.jpg 300w, https:\/\/www.jc-correct.com\/blog\/wp-content\/uploads\/2021\/11\/vesteni-1-768x527.jpg 768w\" sizes=\"auto\" \/><\/a><\/figure>\n\n\n\n<figure class=\"wp-block-image size-large\"><a href=\"https:\/\/www.jc-correct.com\/blog\/wp-content\/uploads\/2021\/11\/vanoce-3-1.jpg\"><img loading=\"lazy\" decoding=\"async\" width=\"220\" height=\"339\" data-id=\"3449\" src=\"https:\/\/www.jc-correct.com\/blog\/wp-content\/uploads\/2021\/11\/vanoce-3-1.jpg\" alt=\"\" class=\"wp-image-3449 lazyload\" data-srcset=\"https:\/\/www.jc-correct.com\/blog\/wp-content\/uploads\/2021\/11\/vanoce-3-1.jpg 220w, https:\/\/www.jc-correct.com\/blog\/wp-content\/uploads\/2021\/11\/vanoce-3-1-195x300.jpg 195w\" sizes=\"auto\" \/><\/a><\/figure>\n<\/figure>\n\n\n\n<p class=\"wp-block-paragraph\">Radik\u00e1ln\u00ed zlom v&nbsp;dodr\u017eov\u00e1n\u00ed v\u00e1no\u010dn\u00edch tradic p\u0159i\u0161el po \u0158\u00edjnov\u00e9 revoluci v&nbsp;roce 1917, poprav\u011b cara Mikul\u00e1\u0161e II. a nastolen\u00ed nov\u00e9 sov\u011btsk\u00e9 vl\u00e1dy. Ta se sna\u017eila jak\u00e9koli n\u00e1bo\u017eensk\u00e9 zvyky a tradice v&nbsp;zemi zcela vyko\u0159enit, a od roku 1929 tak bylo slaven\u00ed pravoslavn\u00fdch V\u00e1noc 6.\/7. ledna ofici\u00e1ln\u011b zak\u00e1z\u00e1no. Vzhledem k obrovsk\u00e9 lidov\u00e9 popularit\u011b&nbsp;tohoto sv\u00e1tku ov\u0161em sov\u011btsk\u00e1 vl\u00e1da \u010dasem polevila a v&nbsp;roce 1935 ofici\u00e1ln\u011b <strong>za\u010dlenila v\u00e1no\u010dn\u00ed tradice do oslav sekul\u00e1rn\u00edho Nov\u00e9ho roku<\/strong>, kter\u00fd se t\u00edm stal hlavn\u00edm sv\u00e1tkem zimn\u00edho obdob\u00ed (novodob\u00e1 oslava sv\u00e1tku bez n\u00e1vaznosti na c\u00edrkev). Z v\u00e1no\u010dn\u00edho strome\u010dku se stal bez dal\u0161\u00edch debat strome\u010dek novoro\u010dn\u00ed a i d\u011bda Mr\u00e1z byl, po konzultaci se sv\u00fdm di\u00e1\u0159em, nakonec ochoten d\u011btem doru\u010dovat d\u00e1rky u\u017e 31.12.<\/p>\n\n\n\n<p class=\"wp-block-paragraph\">Po rozpadu Sov\u011btsk\u00e9ho svazu v&nbsp;roce 1991, kdy pravoslavn\u00e1 c\u00edrkev op\u011bt z\u00edskala ofici\u00e1ln\u00ed posv\u011bcen\u00ed sv\u00e9 existence, se tradice slaven\u00ed V\u00e1noc obnovila, nikdy u\u017e v\u0161ak nedos\u00e1hla takov\u00e9 celospole\u010densk\u00e9 popularity, jako pr\u00e1v\u011b oslavy Nov\u00e9ho roku. V&nbsp;sou\u010dasn\u00e9m Rusku jsou tak V\u00e1noce p\u0159edev\u0161\u00edm klidn\u00fdm a pokojn\u00fdm c\u00edrkevn\u00edm sv\u00e1tkem, kdy se nav\u0161t\u011bvuj\u00ed kostely a v televizi b\u011b\u017e\u00ed p\u0159enosy sv\u00e1te\u010dn\u00edch bohoslu\u017eeb.<\/p>\n\n\n\n<h2 class=\"wp-block-heading\">Nov\u00fd rok<\/h2>\n\n\n\n<p class=\"wp-block-paragraph\">A\u017e do p\u0159elomu 16. a 17. stolet\u00ed se za ofici\u00e1ln\u00ed za\u010d\u00e1tek nov\u00e9ho roku v Rusku pova\u017eovalo 1. z\u00e1\u0159\u00ed, proto\u017ee pr\u00e1v\u011b tehdy byl roku 5509 p\u0159.n.l. podle tradice v\u00fdchodn\u00edho k\u0159es\u0165anstv\u00ed stvo\u0159en sv\u011bt (bylo by zaj\u00edmav\u00e9 zjistit, na \u010dem b\u016fh pracoval po zbytek onoho \u0161koln\u00edho roku). V&nbsp;roce 1682 se v\u0161ak v&nbsp;Rusku ujal vl\u00e1dy car Petr I. Velik\u00fd, moderniz\u00e1tor zem\u011b s obdivem ke v\u0161emu evropsk\u00e9mu, kter\u00fd se rozhodl sjednotit datum za\u010d\u00e1tku nov\u00e9ho roku s&nbsp;Evropou, na 1.1. Nutno podotknout, \u017ee rusk\u00e1 c\u00edrkev se Petrov\u00fdm rozhodnut\u00edm nenechala zviklat a do dne\u0161n\u00edho dne pova\u017euje za po\u010d\u00e1tek nov\u00e9ho roku 1. z\u00e1\u0159\u00ed.<\/p>\n\n\n\n<p class=\"wp-block-paragraph\">Nov\u00fd rok v sou\u010dasnosti pat\u0159\u00ed podle ofici\u00e1ln\u00edch <a href=\"https:\/\/www.the-village.ru\/weekend\/news\/330673-samye-populyarnye-prazdniki\" target=\"_blank\" rel=\"noreferrer noopener\">zdroj\u016f<\/a> spole\u010dn\u011b se Dnem V\u00edt\u011bzstv\u00ed (9. kv\u011btna) a Mezin\u00e1rodn\u00edm dnem \u017een (8. b\u0159ezna) mezi nejpopul\u00e1rn\u011bj\u0161\u00ed rusk\u00e9 sv\u00e1tky.<\/p>\n\n\n\n<p class=\"wp-block-paragraph\">Samotn\u00e9 oslavy se v&nbsp;mnoh\u00e9m podobaj\u00ed t\u011bm evropsk\u00fdm. Sv\u00e1te\u010dn\u011b nazdoben\u00e9 ulice, ledov\u00e9 sochy, girlandy, nastrojen\u00e9 v\u00e1no\u010dn\u00ed strome\u010dky, pod kter\u00fdmi d\u011bti posledn\u00ed prosincov\u00fd ve\u010der nal\u00e9zaj\u00ed d\u00e1rky od <strong>d\u011bdy<\/strong> <strong>Mr\u00e1ze a jeho vnu\u010dky Sn\u011bhurky<\/strong>. Slavit se za\u010d\u00edn\u00e1 31. prosince kolem 11. hodiny ve\u010der, kdy rodina zased\u00e1 za slavnostn\u011b prost\u0159en\u00fd st\u016fl a u\u017e\u00edv\u00e1 si novoro\u010dn\u00ed hostinu. O p\u016flnoci se p\u0159ipije uplynul\u00e9mu roku a pod\u011bkuje se za v\u0161e dobr\u00e9, co se v&nbsp;n\u011bm stalo. N\u00e1sledn\u011b se rodina shrom\u00e1\u017ed\u00ed p\u0159ed obrazovkou, aby si poslechla <a href=\"https:\/\/www.youtube.com\/watch?v=oyy5meN44qg\" target=\"_blank\" rel=\"noreferrer noopener\">projev prezidenta<\/a>  a zvony kremelsk\u00fdch v\u011b\u017en\u00edch zvon\u016f ohla\u0161uj\u00edc\u00edch za\u010d\u00e1tek nov\u00e9ho roku. N\u00e1sledn\u011b se pije \u0161ampa\u0148sk\u00e9, lid\u00e9 si pop\u0159ej\u00ed v\u0161e nejlep\u0161\u00ed do nov\u00e9ho roku a s&nbsp;velkou vervou vyraz\u00ed do ulic oslavovat a pou\u0161t\u011bt oh\u0148ostroje.<\/p>\n\n\n\n<figure class=\"wp-block-gallery has-nested-images columns-default is-cropped wp-block-gallery-2 is-layout-flex wp-block-gallery-is-layout-flex\">\n<figure class=\"wp-block-image size-large\"><a href=\"https:\/\/www.jc-correct.com\/blog\/wp-content\/uploads\/2021\/11\/ru-oslavy-3.jpg\"><img loading=\"lazy\" decoding=\"async\" width=\"840\" height=\"456\" data-id=\"3442\" src=\"https:\/\/www.jc-correct.com\/blog\/wp-content\/uploads\/2021\/11\/ru-oslavy-3.jpg\" alt=\"\" class=\"wp-image-3442 lazyload\" data-srcset=\"https:\/\/www.jc-correct.com\/blog\/wp-content\/uploads\/2021\/11\/ru-oslavy-3.jpg 840w, https:\/\/www.jc-correct.com\/blog\/wp-content\/uploads\/2021\/11\/ru-oslavy-3-300x163.jpg 300w, https:\/\/www.jc-correct.com\/blog\/wp-content\/uploads\/2021\/11\/ru-oslavy-3-768x417.jpg 768w\" sizes=\"auto\" \/><\/a><\/figure>\n\n\n\n<figure class=\"wp-block-image size-large\"><a href=\"https:\/\/www.jc-correct.com\/blog\/wp-content\/uploads\/2021\/11\/ru-oslavy-2.jpeg\"><img loading=\"lazy\" decoding=\"async\" width=\"860\" height=\"500\" data-id=\"3441\" src=\"https:\/\/www.jc-correct.com\/blog\/wp-content\/uploads\/2021\/11\/ru-oslavy-2.jpeg\" alt=\"\" class=\"wp-image-3441 lazyload\" data-srcset=\"https:\/\/www.jc-correct.com\/blog\/wp-content\/uploads\/2021\/11\/ru-oslavy-2.jpeg 860w, https:\/\/www.jc-correct.com\/blog\/wp-content\/uploads\/2021\/11\/ru-oslavy-2-300x174.jpeg 300w, https:\/\/www.jc-correct.com\/blog\/wp-content\/uploads\/2021\/11\/ru-oslavy-2-768x447.jpeg 768w\" sizes=\"auto\" \/><\/a><\/figure>\n\n\n\n<figure class=\"wp-block-image size-large\"><a href=\"https:\/\/www.jc-correct.com\/blog\/wp-content\/uploads\/2021\/11\/ru-oslavy.jpg\"><img loading=\"lazy\" decoding=\"async\" width=\"1000\" height=\"592\" data-id=\"3443\" src=\"https:\/\/www.jc-correct.com\/blog\/wp-content\/uploads\/2021\/11\/ru-oslavy.jpg\" alt=\"\" class=\"wp-image-3443 lazyload\" data-srcset=\"https:\/\/www.jc-correct.com\/blog\/wp-content\/uploads\/2021\/11\/ru-oslavy.jpg 1000w, https:\/\/www.jc-correct.com\/blog\/wp-content\/uploads\/2021\/11\/ru-oslavy-300x178.jpg 300w, https:\/\/www.jc-correct.com\/blog\/wp-content\/uploads\/2021\/11\/ru-oslavy-768x455.jpg 768w\" sizes=\"auto\" \/><\/a><\/figure>\n<\/figure>\n\n\n\n<h3 class=\"wp-block-heading\">Co pat\u0159\u00ed na novoro\u010dn\u00ed st\u016fl?<\/h3>\n\n\n\n<p class=\"wp-block-paragraph\">Dv\u011b v\u011bci mus\u00ed na novoro\u010dn\u00edm stole b\u00fdt, i kdyby na chleba nebylo. \u0160ampa\u0148sk\u00e9 a mandarinky. Ty se na n\u011bj dostaly pravd\u011bpodobn\u011b s&nbsp;posledn\u00edm carem, Mikul\u00e1\u0161em II.,&nbsp; a zvyk se udr\u017eel dokonce i v&nbsp;sov\u011btsk\u00fdch dob\u00e1ch, kdy toto exotick\u00e9 ovoce p\u0159edstavovalo pro spoustu obyvatel luxusn\u00ed a t\u011b\u017eko sehnatelnou potravinu.<\/p>\n\n\n\n<p class=\"wp-block-paragraph\">Mezi dal\u0161\u00ed, sofistikovan\u011bj\u0161\u00ed pokrmy pat\u0159\u00ed nap\u0159\u00edklad sal\u00e1t Olivier (p\u0159edobraz na\u0161eho bramborov\u00e9ho sal\u00e1tu, jen s&nbsp;nakl\u00e1dan\u00fdm kysel\u00fdm sled\u011bm nav\u00edc, patrn\u011b pro zes\u00edlen\u00ed chu\u0165ov\u00e9ho z\u00e1\u017eitku), d\u00e1le ryby a maso v&nbsp;aspiku, \u201esle\u010f v \u017eupanu\u201c (vrstven\u00fd sal\u00e1t s&nbsp;bramborami, mrkv\u00ed, \u010dervenou \u0159epou a v\u0161udyp\u0159\u00edtomn\u00fdm sled\u011bm), chleb\u00ed\u010dky s&nbsp;kavi\u00e1rem, pe\u010den\u00e1 husa s&nbsp;jablky a dort Napoleon.<\/p>\n\n\n\n<figure class=\"wp-block-gallery has-nested-images columns-default is-cropped wp-block-gallery-3 is-layout-flex wp-block-gallery-is-layout-flex\">\n<figure class=\"wp-block-image size-large\"><a href=\"https:\/\/www.jc-correct.com\/blog\/wp-content\/uploads\/2021\/11\/salat-Olivier.jpeg\"><img loading=\"lazy\" decoding=\"async\" width=\"870\" height=\"480\" data-id=\"3381\" src=\"https:\/\/www.jc-correct.com\/blog\/wp-content\/uploads\/2021\/11\/salat-Olivier.jpeg\" alt=\"\" class=\"wp-image-3381 lazyload\" data-srcset=\"https:\/\/www.jc-correct.com\/blog\/wp-content\/uploads\/2021\/11\/salat-Olivier.jpeg 870w, https:\/\/www.jc-correct.com\/blog\/wp-content\/uploads\/2021\/11\/salat-Olivier-300x166.jpeg 300w, https:\/\/www.jc-correct.com\/blog\/wp-content\/uploads\/2021\/11\/salat-Olivier-768x424.jpeg 768w\" sizes=\"auto\" \/><\/a><\/figure>\n\n\n\n<figure class=\"wp-block-image size-large\"><a href=\"https:\/\/www.jc-correct.com\/blog\/wp-content\/uploads\/2021\/11\/chlebicky-s-kaviarem.jpg\"><img loading=\"lazy\" decoding=\"async\" width=\"635\" height=\"383\" data-id=\"3378\" src=\"https:\/\/www.jc-correct.com\/blog\/wp-content\/uploads\/2021\/11\/chlebicky-s-kaviarem.jpg\" alt=\"\" class=\"wp-image-3378 lazyload\" data-srcset=\"https:\/\/www.jc-correct.com\/blog\/wp-content\/uploads\/2021\/11\/chlebicky-s-kaviarem.jpg 635w, https:\/\/www.jc-correct.com\/blog\/wp-content\/uploads\/2021\/11\/chlebicky-s-kaviarem-300x181.jpg 300w\" sizes=\"auto\" \/><\/a><\/figure>\n\n\n\n<figure class=\"wp-block-image size-large\"><a href=\"https:\/\/www.jc-correct.com\/blog\/wp-content\/uploads\/2021\/11\/maso-v-aspiku.jpg\"><img loading=\"lazy\" decoding=\"async\" width=\"870\" height=\"480\" data-id=\"3379\" src=\"https:\/\/www.jc-correct.com\/blog\/wp-content\/uploads\/2021\/11\/maso-v-aspiku.jpg\" alt=\"\" class=\"wp-image-3379 lazyload\" data-srcset=\"https:\/\/www.jc-correct.com\/blog\/wp-content\/uploads\/2021\/11\/maso-v-aspiku.jpg 870w, https:\/\/www.jc-correct.com\/blog\/wp-content\/uploads\/2021\/11\/maso-v-aspiku-300x166.jpg 300w, https:\/\/www.jc-correct.com\/blog\/wp-content\/uploads\/2021\/11\/maso-v-aspiku-768x424.jpg 768w\" sizes=\"auto\" \/><\/a><\/figure>\n\n\n\n<figure class=\"wp-block-image size-large\"><a href=\"https:\/\/www.jc-correct.com\/blog\/wp-content\/uploads\/2021\/11\/sled-pod-kabatem-scaled.jpeg\"><img loading=\"lazy\" decoding=\"async\" width=\"1024\" height=\"683\" data-id=\"3382\" src=\"https:\/\/www.jc-correct.com\/blog\/wp-content\/uploads\/2021\/11\/sled-pod-kabatem-1024x683.jpeg\" alt=\"\" class=\"wp-image-3382 lazyload\" data-srcset=\"https:\/\/www.jc-correct.com\/blog\/wp-content\/uploads\/2021\/11\/sled-pod-kabatem-1024x683.jpeg 1024w, https:\/\/www.jc-correct.com\/blog\/wp-content\/uploads\/2021\/11\/sled-pod-kabatem-300x200.jpeg 300w, https:\/\/www.jc-correct.com\/blog\/wp-content\/uploads\/2021\/11\/sled-pod-kabatem-768x512.jpeg 768w, https:\/\/www.jc-correct.com\/blog\/wp-content\/uploads\/2021\/11\/sled-pod-kabatem-1536x1024.jpeg 1536w, https:\/\/www.jc-correct.com\/blog\/wp-content\/uploads\/2021\/11\/sled-pod-kabatem-2048x1365.jpeg 2048w\" sizes=\"auto\" \/><\/a><\/figure>\n\n\n\n<figure class=\"wp-block-image size-large\"><a href=\"https:\/\/www.jc-correct.com\/blog\/wp-content\/uploads\/2021\/11\/ryba-v-aspiku.jpg\"><img loading=\"lazy\" decoding=\"async\" width=\"1024\" height=\"576\" data-id=\"3380\" src=\"https:\/\/www.jc-correct.com\/blog\/wp-content\/uploads\/2021\/11\/ryba-v-aspiku-1024x576.jpg\" alt=\"\" class=\"wp-image-3380 lazyload\" data-srcset=\"https:\/\/www.jc-correct.com\/blog\/wp-content\/uploads\/2021\/11\/ryba-v-aspiku-1024x576.jpg 1024w, https:\/\/www.jc-correct.com\/blog\/wp-content\/uploads\/2021\/11\/ryba-v-aspiku-300x169.jpg 300w, https:\/\/www.jc-correct.com\/blog\/wp-content\/uploads\/2021\/11\/ryba-v-aspiku-768x432.jpg 768w, https:\/\/www.jc-correct.com\/blog\/wp-content\/uploads\/2021\/11\/ryba-v-aspiku-640x360.jpg 640w, https:\/\/www.jc-correct.com\/blog\/wp-content\/uploads\/2021\/11\/ryba-v-aspiku-320x180.jpg 320w, https:\/\/www.jc-correct.com\/blog\/wp-content\/uploads\/2021\/11\/ryba-v-aspiku-480x270.jpg 480w, https:\/\/www.jc-correct.com\/blog\/wp-content\/uploads\/2021\/11\/ryba-v-aspiku-960x540.jpg 960w, https:\/\/www.jc-correct.com\/blog\/wp-content\/uploads\/2021\/11\/ryba-v-aspiku.jpg 1280w\" sizes=\"auto\" \/><\/a><\/figure>\n\n\n\n<figure class=\"wp-block-image size-large\"><a href=\"https:\/\/www.jc-correct.com\/blog\/wp-content\/uploads\/2021\/11\/husa-na-jablkach.jpg\"><img loading=\"lazy\" decoding=\"async\" width=\"560\" height=\"373\" data-id=\"3384\" src=\"https:\/\/www.jc-correct.com\/blog\/wp-content\/uploads\/2021\/11\/husa-na-jablkach.jpg\" alt=\"\" class=\"wp-image-3384 lazyload\" data-srcset=\"https:\/\/www.jc-correct.com\/blog\/wp-content\/uploads\/2021\/11\/husa-na-jablkach.jpg 560w, https:\/\/www.jc-correct.com\/blog\/wp-content\/uploads\/2021\/11\/husa-na-jablkach-300x200.jpg 300w\" sizes=\"auto\" \/><\/a><\/figure>\n\n\n\n<figure class=\"wp-block-image size-large\"><a href=\"https:\/\/www.jc-correct.com\/blog\/wp-content\/uploads\/2021\/11\/vejce-plnene-kaviarem.jpg\"><img loading=\"lazy\" decoding=\"async\" width=\"600\" height=\"400\" data-id=\"3383\" src=\"https:\/\/www.jc-correct.com\/blog\/wp-content\/uploads\/2021\/11\/vejce-plnene-kaviarem.jpg\" alt=\"\" class=\"wp-image-3383 lazyload\" data-srcset=\"https:\/\/www.jc-correct.com\/blog\/wp-content\/uploads\/2021\/11\/vejce-plnene-kaviarem.jpg 600w, https:\/\/www.jc-correct.com\/blog\/wp-content\/uploads\/2021\/11\/vejce-plnene-kaviarem-300x200.jpg 300w\" sizes=\"auto\" \/><\/a><\/figure>\n\n\n\n<figure class=\"wp-block-image size-large\"><a href=\"https:\/\/www.jc-correct.com\/blog\/wp-content\/uploads\/2021\/11\/dort-Napoleon.jpg\"><img loading=\"lazy\" decoding=\"async\" width=\"1024\" height=\"576\" data-id=\"3377\" src=\"https:\/\/www.jc-correct.com\/blog\/wp-content\/uploads\/2021\/11\/dort-Napoleon-1024x576.jpg\" alt=\"\" class=\"wp-image-3377 lazyload\" data-srcset=\"https:\/\/www.jc-correct.com\/blog\/wp-content\/uploads\/2021\/11\/dort-Napoleon-1024x576.jpg 1024w, https:\/\/www.jc-correct.com\/blog\/wp-content\/uploads\/2021\/11\/dort-Napoleon-300x169.jpg 300w, https:\/\/www.jc-correct.com\/blog\/wp-content\/uploads\/2021\/11\/dort-Napoleon-768x432.jpg 768w, https:\/\/www.jc-correct.com\/blog\/wp-content\/uploads\/2021\/11\/dort-Napoleon-640x360.jpg 640w, https:\/\/www.jc-correct.com\/blog\/wp-content\/uploads\/2021\/11\/dort-Napoleon-320x180.jpg 320w, https:\/\/www.jc-correct.com\/blog\/wp-content\/uploads\/2021\/11\/dort-Napoleon-480x270.jpg 480w, https:\/\/www.jc-correct.com\/blog\/wp-content\/uploads\/2021\/11\/dort-Napoleon-960x540.jpg 960w, https:\/\/www.jc-correct.com\/blog\/wp-content\/uploads\/2021\/11\/dort-Napoleon.jpg 1280w\" sizes=\"auto\" \/><\/a><\/figure>\n\n\n\n<figure class=\"wp-block-image size-large\"><a href=\"https:\/\/www.jc-correct.com\/blog\/wp-content\/uploads\/2021\/11\/mandarinky.jpeg\"><img loading=\"lazy\" decoding=\"async\" width=\"680\" height=\"510\" data-id=\"3385\" src=\"https:\/\/www.jc-correct.com\/blog\/wp-content\/uploads\/2021\/11\/mandarinky.jpeg\" alt=\"\" class=\"wp-image-3385 lazyload\" data-srcset=\"https:\/\/www.jc-correct.com\/blog\/wp-content\/uploads\/2021\/11\/mandarinky.jpeg 680w, https:\/\/www.jc-correct.com\/blog\/wp-content\/uploads\/2021\/11\/mandarinky-300x225.jpeg 300w\" sizes=\"auto\" \/><\/a><\/figure>\n<\/figure>\n\n\n\n<h3 class=\"wp-block-heading\">Co se na Nov\u00fd rok d\u011bl\u00e1? <\/h3>\n\n\n\n<p class=\"wp-block-paragraph\">Jako i jinde ve sv\u011bt\u011b se na Nov\u00fd rok (nejen) d\u011bti d\u00edvaj\u00ed na poh\u00e1dky (nap\u0159\u00edklad na sv\u00e1te\u010dn\u00ed d\u00edly obl\u00edben\u00e9 poh\u00e1dky <a href=\"https:\/\/www.youtube.com\/watch?v=J-eQTGnaRxs\" target=\"_blank\" rel=\"noreferrer noopener\">M\u00e1\u0161a a medv\u011bd<\/a>)<a href=\"https:\/\/www.youtube.com\/watch?v=J-eQTGnaRxs\"> <\/a>a poslouchaj\u00ed tradi\u010dn\u00ed novoro\u010dn\u00ed p\u00edsni\u010dky, jako nap\u0159\u00edklad <a href=\"https:\/\/www.youtube.com\/watch?v=VAG1UTfDSjY\" target=\"_blank\" rel=\"noreferrer noopener\">Narodila se jedli\u010dka<\/a>, u kter\u00e9 se mus\u00ed rozpl\u00fdvat i \u017eivotem prot\u0159el\u00ed, cyni\u010dt\u00ed dosp\u011bl\u00ed. Posu\u010fte sami: <\/p>\n\n\n\n<figure class=\"wp-block-embed is-type-rich is-provider-obsluzna-rutina-kodu-pro-vlozeni wp-block-embed-obsluzna-rutina-kodu-pro-vlozeni wp-embed-aspect-16-9 wp-has-aspect-ratio\"><div class=\"wp-block-embed__wrapper\">\nhttps:\/\/youtube.com\/watch?v=VAG1UTfDSjY\n<\/div><\/figure>\n\n\n\n<p class=\"wp-block-paragraph\">Mezi st\u00e1lice novoro\u010dn\u00edch hudebn\u00edch hitpar\u00e1d pro dosp\u011bl\u00e9 pak pat\u0159\u00ed nap\u0159\u00edklad podivn\u011b chytlav\u00e1 p\u00edse\u0148<em> <a href=\"https:\/\/www.youtube.com\/watch?v=pESX7mQwTNU\" target=\"_blank\" rel=\"noreferrer noopener\">Novoro\u010dn\u00ed<\/a> <\/em>od zp\u011bva\u010dky\/zp\u011bv\u00e1ka V\u011brky Ser\u010fu\u010dky. Co se t\u00fd\u010de film\u016f, tak \u017e\u00e1dn\u00fd Nov\u00fd rok by pro Rusy nebyl kompletn\u00ed bez bl\u00e1zniv\u00e9 komedie z roku 1976 <em><a href=\"https:\/\/www.youtube.com\/watch?v=lVpmZnRIMKs\" target=\"_blank\" rel=\"noreferrer noopener\">Ironie osudu aneb Rozhodn\u011b spr\u00e1vn\u00e1 koupel<\/a><\/em> (\u010cSFD 82 %). Pokud V\u00e1s u\u017e omrzely Pel\u00ed\u0161ky, v\u00edte, kam tento rok s\u00e1hnout. <\/p>\n\n\n\n<h2 class=\"wp-block-heading\">Star\u00fd Nov\u00fd rok<\/h2>\n\n\n\n<p class=\"wp-block-paragraph\">Star\u00fd Nov\u00fd rok (\u010dili Nov\u00fd rok po\u010d\u00edtan\u00fd podle star\u00e9ho kalend\u00e1\u0159e) je c\u00edrkevn\u00edm sv\u00e1tkem, kter\u00fd pro spoustu v\u011b\u0159\u00edc\u00edch Rus\u016f p\u0159edstavuje p\u0159\u00edle\u017eitost, jak \u201edoslavit\u201c to, co kv\u016fli v\u00e1no\u010dn\u00edmu p\u016fstu, trvaj\u00edc\u00edmu u\u017e od 27.11. a\u017e do v\u00fdchodu prvn\u00ed hv\u011bzdy v&nbsp;noci z&nbsp;6. na 7. ledna (t\u00e9, kter\u00e1 m\u011bla do Betl\u00e9ma dov\u00e9st T\u0159i kr\u00e1le) nestihli. Na rozd\u00edl od velkolep\u00fdch a bujar\u00fdch oslav Nov\u00e9ho roku jde o sv\u00e1tek klidn\u011bj\u0161\u00ed, ti\u0161\u0161\u00ed a meditativn\u011bj\u0161\u00ed, kdy se sch\u00e1z\u00ed rodiny, nav\u0161t\u011bvuj\u00ed kostely a konaj\u00ed bohoslu\u017eby. I p\u0159esto se jeho oslavy st\u00e1vaj\u00ed v&nbsp;Rusku \u010d\u00edm d\u00e1l popul\u00e1rn\u011bj\u0161\u00ed, v sou\u010dasnosti ho slav\u00ed p\u0159ibli\u017en\u011b polovina obyvatel.<\/p>\n\n\n\n<p class=\"wp-block-paragraph\">M\u00e1te-li 3 minuty \u010dasu a chcete-li si potr\u00e9novat svou ru\u0161tinu, m\u016f\u017eete se v\u00edce o tomto sv\u00e1tku dozv\u011bd\u011bt v n\u00e1sleduj\u00edc\u00edm videu:<\/p>\n\n\n\n<figure class=\"wp-block-embed is-type-video is-provider-youtube wp-block-embed-youtube wp-embed-aspect-16-9 wp-has-aspect-ratio\"><div class=\"wp-block-embed__wrapper\">\n<iframe loading=\"lazy\" title=\"\u0421\u0442\u0430\u0440\u044b\u0439 \u041d\u043e\u0432\u044b\u0439 \u0433\u043e\u0434, \u0447\u0442\u043e \u044d\u0442\u043e?\" width=\"720\" height=\"405\" src=\"https:\/\/www.youtube.com\/embed\/300prIOA6ac?feature=oembed\" frameborder=\"0\" allow=\"accelerometer; autoplay; clipboard-write; encrypted-media; gyroscope; picture-in-picture; web-share\" referrerpolicy=\"strict-origin-when-cross-origin\" allowfullscreen><\/iframe>\n<\/div><\/figure>\n\n\n\n<p class=\"wp-block-paragraph\">Na z\u00e1v\u011br je nutn\u00e9 podotknout, \u017ee oslavy Star\u00e9ho Nov\u00e9ho roku nejsou \u010dist\u011b ruskou z\u00e1le\u017eitost\u00ed. Sv\u00e1tek se slav\u00ed nejen v&nbsp;dal\u0161\u00edch pravoslavn\u00fdch zem\u00edch b\u00fdval\u00e9 SSSR, ale tak\u00e9 v&nbsp;Srbsku, \u0158ecku, Tunisku, a dokonce ve \u0160v\u00fdcarsku. Pokud byste si tedy cht\u011bli v zim\u011b u\u017e\u00edvat v\u00edce volna, m\u00e1te p\u0159i sv\u00e9m p\u0159\u00edpadn\u00e9m p\u0159est\u011bhov\u00e1n\u00ed dokonce na v\u00fdb\u011br.<\/p>\n\n\n\n<p class=\"has-text-align-center wp-block-paragraph\">A\u0165 u\u017e ale budete letos slavit odkudkoli, dovolte n\u00e1m pop\u0159\u00e1t v\u00e1m vesel\u00e9 V\u00e1noce a \u0161\u0165astn\u00fd nov\u00fd rok \u010dili, jak by \u0159ekli Rusov\u00e9: <\/p>\n\n\n\n<p class=\"has-text-align-center wp-block-paragraph\"><strong>\u0421 \u041d\u043e\u0432\u044b\u043c \u0433\u043e\u0434\u043e\u043c \u0438 \u0441\u0447\u0430\u0441\u0442\u0438\u0432\u043e\u0433\u043e \u0420\u043e\u0436\u0434\u0435\u0441\u0442\u0432\u0430! <\/strong><\/p>\n\n\n\n<div class=\"wp-block-image\"><figure class=\"aligncenter size-full is-resized\"><a href=\"https:\/\/www.jc-correct.com\/blog\/wp-content\/uploads\/2021\/11\/Prani-RU.jpg\"><img loading=\"lazy\" decoding=\"async\" src=\"https:\/\/www.jc-correct.com\/blog\/wp-content\/uploads\/2021\/11\/Prani-RU.jpg\" alt=\"\" class=\"wp-image-3440 lazyload\" width=\"620\" height=\"315\" data-srcset=\"https:\/\/www.jc-correct.com\/blog\/wp-content\/uploads\/2021\/11\/Prani-RU.jpg 315w, https:\/\/www.jc-correct.com\/blog\/wp-content\/uploads\/2021\/11\/Prani-RU-300x152.jpg 300w\" sizes=\"auto\" \/><\/a><\/figure><\/div>\n\n\n\n<hr class=\"wp-block-separator\"\/>\n\n\n\n<p class=\"wp-block-paragraph\">Probudilo se ve v\u00e1s po p\u0159e\u010dten\u00ed \u010dl\u00e1nku studijn\u00ed nad\u0161en\u00ed a r\u00e1di byste se tuto kr\u00e1snou \u0159e\u010d sami nau\u010dili, nebo se v n\u00ed zlep\u0161ili? \u017d\u00e1dn\u00fd probl\u00e9m. Sta\u010d\u00ed vyplnit n\u00e1\u0161 <a href=\"https:\/\/www.jc-correct.com\/individualni-vyuka\">formul\u00e1\u0159 pro individu\u00e1ln\u00ed v\u00fduku<\/a> a m\u016f\u017eete za\u010d\u00edt studovat bu\u010f p\u0159\u00edmo v u\u010debn\u00e1ch Correctu, nebo pohodln\u011b doma <a href=\"https:\/\/www.jc-correct.com\/online-vyuka-rustiny\">online<\/a>. \u017de byste d\u00e1vali p\u0159ednost skupinov\u00e9 v\u00fduce? R\u00e1di v\u00e1s uvid\u00edme na na\u0161ich <a href=\"https:\/\/www.jc-correct.com\/kurzy-rustiny-brno\">skupinov\u00fdch kurzech ru\u0161tiny<\/a>.<\/p>\n\n\n\n<p class=\"has-text-align-center wp-block-paragraph\">Na\u010derpejte inspiraci a nau\u010dte se spole\u010dn\u011b s n\u00e1mi n\u011bco nov\u00e9ho \ud83d\ude42 <\/p>\n","protected":false},"excerpt":{"rendered":"<p>Milujete v\u00e1no\u010dn\u00ed atmosf\u00e9ru, mazl\u00edte se v obchod\u011b s&nbsp;ozdobami na strome\u010dek, dopis Je\u017e\u00ed\u0161kovi m\u00e1te napsan\u00fd u\u017e od b\u0159ezna, a jedin\u00e9, co V\u00e1s mrz\u00ed, je, \u017ee to v\u017edycky tak rychle ute\u010de? Nezoufejte, m\u00e1me pro V\u00e1s \u0159e\u0161en\u00ed. Co takhle str\u00e1vit p\u0159\u00ed\u0161t\u00ed rok v\u00e1no\u010dn\u00ed sv\u00e1tky v&nbsp;Rusku? Tam se toti\u017e slav\u00ed a\u017e do aleluja. Jenom trochu na p\u0159esk\u00e1\u010dku. Nejd\u0159\u00edv Nov\u00fd rok, potom V\u00e1noce a nakonec je\u0161t\u011b Star\u00fd Nov\u00fd rok jako n\u00e1\u0161up. V&nbsp;t\u00e9to zemi si tak p\u0159ijde na sv\u00e9 i ten nejzaryt\u011bj\u0161\u00ed milovn\u00edk sv\u00e1te\u010dn\u00ed atmosf\u00e9ry. Jak k&nbsp;tomu zvl\u00e1\u0161tn\u00edmu zp\u0159eh\u00e1zen\u00ed do\u0161lo? Pro\u010d slav\u00ed Rusov\u00e9 Nov\u00fd rok nadvakr\u00e1t? Je to proto, \u017ee m\u011bl jednou p\u0159ed sv\u00e1tky car velk\u00e9&#8230;<\/p>\n","protected":false},"author":10,"featured_media":3374,"comment_status":"closed","ping_status":"open","sticky":false,"template":"","format":"standard","meta":{"_acf_changed":false,"footnotes":""},"categories":[3,908,36,246],"tags":[977,974,976,980,979,975,978],"class_list":["post-3373","post","type-post","status-publish","format-standard","has-post-thumbnail","hentry","category-novinky","category-tipy-ke-studiu-rustiny","category-vzdelavame","category-zajimavosti","tag-novy-rok-v-rusku","tag-ruske-vanoce","tag-rusky-novy-rok","tag-stary-novy-rok","tag-stary-novy-rok-v-rusku","tag-vanoce-v-rusku","tag-vanocni-svatky-v-rusku"],"acf":[],"yoast_head":"<!-- This site is optimized with the Yoast SEO plugin v28.0 - https:\/\/yoast.com\/product\/yoast-seo-wordpress\/ -->\n<title>Jak se slav\u00ed V\u00e1noce v Rusku? - BLOG: Jazykov\u00e9 centrum Correct<\/title>\n<meta name=\"description\" content=\"Nov\u00fd rok, Star\u00fd Nov\u00fd rok a V\u00e1noce v Rusku - co v\u0161e se na v\u00fdchod\u011b Evropy v zim\u011b slav\u00ed, kdy, pro\u010d a jak? To v\u0161e se dozv\u00edte v na\u0161em \u010dl\u00e1nku.\" \/>\n<meta name=\"robots\" content=\"index, follow, max-snippet:-1, max-image-preview:large, max-video-preview:-1\" \/>\n<link rel=\"canonical\" href=\"https:\/\/www.jc-correct.com\/blog\/jak-se-slavi-vanoce-a-novy-rok-v-rusku\/\" \/>\n<meta property=\"og:locale\" content=\"cs_CZ\" \/>\n<meta property=\"og:type\" content=\"article\" \/>\n<meta property=\"og:title\" content=\"Jak se slav\u00ed V\u00e1noce v Rusku? - BLOG: Jazykov\u00e9 centrum Correct\" \/>\n<meta property=\"og:description\" content=\"Nov\u00fd rok, Star\u00fd Nov\u00fd rok a V\u00e1noce v Rusku - co v\u0161e se na v\u00fdchod\u011b Evropy v zim\u011b slav\u00ed, kdy, pro\u010d a jak? To v\u0161e se dozv\u00edte v na\u0161em \u010dl\u00e1nku.\" \/>\n<meta property=\"og:url\" content=\"https:\/\/www.jc-correct.com\/blog\/jak-se-slavi-vanoce-a-novy-rok-v-rusku\/\" \/>\n<meta property=\"og:site_name\" content=\"BLOG: Jazykov\u00e9 centrum Correct\" \/>\n<meta property=\"article:publisher\" content=\"https:\/\/www.facebook.com\/correct.jazykove.centrum\/\" \/>\n<meta property=\"article:published_time\" content=\"2021-11-26T17:09:09+00:00\" \/>\n<meta property=\"article:modified_time\" content=\"2023-03-15T11:03:26+00:00\" \/>\n<meta property=\"og:image\" content=\"https:\/\/www.jc-correct.com\/blog\/wp-content\/uploads\/2021\/11\/Vanoce-RU-1.jpg\" \/>\n\t<meta property=\"og:image:width\" content=\"1920\" \/>\n\t<meta property=\"og:image:height\" content=\"1080\" \/>\n\t<meta property=\"og:image:type\" content=\"image\/jpeg\" \/>\n<meta name=\"author\" content=\"Johana Ringelov\u00e1\" \/>\n<meta name=\"twitter:card\" content=\"summary_large_image\" \/>\n<meta name=\"twitter:label1\" content=\"Napsal(a)\" \/>\n\t<meta name=\"twitter:data1\" content=\"Johana Ringelov\u00e1\" \/>\n\t<meta name=\"twitter:label2\" content=\"Odhadovan\u00e1 doba \u010dten\u00ed\" \/>\n\t<meta name=\"twitter:data2\" content=\"12 minut\" \/>\n<script type=\"application\/ld+json\" class=\"yoast-schema-graph\">{\"@context\":\"https:\\\/\\\/schema.org\",\"@graph\":[{\"@type\":\"Article\",\"@id\":\"https:\\\/\\\/www.jc-correct.com\\\/blog\\\/jak-se-slavi-vanoce-a-novy-rok-v-rusku\\\/#article\",\"isPartOf\":{\"@id\":\"https:\\\/\\\/www.jc-correct.com\\\/blog\\\/jak-se-slavi-vanoce-a-novy-rok-v-rusku\\\/\"},\"author\":{\"name\":\"Johana Ringelov\u00e1\",\"@id\":\"https:\\\/\\\/www.jc-correct.com\\\/blog\\\/#\\\/schema\\\/person\\\/7cf27ebe2c3d02335b7817080293e522\"},\"headline\":\"Jak se slav\u00ed V\u00e1noce v Rusku?\",\"datePublished\":\"2021-11-26T17:09:09+00:00\",\"dateModified\":\"2023-03-15T11:03:26+00:00\",\"mainEntityOfPage\":{\"@id\":\"https:\\\/\\\/www.jc-correct.com\\\/blog\\\/jak-se-slavi-vanoce-a-novy-rok-v-rusku\\\/\"},\"wordCount\":2494,\"publisher\":{\"@id\":\"https:\\\/\\\/www.jc-correct.com\\\/blog\\\/#organization\"},\"image\":{\"@id\":\"https:\\\/\\\/www.jc-correct.com\\\/blog\\\/jak-se-slavi-vanoce-a-novy-rok-v-rusku\\\/#primaryimage\"},\"thumbnailUrl\":\"https:\\\/\\\/www.jc-correct.com\\\/blog\\\/wp-content\\\/uploads\\\/2021\\\/11\\\/Vanoce-RU-1.jpg\",\"keywords\":[\"Nov\u00fd rok v Rusku\",\"rusk\u00e9 v\u00e1noce\",\"rusk\u00fd Nov\u00fd rok\",\"Star\u00fd Nov\u00fd rok\",\"STar\u00fd Nov\u00fd rok v Rusku\",\"V\u00e1noce v Rusku\",\"v\u00e1no\u010dn\u00ed sv\u00e1tky v Rusku\"],\"articleSection\":[\"Novinky\",\"Tipy ke studiu ru\u0161tiny\",\"Vzd\u011bl\u00e1v\u00e1me\",\"Zaj\u00edmavosti\"],\"inLanguage\":\"cs\"},{\"@type\":\"WebPage\",\"@id\":\"https:\\\/\\\/www.jc-correct.com\\\/blog\\\/jak-se-slavi-vanoce-a-novy-rok-v-rusku\\\/\",\"url\":\"https:\\\/\\\/www.jc-correct.com\\\/blog\\\/jak-se-slavi-vanoce-a-novy-rok-v-rusku\\\/\",\"name\":\"Jak se slav\u00ed V\u00e1noce v Rusku? - BLOG: Jazykov\u00e9 centrum Correct\",\"isPartOf\":{\"@id\":\"https:\\\/\\\/www.jc-correct.com\\\/blog\\\/#website\"},\"primaryImageOfPage\":{\"@id\":\"https:\\\/\\\/www.jc-correct.com\\\/blog\\\/jak-se-slavi-vanoce-a-novy-rok-v-rusku\\\/#primaryimage\"},\"image\":{\"@id\":\"https:\\\/\\\/www.jc-correct.com\\\/blog\\\/jak-se-slavi-vanoce-a-novy-rok-v-rusku\\\/#primaryimage\"},\"thumbnailUrl\":\"https:\\\/\\\/www.jc-correct.com\\\/blog\\\/wp-content\\\/uploads\\\/2021\\\/11\\\/Vanoce-RU-1.jpg\",\"datePublished\":\"2021-11-26T17:09:09+00:00\",\"dateModified\":\"2023-03-15T11:03:26+00:00\",\"description\":\"Nov\u00fd rok, Star\u00fd Nov\u00fd rok a V\u00e1noce v Rusku - co v\u0161e se na v\u00fdchod\u011b Evropy v zim\u011b slav\u00ed, kdy, pro\u010d a jak? To v\u0161e se dozv\u00edte v na\u0161em \u010dl\u00e1nku.\",\"breadcrumb\":{\"@id\":\"https:\\\/\\\/www.jc-correct.com\\\/blog\\\/jak-se-slavi-vanoce-a-novy-rok-v-rusku\\\/#breadcrumb\"},\"inLanguage\":\"cs\",\"potentialAction\":[{\"@type\":\"ReadAction\",\"target\":[\"https:\\\/\\\/www.jc-correct.com\\\/blog\\\/jak-se-slavi-vanoce-a-novy-rok-v-rusku\\\/\"]}]},{\"@type\":\"ImageObject\",\"inLanguage\":\"cs\",\"@id\":\"https:\\\/\\\/www.jc-correct.com\\\/blog\\\/jak-se-slavi-vanoce-a-novy-rok-v-rusku\\\/#primaryimage\",\"url\":\"https:\\\/\\\/www.jc-correct.com\\\/blog\\\/wp-content\\\/uploads\\\/2021\\\/11\\\/Vanoce-RU-1.jpg\",\"contentUrl\":\"https:\\\/\\\/www.jc-correct.com\\\/blog\\\/wp-content\\\/uploads\\\/2021\\\/11\\\/Vanoce-RU-1.jpg\",\"width\":1920,\"height\":1080},{\"@type\":\"BreadcrumbList\",\"@id\":\"https:\\\/\\\/www.jc-correct.com\\\/blog\\\/jak-se-slavi-vanoce-a-novy-rok-v-rusku\\\/#breadcrumb\",\"itemListElement\":[{\"@type\":\"ListItem\",\"position\":1,\"name\":\"Dom\u016f\",\"item\":\"https:\\\/\\\/www.jc-correct.com\\\/blog\\\/\"},{\"@type\":\"ListItem\",\"position\":2,\"name\":\"Jak se slav\u00ed V\u00e1noce v Rusku?\"}]},{\"@type\":\"WebSite\",\"@id\":\"https:\\\/\\\/www.jc-correct.com\\\/blog\\\/#website\",\"url\":\"https:\\\/\\\/www.jc-correct.com\\\/blog\\\/\",\"name\":\"BLOG: Jazykov\u00e9 centrum Correct\",\"description\":\"\",\"publisher\":{\"@id\":\"https:\\\/\\\/www.jc-correct.com\\\/blog\\\/#organization\"},\"potentialAction\":[{\"@type\":\"SearchAction\",\"target\":{\"@type\":\"EntryPoint\",\"urlTemplate\":\"https:\\\/\\\/www.jc-correct.com\\\/blog\\\/?s={search_term_string}\"},\"query-input\":{\"@type\":\"PropertyValueSpecification\",\"valueRequired\":true,\"valueName\":\"search_term_string\"}}],\"inLanguage\":\"cs\"},{\"@type\":\"Organization\",\"@id\":\"https:\\\/\\\/www.jc-correct.com\\\/blog\\\/#organization\",\"name\":\"Jazykov\u00e9 centrum Correct, s.r.o.\",\"url\":\"https:\\\/\\\/www.jc-correct.com\\\/blog\\\/\",\"logo\":{\"@type\":\"ImageObject\",\"inLanguage\":\"cs\",\"@id\":\"https:\\\/\\\/www.jc-correct.com\\\/blog\\\/#\\\/schema\\\/logo\\\/image\\\/\",\"url\":\"https:\\\/\\\/www.jc-correct.com\\\/blog\\\/wp-content\\\/uploads\\\/2019\\\/09\\\/logo.png\",\"contentUrl\":\"https:\\\/\\\/www.jc-correct.com\\\/blog\\\/wp-content\\\/uploads\\\/2019\\\/09\\\/logo.png\",\"width\":228,\"height\":89,\"caption\":\"Jazykov\u00e9 centrum Correct, s.r.o.\"},\"image\":{\"@id\":\"https:\\\/\\\/www.jc-correct.com\\\/blog\\\/#\\\/schema\\\/logo\\\/image\\\/\"},\"sameAs\":[\"https:\\\/\\\/www.facebook.com\\\/correct.jazykove.centrum\\\/\",\"https:\\\/\\\/www.instagram.com\\\/wearecorrect\\\/\",\"https:\\\/\\\/www.linkedin.com\\\/company\\\/correct-language-centre\\\/\",\"https:\\\/\\\/www.youtube.com\\\/channel\\\/UCqO47fnZwWjEqjOG57A7rZA\\\/featured\"]},{\"@type\":\"Person\",\"@id\":\"https:\\\/\\\/www.jc-correct.com\\\/blog\\\/#\\\/schema\\\/person\\\/7cf27ebe2c3d02335b7817080293e522\",\"name\":\"Johana Ringelov\u00e1\",\"image\":{\"@type\":\"ImageObject\",\"inLanguage\":\"cs\",\"@id\":\"https:\\\/\\\/www.jc-correct.com\\\/blog\\\/wp-content\\\/uploads\\\/2020\\\/12\\\/JRA-1-150x150.jpg\",\"url\":\"https:\\\/\\\/www.jc-correct.com\\\/blog\\\/wp-content\\\/uploads\\\/2020\\\/12\\\/JRA-1-150x150.jpg\",\"contentUrl\":\"https:\\\/\\\/www.jc-correct.com\\\/blog\\\/wp-content\\\/uploads\\\/2020\\\/12\\\/JRA-1-150x150.jpg\",\"caption\":\"Johana Ringelov\u00e1\"},\"url\":\"https:\\\/\\\/www.jc-correct.com\\\/blog\\\/author\\\/johana\\\/\"}]}<\/script>\n<!-- \/ Yoast SEO plugin. -->","yoast_head_json":{"title":"Jak se slav\u00ed V\u00e1noce v Rusku? - BLOG: Jazykov\u00e9 centrum Correct","description":"Nov\u00fd rok, Star\u00fd Nov\u00fd rok a V\u00e1noce v Rusku - co v\u0161e se na v\u00fdchod\u011b Evropy v zim\u011b slav\u00ed, kdy, pro\u010d a jak? To v\u0161e se dozv\u00edte v na\u0161em \u010dl\u00e1nku.","robots":{"index":"index","follow":"follow","max-snippet":"max-snippet:-1","max-image-preview":"max-image-preview:large","max-video-preview":"max-video-preview:-1"},"canonical":"https:\/\/www.jc-correct.com\/blog\/jak-se-slavi-vanoce-a-novy-rok-v-rusku\/","og_locale":"cs_CZ","og_type":"article","og_title":"Jak se slav\u00ed V\u00e1noce v Rusku? - BLOG: Jazykov\u00e9 centrum Correct","og_description":"Nov\u00fd rok, Star\u00fd Nov\u00fd rok a V\u00e1noce v Rusku - co v\u0161e se na v\u00fdchod\u011b Evropy v zim\u011b slav\u00ed, kdy, pro\u010d a jak? To v\u0161e se dozv\u00edte v na\u0161em \u010dl\u00e1nku.","og_url":"https:\/\/www.jc-correct.com\/blog\/jak-se-slavi-vanoce-a-novy-rok-v-rusku\/","og_site_name":"BLOG: Jazykov\u00e9 centrum Correct","article_publisher":"https:\/\/www.facebook.com\/correct.jazykove.centrum\/","article_published_time":"2021-11-26T17:09:09+00:00","article_modified_time":"2023-03-15T11:03:26+00:00","og_image":[{"width":1920,"height":1080,"url":"https:\/\/www.jc-correct.com\/blog\/wp-content\/uploads\/2021\/11\/Vanoce-RU-1.jpg","type":"image\/jpeg"}],"author":"Johana Ringelov\u00e1","twitter_card":"summary_large_image","twitter_misc":{"Napsal(a)":"Johana Ringelov\u00e1","Odhadovan\u00e1 doba \u010dten\u00ed":"12 minut"},"schema":{"@context":"https:\/\/schema.org","@graph":[{"@type":"Article","@id":"https:\/\/www.jc-correct.com\/blog\/jak-se-slavi-vanoce-a-novy-rok-v-rusku\/#article","isPartOf":{"@id":"https:\/\/www.jc-correct.com\/blog\/jak-se-slavi-vanoce-a-novy-rok-v-rusku\/"},"author":{"name":"Johana Ringelov\u00e1","@id":"https:\/\/www.jc-correct.com\/blog\/#\/schema\/person\/7cf27ebe2c3d02335b7817080293e522"},"headline":"Jak se slav\u00ed V\u00e1noce v Rusku?","datePublished":"2021-11-26T17:09:09+00:00","dateModified":"2023-03-15T11:03:26+00:00","mainEntityOfPage":{"@id":"https:\/\/www.jc-correct.com\/blog\/jak-se-slavi-vanoce-a-novy-rok-v-rusku\/"},"wordCount":2494,"publisher":{"@id":"https:\/\/www.jc-correct.com\/blog\/#organization"},"image":{"@id":"https:\/\/www.jc-correct.com\/blog\/jak-se-slavi-vanoce-a-novy-rok-v-rusku\/#primaryimage"},"thumbnailUrl":"https:\/\/www.jc-correct.com\/blog\/wp-content\/uploads\/2021\/11\/Vanoce-RU-1.jpg","keywords":["Nov\u00fd rok v Rusku","rusk\u00e9 v\u00e1noce","rusk\u00fd Nov\u00fd rok","Star\u00fd Nov\u00fd rok","STar\u00fd Nov\u00fd rok v Rusku","V\u00e1noce v Rusku","v\u00e1no\u010dn\u00ed sv\u00e1tky v Rusku"],"articleSection":["Novinky","Tipy ke studiu ru\u0161tiny","Vzd\u011bl\u00e1v\u00e1me","Zaj\u00edmavosti"],"inLanguage":"cs"},{"@type":"WebPage","@id":"https:\/\/www.jc-correct.com\/blog\/jak-se-slavi-vanoce-a-novy-rok-v-rusku\/","url":"https:\/\/www.jc-correct.com\/blog\/jak-se-slavi-vanoce-a-novy-rok-v-rusku\/","name":"Jak se slav\u00ed V\u00e1noce v Rusku? - BLOG: Jazykov\u00e9 centrum Correct","isPartOf":{"@id":"https:\/\/www.jc-correct.com\/blog\/#website"},"primaryImageOfPage":{"@id":"https:\/\/www.jc-correct.com\/blog\/jak-se-slavi-vanoce-a-novy-rok-v-rusku\/#primaryimage"},"image":{"@id":"https:\/\/www.jc-correct.com\/blog\/jak-se-slavi-vanoce-a-novy-rok-v-rusku\/#primaryimage"},"thumbnailUrl":"https:\/\/www.jc-correct.com\/blog\/wp-content\/uploads\/2021\/11\/Vanoce-RU-1.jpg","datePublished":"2021-11-26T17:09:09+00:00","dateModified":"2023-03-15T11:03:26+00:00","description":"Nov\u00fd rok, Star\u00fd Nov\u00fd rok a V\u00e1noce v Rusku - co v\u0161e se na v\u00fdchod\u011b Evropy v zim\u011b slav\u00ed, kdy, pro\u010d a jak? To v\u0161e se dozv\u00edte v na\u0161em \u010dl\u00e1nku.","breadcrumb":{"@id":"https:\/\/www.jc-correct.com\/blog\/jak-se-slavi-vanoce-a-novy-rok-v-rusku\/#breadcrumb"},"inLanguage":"cs","potentialAction":[{"@type":"ReadAction","target":["https:\/\/www.jc-correct.com\/blog\/jak-se-slavi-vanoce-a-novy-rok-v-rusku\/"]}]},{"@type":"ImageObject","inLanguage":"cs","@id":"https:\/\/www.jc-correct.com\/blog\/jak-se-slavi-vanoce-a-novy-rok-v-rusku\/#primaryimage","url":"https:\/\/www.jc-correct.com\/blog\/wp-content\/uploads\/2021\/11\/Vanoce-RU-1.jpg","contentUrl":"https:\/\/www.jc-correct.com\/blog\/wp-content\/uploads\/2021\/11\/Vanoce-RU-1.jpg","width":1920,"height":1080},{"@type":"BreadcrumbList","@id":"https:\/\/www.jc-correct.com\/blog\/jak-se-slavi-vanoce-a-novy-rok-v-rusku\/#breadcrumb","itemListElement":[{"@type":"ListItem","position":1,"name":"Dom\u016f","item":"https:\/\/www.jc-correct.com\/blog\/"},{"@type":"ListItem","position":2,"name":"Jak se slav\u00ed V\u00e1noce v Rusku?"}]},{"@type":"WebSite","@id":"https:\/\/www.jc-correct.com\/blog\/#website","url":"https:\/\/www.jc-correct.com\/blog\/","name":"BLOG: Jazykov\u00e9 centrum Correct","description":"","publisher":{"@id":"https:\/\/www.jc-correct.com\/blog\/#organization"},"potentialAction":[{"@type":"SearchAction","target":{"@type":"EntryPoint","urlTemplate":"https:\/\/www.jc-correct.com\/blog\/?s={search_term_string}"},"query-input":{"@type":"PropertyValueSpecification","valueRequired":true,"valueName":"search_term_string"}}],"inLanguage":"cs"},{"@type":"Organization","@id":"https:\/\/www.jc-correct.com\/blog\/#organization","name":"Jazykov\u00e9 centrum Correct, s.r.o.","url":"https:\/\/www.jc-correct.com\/blog\/","logo":{"@type":"ImageObject","inLanguage":"cs","@id":"https:\/\/www.jc-correct.com\/blog\/#\/schema\/logo\/image\/","url":"https:\/\/www.jc-correct.com\/blog\/wp-content\/uploads\/2019\/09\/logo.png","contentUrl":"https:\/\/www.jc-correct.com\/blog\/wp-content\/uploads\/2019\/09\/logo.png","width":228,"height":89,"caption":"Jazykov\u00e9 centrum Correct, s.r.o."},"image":{"@id":"https:\/\/www.jc-correct.com\/blog\/#\/schema\/logo\/image\/"},"sameAs":["https:\/\/www.facebook.com\/correct.jazykove.centrum\/","https:\/\/www.instagram.com\/wearecorrect\/","https:\/\/www.linkedin.com\/company\/correct-language-centre\/","https:\/\/www.youtube.com\/channel\/UCqO47fnZwWjEqjOG57A7rZA\/featured"]},{"@type":"Person","@id":"https:\/\/www.jc-correct.com\/blog\/#\/schema\/person\/7cf27ebe2c3d02335b7817080293e522","name":"Johana Ringelov\u00e1","image":{"@type":"ImageObject","inLanguage":"cs","@id":"https:\/\/www.jc-correct.com\/blog\/wp-content\/uploads\/2020\/12\/JRA-1-150x150.jpg","url":"https:\/\/www.jc-correct.com\/blog\/wp-content\/uploads\/2020\/12\/JRA-1-150x150.jpg","contentUrl":"https:\/\/www.jc-correct.com\/blog\/wp-content\/uploads\/2020\/12\/JRA-1-150x150.jpg","caption":"Johana Ringelov\u00e1"},"url":"https:\/\/www.jc-correct.com\/blog\/author\/johana\/"}]}},"_links":{"self":[{"href":"https:\/\/www.jc-correct.com\/blog\/wp-json\/wp\/v2\/posts\/3373","targetHints":{"allow":["GET"]}}],"collection":[{"href":"https:\/\/www.jc-correct.com\/blog\/wp-json\/wp\/v2\/posts"}],"about":[{"href":"https:\/\/www.jc-correct.com\/blog\/wp-json\/wp\/v2\/types\/post"}],"author":[{"embeddable":true,"href":"https:\/\/www.jc-correct.com\/blog\/wp-json\/wp\/v2\/users\/10"}],"replies":[{"embeddable":true,"href":"https:\/\/www.jc-correct.com\/blog\/wp-json\/wp\/v2\/comments?post=3373"}],"version-history":[{"count":30,"href":"https:\/\/www.jc-correct.com\/blog\/wp-json\/wp\/v2\/posts\/3373\/revisions"}],"predecessor-version":[{"id":3944,"href":"https:\/\/www.jc-correct.com\/blog\/wp-json\/wp\/v2\/posts\/3373\/revisions\/3944"}],"wp:featuredmedia":[{"embeddable":true,"href":"https:\/\/www.jc-correct.com\/blog\/wp-json\/wp\/v2\/media\/3374"}],"wp:attachment":[{"href":"https:\/\/www.jc-correct.com\/blog\/wp-json\/wp\/v2\/media?parent=3373"}],"wp:term":[{"taxonomy":"category","embeddable":true,"href":"https:\/\/www.jc-correct.com\/blog\/wp-json\/wp\/v2\/categories?post=3373"},{"taxonomy":"post_tag","embeddable":true,"href":"https:\/\/www.jc-correct.com\/blog\/wp-json\/wp\/v2\/tags?post=3373"}],"curies":[{"name":"wp","href":"https:\/\/api.w.org\/{rel}","templated":true}]}}