{"id":306,"date":"2015-01-26T12:54:49","date_gmt":"2015-01-26T11:54:49","guid":{"rendered":"http:\/\/www.jc-correct.com\/blog\/?p=306"},"modified":"2019-10-16T09:12:24","modified_gmt":"2019-10-16T07:12:24","slug":"ochutnejme-jazykove-jednohubky-od-cestinare-jana-taborskeho","status":"publish","type":"post","link":"https:\/\/www.jc-correct.com\/blog\/ochutnejme-jazykove-jednohubky-od-cestinare-jana-taborskeho\/","title":{"rendered":"&#8222;Ochutnejme&#8220; Jazykov\u00e9 jednohubky \u010de\u0161tin\u00e1\u0159e Jana T\u00e1borsk\u00e9ho"},"content":{"rendered":"<p>P\u0159ed p\u00e1r t\u00fddny vydal dal\u0161\u00ed z na\u0161ich lektor\u016f knihu. Po <a href=\"https:\/\/www.jc-correct.com\/blog\/lektor-jassan-vydal-pro-kurzy-arabstiny-svou-vlastni-ucebnici\/\" rel=\"noopener noreferrer\">u\u010debnici arab\u0161tiny<\/a> v\u00e1m tak p\u0159edstavujeme <strong>Jazykov\u00e9 jednohubky<\/strong>, soubor t\u0159\u00ed set sloupk\u016f o \u010desk\u00e9m jazyce. Jeho autorovi Janu T\u00e1borsk\u00e9mu jsem polo\u017eil p\u00e1r ot\u00e1zek.<!--more--><\/p>\n<p><strong>Honzo, gratulujeme a radujeme se s tebou. Prozrad\u00ed\u0161 n\u00e1m, co vlastn\u011b v Jazykov\u00fdch jednohubk\u00e1ch najdeme?<\/strong><br \/>\nD\u00edky. Je to soubor krati\u010dk\u00fdch text\u016f o \u010desk\u00e9m jazyce. Tematicky m\u00e1 ta kn\u00ed\u017eka dost \u0161irok\u00fd rozsah: v\u011bnuje se slovn\u00ed z\u00e1sob\u011b, idiom\u016fm, gramatice, stylistice, pravopisu a mnoha dal\u0161\u00edm oblastem, a to od staro\u010de\u0161tiny po sou\u010dasn\u00fd jazyk. Hlavn\u00edm krit\u00e9riem p\u0159i psan\u00ed pro m\u011b bylo, jestli je t\u00e9ma sloupku n\u011bjak zaj\u00edmav\u00e9, a to i pro \u00fapln\u00e9 laiky.<a href=\"https:\/\/www.jc-correct.com\/blog\/wp-content\/uploads\/2015\/01\/obalka.jpg\"><img loading=\"lazy\" decoding=\"async\" class=\"size-medium wp-image-308 alignright lazyload\" src=\"https:\/\/www.jc-correct.com\/blog\/wp-content\/uploads\/2015\/01\/obalka-186x300.jpg\" alt=\"Jazykov\u00e9 jednohubky\" width=\"186\" height=\"300\" data-srcset=\"https:\/\/www.jc-correct.com\/blog\/wp-content\/uploads\/2015\/01\/obalka-186x300.jpg 186w, https:\/\/www.jc-correct.com\/blog\/wp-content\/uploads\/2015\/01\/obalka-768x1236.jpg 768w, https:\/\/www.jc-correct.com\/blog\/wp-content\/uploads\/2015\/01\/obalka-636x1024.jpg 636w, https:\/\/www.jc-correct.com\/blog\/wp-content\/uploads\/2015\/01\/obalka-624x1004.jpg 624w, https:\/\/www.jc-correct.com\/blog\/wp-content\/uploads\/2015\/01\/obalka.jpg 1000w\" sizes=\"auto\" \/><\/a><\/p>\n<p><strong>Souvis\u00ed Jednohubky s facebookovou str\u00e1nkou <a href=\"https:\/\/www.facebook.com\/jazykovezajimavosti\" target=\"_blank\" rel=\"noopener noreferrer\">Jazykov\u00e9 zaj\u00edmavosti<\/a>?<\/strong><br \/>\nJasn\u011b, hodn\u011b \u00fazce. P\u0159ed t\u0159emi lety jsem za\u010dal na Facebook vyv\u011b\u0161ovat zaj\u00edmavosti o \u010de\u0161tin\u011b, formulovan\u00e9 v\u017edy co nejstru\u010dn\u011bji, typicky v jedn\u00e9 dvou v\u011bt\u00e1ch. Kdy\u017e bylo takov\u00fdch p\u0159\u00edsp\u011bvk\u016f u\u017e n\u011bkolik set, rozhodl jsem se ud\u011blat z toho kn\u00ed\u017eku (v \u010dem\u017e m\u011b utvrdila je\u0161t\u011b nab\u00eddka nakladatelstv\u00ed Zoner Press, \u017ee by ji r\u00e1di vydali). N\u011bkolik m\u011bs\u00edc\u016f jsem to pe\u010dliv\u011b t\u0159\u00eddil, pro\u0161krt\u00e1val, dopl\u0148oval, rozepisoval a tak d\u00e1le \u2013 a\u017e z toho vznikly Jednohubky.<\/p>\n<p><strong>Daj\u00ed se Jazykov\u00e9 jednohubky n\u011bjak vyu\u017e\u00edt p\u0159i <a href=\"http:\/\/www.czech-for-foreigners.cz\/cz\/\" rel=\"noopener noreferrer\">v\u00fduce \u010de\u0161tiny<\/a>?<\/strong><br \/>\nMysl\u00edm, \u017ee ano, aspo\u0148 j\u00e1 je vyu\u017e\u00edv\u00e1m celkem pravideln\u011b. Ka\u017ed\u00fd u\u010ditel pot\u0159ebuje do hodiny ob\u010das za\u0159adit n\u011bco, \u010d\u00edm studenty pobav\u00ed nebo \u010d\u00edm upout\u00e1 jejich pozornost. D\u00e1val jsem si proto velk\u00fd pozor, aby sloupky byly i odborn\u011b dostate\u010dn\u011b p\u0159esn\u00e9.<\/p>\n<p><strong>Kde se d\u00e1 tvoje kniha koupit? A u\u017e v\u00ed\u0161, jak\u00fd je o ni z\u00e1jem?<\/strong><br \/>\nJe k dost\u00e1n\u00ed v kamenn\u00fdch knihkupectv\u00edch i kni\u017en\u00edch e-shopech, a to jak v klasick\u00e9 podob\u011b, tak jako e-kniha. Z ohlas\u016f a prodej\u016f m\u00e1m radost: za necel\u00e9 dva m\u011bs\u00edce je prod\u00e1no skoro tis\u00edc v\u00fdtisk\u016f.<\/p>\n<p><strong>D\u00edky za rozhovor!<\/strong><br \/>\nI j\u00e1 d\u011bkuju, Va\u0161ku.<\/p>\n<p>Pozn. S Honzou se m\u016f\u017eete setkat na n\u011bkter\u00e9m z kurz\u016f cyklu <a href=\"https:\/\/www.jc-correct.com\/cestina-pro-cechy\/\" rel=\"noopener noreferrer\">\u010ce\u0161tina pro \u010cechy<\/a>, kde V\u00e1m knihu velmi r\u00e1d podep\u00ed\u0161e \ud83d\ude42<\/p>\n","protected":false},"excerpt":{"rendered":"<p>Kolega Jan T\u00e1borsk\u00fd, \u010de\u0161tin\u00e1\u0159 a bohemista, dokon\u010dil dlouho o\u010dek\u00e1vanou knihu. Honza p\u016fsob\u00ed v na\u0161ich kurzech \u010de\u0161tiny pro \u010cechy, koriguje texty, sepisuje materi\u00e1ly na zak\u00e1zku a nov\u011b vyd\u00e1v\u00e1 i knihy \ud83d\ude42 Honzovi jsem polo\u017eil n\u011bkolik ot\u00e1zek.<\/p>\n","protected":false},"author":2,"featured_media":307,"comment_status":"closed","ping_status":"open","sticky":false,"template":"","format":"standard","meta":{"_acf_changed":false,"footnotes":""},"categories":[249,246,14],"tags":[335,337,32,338,334,33,28,336,339],"class_list":["post-306","post","type-post","status-publish","format-standard","has-post-thumbnail","hentry","category-informujeme","category-zajimavosti","category-ze-zivota-correctu","tag-ceska-prislovi-kniha","tag-cesky-jazyk-v-kostce","tag-cestina-pro-cechy","tag-cestina-pro-dospele","tag-jazykove-jednohubky","tag-ucebnice-cestiny","tag-vyuka-cestiny","tag-zajimavosti-ceskeho-jazyka","tag-zlepsit-si-cestinu"],"acf":[],"yoast_head":"<!-- This site is optimized with the Yoast SEO plugin v22.3 - https:\/\/yoast.com\/wordpress\/plugins\/seo\/ -->\n<title>&quot;Ochutnejme&quot; Jazykov\u00e9 jednohubky \u010de\u0161tin\u00e1\u0159e Jana T\u00e1borsk\u00e9ho - BLOG: Jazykov\u00e9 centrum Correct<\/title>\n<meta name=\"robots\" content=\"index, follow, max-snippet:-1, max-image-preview:large, max-video-preview:-1\" \/>\n<link rel=\"canonical\" href=\"https:\/\/www.jc-correct.com\/blog\/ochutnejme-jazykove-jednohubky-od-cestinare-jana-taborskeho\/\" \/>\n<meta property=\"og:locale\" content=\"cs_CZ\" \/>\n<meta property=\"og:type\" content=\"article\" \/>\n<meta property=\"og:title\" content=\"&quot;Ochutnejme&quot; Jazykov\u00e9 jednohubky \u010de\u0161tin\u00e1\u0159e Jana T\u00e1borsk\u00e9ho - BLOG: Jazykov\u00e9 centrum Correct\" \/>\n<meta property=\"og:description\" content=\"Kolega Jan T\u00e1borsk\u00fd, \u010de\u0161tin\u00e1\u0159 a bohemista, dokon\u010dil dlouho o\u010dek\u00e1vanou knihu. Honza p\u016fsob\u00ed v na\u0161ich kurzech \u010de\u0161tiny pro \u010cechy, koriguje texty, sepisuje materi\u00e1ly na zak\u00e1zku a nov\u011b vyd\u00e1v\u00e1 i knihy :) Honzovi jsem polo\u017eil n\u011bkolik ot\u00e1zek.\" \/>\n<meta property=\"og:url\" content=\"https:\/\/www.jc-correct.com\/blog\/ochutnejme-jazykove-jednohubky-od-cestinare-jana-taborskeho\/\" \/>\n<meta property=\"og:site_name\" content=\"BLOG: Jazykov\u00e9 centrum Correct\" \/>\n<meta property=\"article:publisher\" content=\"https:\/\/www.facebook.com\/correct.jazykove.centrum\/\" \/>\n<meta property=\"article:published_time\" content=\"2015-01-26T11:54:49+00:00\" \/>\n<meta property=\"article:modified_time\" content=\"2019-10-16T07:12:24+00:00\" \/>\n<meta property=\"og:image\" content=\"https:\/\/www.jc-correct.com\/blog\/wp-content\/uploads\/2015\/01\/jazykove-jednohubky-1024x576.jpg\" \/>\n\t<meta property=\"og:image:width\" content=\"1024\" \/>\n\t<meta property=\"og:image:height\" content=\"576\" \/>\n\t<meta property=\"og:image:type\" content=\"image\/jpeg\" \/>\n<meta name=\"author\" content=\"V\u00e1clav Solich\" \/>\n<meta name=\"twitter:card\" content=\"summary_large_image\" \/>\n<meta name=\"twitter:label1\" content=\"Napsal(a)\" \/>\n\t<meta name=\"twitter:data1\" content=\"V\u00e1clav Solich\" \/>\n\t<meta name=\"twitter:label2\" content=\"Odhadovan\u00e1 doba \u010dten\u00ed\" \/>\n\t<meta name=\"twitter:data2\" content=\"2 minuty\" \/>\n<script type=\"application\/ld+json\" class=\"yoast-schema-graph\">{\"@context\":\"https:\/\/schema.org\",\"@graph\":[{\"@type\":\"Article\",\"@id\":\"https:\/\/www.jc-correct.com\/blog\/ochutnejme-jazykove-jednohubky-od-cestinare-jana-taborskeho\/#article\",\"isPartOf\":{\"@id\":\"https:\/\/www.jc-correct.com\/blog\/ochutnejme-jazykove-jednohubky-od-cestinare-jana-taborskeho\/\"},\"author\":{\"name\":\"V\u00e1clav Solich\",\"@id\":\"https:\/\/www.jc-correct.com\/blog\/#\/schema\/person\/96aaa5baa2e5964a367d2584a8f9c245\"},\"headline\":\"&#8222;Ochutnejme&#8220; Jazykov\u00e9 jednohubky \u010de\u0161tin\u00e1\u0159e Jana T\u00e1borsk\u00e9ho\",\"datePublished\":\"2015-01-26T11:54:49+00:00\",\"dateModified\":\"2019-10-16T07:12:24+00:00\",\"mainEntityOfPage\":{\"@id\":\"https:\/\/www.jc-correct.com\/blog\/ochutnejme-jazykove-jednohubky-od-cestinare-jana-taborskeho\/\"},\"wordCount\":412,\"publisher\":{\"@id\":\"https:\/\/www.jc-correct.com\/blog\/#organization\"},\"image\":{\"@id\":\"https:\/\/www.jc-correct.com\/blog\/ochutnejme-jazykove-jednohubky-od-cestinare-jana-taborskeho\/#primaryimage\"},\"thumbnailUrl\":\"https:\/\/www.jc-correct.com\/blog\/wp-content\/uploads\/2015\/01\/jazykove-jednohubky.jpg\",\"keywords\":[\"\u010desk\u00e1 p\u0159\u00edslov\u00ed kniha\",\"\u010desk\u00fd jazyk v kostce\",\"\u010de\u0161tina pro \u010dechy\",\"\u010de\u0161tina pro dosp\u011bl\u00e9\",\"jazykov\u00e9 jednohubky\",\"u\u010debnice \u010de\u0161tiny\",\"v\u00fduka \u010de\u0161tiny\",\"zaj\u00edmavosti \u010desk\u00e9ho jazyka\",\"zlep\u0161it si \u010de\u0161tinu\"],\"articleSection\":[\"Informujeme\",\"Zaj\u00edmavosti\",\"Ze \u017eivota Correctu\"],\"inLanguage\":\"cs\"},{\"@type\":\"WebPage\",\"@id\":\"https:\/\/www.jc-correct.com\/blog\/ochutnejme-jazykove-jednohubky-od-cestinare-jana-taborskeho\/\",\"url\":\"https:\/\/www.jc-correct.com\/blog\/ochutnejme-jazykove-jednohubky-od-cestinare-jana-taborskeho\/\",\"name\":\"\\\"Ochutnejme\\\" Jazykov\u00e9 jednohubky \u010de\u0161tin\u00e1\u0159e Jana T\u00e1borsk\u00e9ho - BLOG: Jazykov\u00e9 centrum Correct\",\"isPartOf\":{\"@id\":\"https:\/\/www.jc-correct.com\/blog\/#website\"},\"primaryImageOfPage\":{\"@id\":\"https:\/\/www.jc-correct.com\/blog\/ochutnejme-jazykove-jednohubky-od-cestinare-jana-taborskeho\/#primaryimage\"},\"image\":{\"@id\":\"https:\/\/www.jc-correct.com\/blog\/ochutnejme-jazykove-jednohubky-od-cestinare-jana-taborskeho\/#primaryimage\"},\"thumbnailUrl\":\"https:\/\/www.jc-correct.com\/blog\/wp-content\/uploads\/2015\/01\/jazykove-jednohubky.jpg\",\"datePublished\":\"2015-01-26T11:54:49+00:00\",\"dateModified\":\"2019-10-16T07:12:24+00:00\",\"breadcrumb\":{\"@id\":\"https:\/\/www.jc-correct.com\/blog\/ochutnejme-jazykove-jednohubky-od-cestinare-jana-taborskeho\/#breadcrumb\"},\"inLanguage\":\"cs\",\"potentialAction\":[{\"@type\":\"ReadAction\",\"target\":[\"https:\/\/www.jc-correct.com\/blog\/ochutnejme-jazykove-jednohubky-od-cestinare-jana-taborskeho\/\"]}]},{\"@type\":\"ImageObject\",\"inLanguage\":\"cs\",\"@id\":\"https:\/\/www.jc-correct.com\/blog\/ochutnejme-jazykove-jednohubky-od-cestinare-jana-taborskeho\/#primaryimage\",\"url\":\"https:\/\/www.jc-correct.com\/blog\/wp-content\/uploads\/2015\/01\/jazykove-jednohubky.jpg\",\"contentUrl\":\"https:\/\/www.jc-correct.com\/blog\/wp-content\/uploads\/2015\/01\/jazykove-jednohubky.jpg\",\"width\":3830,\"height\":2155},{\"@type\":\"BreadcrumbList\",\"@id\":\"https:\/\/www.jc-correct.com\/blog\/ochutnejme-jazykove-jednohubky-od-cestinare-jana-taborskeho\/#breadcrumb\",\"itemListElement\":[{\"@type\":\"ListItem\",\"position\":1,\"name\":\"Dom\u016f\",\"item\":\"https:\/\/www.jc-correct.com\/blog\/\"},{\"@type\":\"ListItem\",\"position\":2,\"name\":\"&#8222;Ochutnejme&#8220; Jazykov\u00e9 jednohubky \u010de\u0161tin\u00e1\u0159e Jana T\u00e1borsk\u00e9ho\"}]},{\"@type\":\"WebSite\",\"@id\":\"https:\/\/www.jc-correct.com\/blog\/#website\",\"url\":\"https:\/\/www.jc-correct.com\/blog\/\",\"name\":\"BLOG: Jazykov\u00e9 centrum Correct\",\"description\":\"\",\"publisher\":{\"@id\":\"https:\/\/www.jc-correct.com\/blog\/#organization\"},\"potentialAction\":[{\"@type\":\"SearchAction\",\"target\":{\"@type\":\"EntryPoint\",\"urlTemplate\":\"https:\/\/www.jc-correct.com\/blog\/?s={search_term_string}\"},\"query-input\":\"required name=search_term_string\"}],\"inLanguage\":\"cs\"},{\"@type\":\"Organization\",\"@id\":\"https:\/\/www.jc-correct.com\/blog\/#organization\",\"name\":\"Jazykov\u00e9 centrum Correct, s.r.o.\",\"url\":\"https:\/\/www.jc-correct.com\/blog\/\",\"logo\":{\"@type\":\"ImageObject\",\"inLanguage\":\"cs\",\"@id\":\"https:\/\/www.jc-correct.com\/blog\/#\/schema\/logo\/image\/\",\"url\":\"https:\/\/www.jc-correct.com\/blog\/wp-content\/uploads\/2019\/09\/logo.png\",\"contentUrl\":\"https:\/\/www.jc-correct.com\/blog\/wp-content\/uploads\/2019\/09\/logo.png\",\"width\":228,\"height\":89,\"caption\":\"Jazykov\u00e9 centrum Correct, s.r.o.\"},\"image\":{\"@id\":\"https:\/\/www.jc-correct.com\/blog\/#\/schema\/logo\/image\/\"},\"sameAs\":[\"https:\/\/www.facebook.com\/correct.jazykove.centrum\/\",\"https:\/\/www.instagram.com\/wearecorrect\/\",\"https:\/\/www.linkedin.com\/company\/correct-language-centre\/\",\"https:\/\/www.youtube.com\/channel\/UCqO47fnZwWjEqjOG57A7rZA\/featured\"]},{\"@type\":\"Person\",\"@id\":\"https:\/\/www.jc-correct.com\/blog\/#\/schema\/person\/96aaa5baa2e5964a367d2584a8f9c245\",\"name\":\"V\u00e1clav Solich\",\"image\":{\"@type\":\"ImageObject\",\"inLanguage\":\"cs\",\"@id\":\"https:\/\/www.jc-correct.com\/blog\/#\/schema\/person\/image\/\",\"url\":\"https:\/\/www.jc-correct.com\/blog\/wp-content\/uploads\/2019\/09\/vaclav-solich-150x150.jpg\",\"contentUrl\":\"https:\/\/www.jc-correct.com\/blog\/wp-content\/uploads\/2019\/09\/vaclav-solich-150x150.jpg\",\"caption\":\"V\u00e1clav Solich\"},\"description\":\"Correc\u0165\u00e1k t\u011blem i du\u0161\u00ed - CEO a majitel Correctu\",\"sameAs\":[\"http:\/\/bit.ly\/vaclav-solich\",\"https:\/\/www.youtube.com\/@wearecorrect\"],\"url\":\"https:\/\/www.jc-correct.com\/blog\/author\/vasek\/\"}]}<\/script>\n<!-- \/ Yoast SEO plugin. -->","yoast_head_json":{"title":"\"Ochutnejme\" Jazykov\u00e9 jednohubky \u010de\u0161tin\u00e1\u0159e Jana T\u00e1borsk\u00e9ho - BLOG: Jazykov\u00e9 centrum Correct","robots":{"index":"index","follow":"follow","max-snippet":"max-snippet:-1","max-image-preview":"max-image-preview:large","max-video-preview":"max-video-preview:-1"},"canonical":"https:\/\/www.jc-correct.com\/blog\/ochutnejme-jazykove-jednohubky-od-cestinare-jana-taborskeho\/","og_locale":"cs_CZ","og_type":"article","og_title":"\"Ochutnejme\" Jazykov\u00e9 jednohubky \u010de\u0161tin\u00e1\u0159e Jana T\u00e1borsk\u00e9ho - BLOG: Jazykov\u00e9 centrum Correct","og_description":"Kolega Jan T\u00e1borsk\u00fd, \u010de\u0161tin\u00e1\u0159 a bohemista, dokon\u010dil dlouho o\u010dek\u00e1vanou knihu. Honza p\u016fsob\u00ed v na\u0161ich kurzech \u010de\u0161tiny pro \u010cechy, koriguje texty, sepisuje materi\u00e1ly na zak\u00e1zku a nov\u011b vyd\u00e1v\u00e1 i knihy :) Honzovi jsem polo\u017eil n\u011bkolik ot\u00e1zek.","og_url":"https:\/\/www.jc-correct.com\/blog\/ochutnejme-jazykove-jednohubky-od-cestinare-jana-taborskeho\/","og_site_name":"BLOG: Jazykov\u00e9 centrum Correct","article_publisher":"https:\/\/www.facebook.com\/correct.jazykove.centrum\/","article_published_time":"2015-01-26T11:54:49+00:00","article_modified_time":"2019-10-16T07:12:24+00:00","og_image":[{"width":1024,"height":576,"url":"https:\/\/www.jc-correct.com\/blog\/wp-content\/uploads\/2015\/01\/jazykove-jednohubky-1024x576.jpg","type":"image\/jpeg"}],"author":"V\u00e1clav Solich","twitter_card":"summary_large_image","twitter_misc":{"Napsal(a)":"V\u00e1clav Solich","Odhadovan\u00e1 doba \u010dten\u00ed":"2 minuty"},"schema":{"@context":"https:\/\/schema.org","@graph":[{"@type":"Article","@id":"https:\/\/www.jc-correct.com\/blog\/ochutnejme-jazykove-jednohubky-od-cestinare-jana-taborskeho\/#article","isPartOf":{"@id":"https:\/\/www.jc-correct.com\/blog\/ochutnejme-jazykove-jednohubky-od-cestinare-jana-taborskeho\/"},"author":{"name":"V\u00e1clav Solich","@id":"https:\/\/www.jc-correct.com\/blog\/#\/schema\/person\/96aaa5baa2e5964a367d2584a8f9c245"},"headline":"&#8222;Ochutnejme&#8220; Jazykov\u00e9 jednohubky \u010de\u0161tin\u00e1\u0159e Jana T\u00e1borsk\u00e9ho","datePublished":"2015-01-26T11:54:49+00:00","dateModified":"2019-10-16T07:12:24+00:00","mainEntityOfPage":{"@id":"https:\/\/www.jc-correct.com\/blog\/ochutnejme-jazykove-jednohubky-od-cestinare-jana-taborskeho\/"},"wordCount":412,"publisher":{"@id":"https:\/\/www.jc-correct.com\/blog\/#organization"},"image":{"@id":"https:\/\/www.jc-correct.com\/blog\/ochutnejme-jazykove-jednohubky-od-cestinare-jana-taborskeho\/#primaryimage"},"thumbnailUrl":"https:\/\/www.jc-correct.com\/blog\/wp-content\/uploads\/2015\/01\/jazykove-jednohubky.jpg","keywords":["\u010desk\u00e1 p\u0159\u00edslov\u00ed kniha","\u010desk\u00fd jazyk v kostce","\u010de\u0161tina pro \u010dechy","\u010de\u0161tina pro dosp\u011bl\u00e9","jazykov\u00e9 jednohubky","u\u010debnice \u010de\u0161tiny","v\u00fduka \u010de\u0161tiny","zaj\u00edmavosti \u010desk\u00e9ho jazyka","zlep\u0161it si \u010de\u0161tinu"],"articleSection":["Informujeme","Zaj\u00edmavosti","Ze \u017eivota Correctu"],"inLanguage":"cs"},{"@type":"WebPage","@id":"https:\/\/www.jc-correct.com\/blog\/ochutnejme-jazykove-jednohubky-od-cestinare-jana-taborskeho\/","url":"https:\/\/www.jc-correct.com\/blog\/ochutnejme-jazykove-jednohubky-od-cestinare-jana-taborskeho\/","name":"\"Ochutnejme\" Jazykov\u00e9 jednohubky \u010de\u0161tin\u00e1\u0159e Jana T\u00e1borsk\u00e9ho - BLOG: Jazykov\u00e9 centrum Correct","isPartOf":{"@id":"https:\/\/www.jc-correct.com\/blog\/#website"},"primaryImageOfPage":{"@id":"https:\/\/www.jc-correct.com\/blog\/ochutnejme-jazykove-jednohubky-od-cestinare-jana-taborskeho\/#primaryimage"},"image":{"@id":"https:\/\/www.jc-correct.com\/blog\/ochutnejme-jazykove-jednohubky-od-cestinare-jana-taborskeho\/#primaryimage"},"thumbnailUrl":"https:\/\/www.jc-correct.com\/blog\/wp-content\/uploads\/2015\/01\/jazykove-jednohubky.jpg","datePublished":"2015-01-26T11:54:49+00:00","dateModified":"2019-10-16T07:12:24+00:00","breadcrumb":{"@id":"https:\/\/www.jc-correct.com\/blog\/ochutnejme-jazykove-jednohubky-od-cestinare-jana-taborskeho\/#breadcrumb"},"inLanguage":"cs","potentialAction":[{"@type":"ReadAction","target":["https:\/\/www.jc-correct.com\/blog\/ochutnejme-jazykove-jednohubky-od-cestinare-jana-taborskeho\/"]}]},{"@type":"ImageObject","inLanguage":"cs","@id":"https:\/\/www.jc-correct.com\/blog\/ochutnejme-jazykove-jednohubky-od-cestinare-jana-taborskeho\/#primaryimage","url":"https:\/\/www.jc-correct.com\/blog\/wp-content\/uploads\/2015\/01\/jazykove-jednohubky.jpg","contentUrl":"https:\/\/www.jc-correct.com\/blog\/wp-content\/uploads\/2015\/01\/jazykove-jednohubky.jpg","width":3830,"height":2155},{"@type":"BreadcrumbList","@id":"https:\/\/www.jc-correct.com\/blog\/ochutnejme-jazykove-jednohubky-od-cestinare-jana-taborskeho\/#breadcrumb","itemListElement":[{"@type":"ListItem","position":1,"name":"Dom\u016f","item":"https:\/\/www.jc-correct.com\/blog\/"},{"@type":"ListItem","position":2,"name":"&#8222;Ochutnejme&#8220; Jazykov\u00e9 jednohubky \u010de\u0161tin\u00e1\u0159e Jana T\u00e1borsk\u00e9ho"}]},{"@type":"WebSite","@id":"https:\/\/www.jc-correct.com\/blog\/#website","url":"https:\/\/www.jc-correct.com\/blog\/","name":"BLOG: Jazykov\u00e9 centrum Correct","description":"","publisher":{"@id":"https:\/\/www.jc-correct.com\/blog\/#organization"},"potentialAction":[{"@type":"SearchAction","target":{"@type":"EntryPoint","urlTemplate":"https:\/\/www.jc-correct.com\/blog\/?s={search_term_string}"},"query-input":"required name=search_term_string"}],"inLanguage":"cs"},{"@type":"Organization","@id":"https:\/\/www.jc-correct.com\/blog\/#organization","name":"Jazykov\u00e9 centrum Correct, s.r.o.","url":"https:\/\/www.jc-correct.com\/blog\/","logo":{"@type":"ImageObject","inLanguage":"cs","@id":"https:\/\/www.jc-correct.com\/blog\/#\/schema\/logo\/image\/","url":"https:\/\/www.jc-correct.com\/blog\/wp-content\/uploads\/2019\/09\/logo.png","contentUrl":"https:\/\/www.jc-correct.com\/blog\/wp-content\/uploads\/2019\/09\/logo.png","width":228,"height":89,"caption":"Jazykov\u00e9 centrum Correct, s.r.o."},"image":{"@id":"https:\/\/www.jc-correct.com\/blog\/#\/schema\/logo\/image\/"},"sameAs":["https:\/\/www.facebook.com\/correct.jazykove.centrum\/","https:\/\/www.instagram.com\/wearecorrect\/","https:\/\/www.linkedin.com\/company\/correct-language-centre\/","https:\/\/www.youtube.com\/channel\/UCqO47fnZwWjEqjOG57A7rZA\/featured"]},{"@type":"Person","@id":"https:\/\/www.jc-correct.com\/blog\/#\/schema\/person\/96aaa5baa2e5964a367d2584a8f9c245","name":"V\u00e1clav Solich","image":{"@type":"ImageObject","inLanguage":"cs","@id":"https:\/\/www.jc-correct.com\/blog\/#\/schema\/person\/image\/","url":"https:\/\/www.jc-correct.com\/blog\/wp-content\/uploads\/2019\/09\/vaclav-solich-150x150.jpg","contentUrl":"https:\/\/www.jc-correct.com\/blog\/wp-content\/uploads\/2019\/09\/vaclav-solich-150x150.jpg","caption":"V\u00e1clav Solich"},"description":"Correc\u0165\u00e1k t\u011blem i du\u0161\u00ed - CEO a majitel Correctu","sameAs":["http:\/\/bit.ly\/vaclav-solich","https:\/\/www.youtube.com\/@wearecorrect"],"url":"https:\/\/www.jc-correct.com\/blog\/author\/vasek\/"}]}},"_links":{"self":[{"href":"https:\/\/www.jc-correct.com\/blog\/wp-json\/wp\/v2\/posts\/306","targetHints":{"allow":["GET"]}}],"collection":[{"href":"https:\/\/www.jc-correct.com\/blog\/wp-json\/wp\/v2\/posts"}],"about":[{"href":"https:\/\/www.jc-correct.com\/blog\/wp-json\/wp\/v2\/types\/post"}],"author":[{"embeddable":true,"href":"https:\/\/www.jc-correct.com\/blog\/wp-json\/wp\/v2\/users\/2"}],"replies":[{"embeddable":true,"href":"https:\/\/www.jc-correct.com\/blog\/wp-json\/wp\/v2\/comments?post=306"}],"version-history":[{"count":24,"href":"https:\/\/www.jc-correct.com\/blog\/wp-json\/wp\/v2\/posts\/306\/revisions"}],"predecessor-version":[{"id":1275,"href":"https:\/\/www.jc-correct.com\/blog\/wp-json\/wp\/v2\/posts\/306\/revisions\/1275"}],"wp:featuredmedia":[{"embeddable":true,"href":"https:\/\/www.jc-correct.com\/blog\/wp-json\/wp\/v2\/media\/307"}],"wp:attachment":[{"href":"https:\/\/www.jc-correct.com\/blog\/wp-json\/wp\/v2\/media?parent=306"}],"wp:term":[{"taxonomy":"category","embeddable":true,"href":"https:\/\/www.jc-correct.com\/blog\/wp-json\/wp\/v2\/categories?post=306"},{"taxonomy":"post_tag","embeddable":true,"href":"https:\/\/www.jc-correct.com\/blog\/wp-json\/wp\/v2\/tags?post=306"}],"curies":[{"name":"wp","href":"https:\/\/api.w.org\/{rel}","templated":true}]}}