{"id":2827,"date":"2021-04-28T10:17:31","date_gmt":"2021-04-28T08:17:31","guid":{"rendered":"https:\/\/www.jc-correct.com\/blog\/?p=2827"},"modified":"2023-01-07T16:57:29","modified_gmt":"2023-01-07T15:57:29","slug":"letni-spanelske-svatky-i-fiesta-de-san-juan","status":"publish","type":"post","link":"https:\/\/www.jc-correct.com\/blog\/letni-spanelske-svatky-i-fiesta-de-san-juan\/","title":{"rendered":"Letn\u00ed \u0161pan\u011blsk\u00e9 sv\u00e1tky I: Fiesta de San Juan"},"content":{"rendered":"\n<p>A\u0165 u\u017e je u n\u00e1s ve st\u0159edn\u00ed Evrop\u011b po\u010das\u00ed jak\u00e9koli, v\u017edycky je p\u0159\u00edjemn\u00e9 zav\u0159\u00edt na chv\u00edli o\u010di a nechat se un\u00e1\u0161et n\u011bkam d\u00e1l, do teplej\u0161\u00edch krajin. Zveme v\u00e1s, abyste se te\u010f spole\u010dn\u011b s&nbsp;n\u00e1mi na p\u00e1r minut vydali do hork\u00fdch, proslun\u011bn\u00fdch dn\u016f \u0161pan\u011blsk\u00e9ho l\u00e9ta. \u0160pan\u011blsk\u00e9 sv\u00e1tky, kter\u00e9 se pr\u00e1v\u011b v t\u00e9to dob\u011b v zemi konaj\u00ed, v\u00e1s zcela jist\u011b okouzl\u00ed. V prvn\u00edm d\u00edle na\u0161eho \u010dl\u00e1nku bychom V\u00e1m r\u00e1di p\u0159edstavili sv\u00e1tek, kter\u00fd l\u00e9to slavnostn\u011b otev\u00edr\u00e1, sv\u00e1tek zasv\u011bcen\u00fd vod\u011b, ohni, ale i svat\u00e9mu Janovi.<\/p>\n\n\n\n<h2 class=\"wp-block-heading\"><strong>Svat\u00fd Jan: sv\u00e1tek, kter\u00fd m\u00edch\u00e1 vodu s&nbsp;ohn\u011bm<\/strong><\/h2>\n\n\n\n<div class=\"wp-block-image\"><figure class=\"aligncenter size-large\"><img loading=\"lazy\" decoding=\"async\" width=\"700\" height=\"350\" src=\"https:\/\/www.jc-correct.com\/blog\/wp-content\/uploads\/2021\/03\/plaz-ohen.jpg\" alt=\"\" class=\"wp-image-3130 lazyload\" data-srcset=\"https:\/\/www.jc-correct.com\/blog\/wp-content\/uploads\/2021\/03\/plaz-ohen.jpg 700w, https:\/\/www.jc-correct.com\/blog\/wp-content\/uploads\/2021\/03\/plaz-ohen-300x150.jpg 300w\" sizes=\"auto\" \/><figcaption>(https:\/\/www.diariovasco.com\/san-sebastian\/sebastian-encendera-hogueras-20220616112916-nt.html)<\/figcaption><\/figure><\/div>\n\n\n\n<p>Jak vypr\u00e1v\u00ed legenda, na Svatoj\u00e1nskou noc se otev\u00edr\u00e1 zem\u011b a vyd\u00e1v\u00e1 sv\u00e9 poklady. \u0160pan\u011bl\u00e9 za on\u00e9 noci vyb\u00edhaj\u00ed na pl\u00e1\u017e, kde otev\u00edraj\u00ed p\u0159edev\u0161\u00edm lahve\u2026 <\/p>\n\n\n\n<p>Za\u010dneme-li popo\u0159\u00e1dku, sv\u00e1tek svat\u00e9ho Jana (San Juan) se slav\u00ed 24. \u010dervna, av\u0161ak oslavy propukaj\u00ed ji\u017e v&nbsp;noci p\u0159edchoz\u00edho dne (z 23. na 24. \u010dervna). Ne\u017e se zapsal svat\u00fd Jan do k\u0159es\u0165ansk\u00e9ho kalend\u00e1\u0159e, oslavoval se v tento den slunovrat, a to p\u0159edev\u0161\u00edm zapalov\u00e1n\u00edm hranic. Soudilo se, \u017ee tato nejkrat\u0161\u00ed noc roku je op\u0159edena magi\u00ed a zvl\u00e1\u0161tn\u00ed moc\u00ed. Sou\u010dasn\u011b s&nbsp;ohn\u011bm, a tedy sv\u011btlem a teplem, se uct\u00edv\u00e1 rovn\u011b\u017e voda. Pr\u00e1v\u011b proto si \u0160pan\u011bl\u00e9 sv\u00e9 hranice rozd\u011bl\u00e1vaj\u00ed na pl\u00e1\u017ei, kde pak celou noc zp\u00edvaj\u00ed, hraj\u00ed na kytaru a pop\u00edjej\u00ed.<\/p>\n\n\n\n<h4 class=\"wp-block-heading\">Ohe\u0148 a voda<\/h4>\n\n\n\n<p>Jeliko\u017e se jedn\u00e1 o magickou noc, kdy se pln\u00ed tajn\u00e1 p\u0159\u00e1n\u00ed, sep\u00ed\u0161\u00ed si oslavuj\u00edc\u00ed sv\u00e9 tu\u017eby na kousek pap\u00edru. Ten pak sp\u00e1l\u00ed na hranici, kterou, jak to zn\u00e1me od J\u00e1no\u0161\u00edka, n\u00e1sledn\u011b p\u0159eskakuj\u00ed. Jinde se na pap\u00edrek naopak sep\u00ed\u0161\u00ed \u0161patn\u00e9 v\u011bci. Ohe\u0148 je tak z\u00e1rove\u0148 o\u010dis\u0165uj\u00edc\u00edm \u017eivlem, kter\u00fd m\u00e1 zbavit od v\u0161eho zl\u00e9ho a nech\u00e1v\u00e1 prostor jen tomu dobr\u00e9mu a pozitivn\u00edmu. Kdo se boj\u00ed ohn\u011b, m\u016f\u017ee se obr\u00e1tit na jeho protip\u00f3l. Za ka\u017ed\u00e9 p\u0159\u00e1n\u00ed byste m\u011bli p\u0159esko\u010dit jednu vlnu ve svitu p\u016flno\u010dn\u00edho m\u011bs\u00edce. Voda za t\u00e9to noci by m\u011bla p\u0159in\u00e1\u0161et \u0161t\u011bst\u00ed, uzdravovat vn\u011bj\u0161\u00ed i nitern\u00e9 bolesti a zkr\u00e1tka b\u00fdt z\u00e1zra\u010dn\u00e1.<\/p>\n\n\n\n<div class=\"wp-block-image\"><figure class=\"aligncenter size-large is-resized\"><img loading=\"lazy\" decoding=\"async\" src=\"https:\/\/www.jc-correct.com\/blog\/wp-content\/uploads\/2021\/03\/fire.jpg\" alt=\"\" class=\"wp-image-3128 lazyload\" width=\"622\" height=\"622\" data-srcset=\"https:\/\/www.jc-correct.com\/blog\/wp-content\/uploads\/2021\/03\/fire.jpg 650w, https:\/\/www.jc-correct.com\/blog\/wp-content\/uploads\/2021\/03\/fire-300x300.jpg 300w, https:\/\/www.jc-correct.com\/blog\/wp-content\/uploads\/2021\/03\/fire-150x150.jpg 150w, https:\/\/www.jc-correct.com\/blog\/wp-content\/uploads\/2021\/03\/fire-80x80.jpg 80w, https:\/\/www.jc-correct.com\/blog\/wp-content\/uploads\/2021\/03\/fire-160x160.jpg 160w, https:\/\/www.jc-correct.com\/blog\/wp-content\/uploads\/2021\/03\/fire-240x240.jpg 240w, https:\/\/www.jc-correct.com\/blog\/wp-content\/uploads\/2021\/03\/fire-320x320.jpg 320w, https:\/\/www.jc-correct.com\/blog\/wp-content\/uploads\/2021\/03\/fire-480x480.jpg 480w, https:\/\/www.jc-correct.com\/blog\/wp-content\/uploads\/2021\/03\/fire-640x640.jpg 640w\" sizes=\"auto\" \/><figcaption>(https:\/\/naturaliste.es\/noches-de-queimada\/)<\/figcaption><\/figure><\/div>\n\n\n\n<p>V&nbsp;podobn\u00e9m duchu se nesou i jin\u00e9 ritu\u00e1ly, kter\u00e9 za\u010d\u00ednaj\u00edc\u00ed omyt\u00edm obli\u010deje. Ve Valencii a v&nbsp;Alicante pak soud\u00ed, \u017ee pokud ohe\u0148 p\u0159esko\u010d\u00edme sedmkr\u00e1t, zajist\u00edme si ochranu na cel\u00fd rok. \u00dadajn\u011b i samotn\u00fd popel svatoj\u00e1nsk\u00fdch hranic m\u00e1 natolik l\u00e9\u010div\u00e9 schopnosti, \u017ee dok\u00e1\u017ee zahnat infekce, epidemie a snad i pandemie.<\/p>\n\n\n\n<p>V&nbsp;Galicii, kraji na severu, jen\u017e soused\u00ed s&nbsp;Portugalskem, p\u0159i p\u0159eskakov\u00e1n\u00ed vln mus\u00ed st\u00e1t \u010dlov\u011bk k&nbsp;mo\u0159i z\u00e1dy a p\u0159esko\u010dit vlny dokonce 9x. Tak\u00e9 tam rozd\u011bl\u00e1vaj\u00ed ohn\u011b, nebo\u0165 v\u011b\u0159\u00ed, \u017ee jejich sv\u011btlo dok\u00e1\u017ee zahnat zl\u00e9 duchy. Pro oko\u0159en\u011bn\u00ed sv\u00fdch oh\u0148\u016f pop\u00edjej\u00ed n\u00e1poj jm\u00e9nem <a href=\"https:\/\/es.wikipedia.org\/wiki\/Queimada\" target=\"_blank\" rel=\"noreferrer noopener\">queimada<\/a> (galicijsky sp\u00e1len\u00e1). P\u0159ipravuje se tak, \u017ee se p\u00e1l\u00ed v&nbsp;hrnci, u \u010deho\u017e je nutn\u00e9 vyslovit to spr\u00e1vn\u00e9 zakl\u00ednadlo k&nbsp;odehn\u00e1n\u00ed \u010darod\u011bjnic a zl\u00fdch duch\u016f. <\/p>\n\n\n\n<h4 class=\"wp-block-heading\">P\u00e1len\u00ed soch a vodn\u00ed b\u011bh<\/h4>\n\n\n\n<p>Nejv\u00fdznamn\u011bj\u0161\u00ed ohn\u011b se pak rozho\u0159\u00ed v&nbsp;Alicante, kde se ka\u017edoro\u010dn\u011b vyr\u00e1b\u011bj\u00ed kr\u00e1sn\u00e9 a velmi pracn\u00e9 sochy ze d\u0159eva, korku \u010di pap\u00edru, kter\u00e9 pak ohe\u0148 pohlt\u00ed. V&nbsp;m\u011bste\u010dku Lanjar\u00f3n se oslavuje sv\u00e1tek vody a \u0161unky, jeho\u017e vrcholem je tzv. vodn\u00ed b\u011bh (Carrera del Agua). Obyvatel\u00e9 o p\u016flnoci vyb\u011bhnou na tra\u0165 dlouhou asi jeden kilometr a po cel\u00e9 jej\u00ed d\u00e9lce se pol\u00e9vaj\u00ed v\u0161\u00edm, co jim p\u0159ijde pod ruku: hadicemi, kbel\u00edky, vodn\u00edmi pistolkami atd. Ti, kte\u0159\u00ed neb\u011b\u017e\u00ed, pol\u00e9vaj\u00ed sv\u00e9 sousedy z&nbsp;pohodl\u00ed sv\u00fdch domov\u016f, a to z&nbsp;oken, balk\u00f3n\u016f \u010di ze dve\u0159\u00ed.<\/p>\n\n\n\n<div class=\"wp-block-image\"><figure class=\"aligncenter size-large\"><img loading=\"lazy\" decoding=\"async\" width=\"650\" height=\"516\" src=\"https:\/\/www.jc-correct.com\/blog\/wp-content\/uploads\/2021\/03\/sochy.jpg\" alt=\"\" class=\"wp-image-3127 lazyload\" data-srcset=\"https:\/\/www.jc-correct.com\/blog\/wp-content\/uploads\/2021\/03\/sochy.jpg 650w, https:\/\/www.jc-correct.com\/blog\/wp-content\/uploads\/2021\/03\/sochy-300x238.jpg 300w\" sizes=\"auto\" \/><figcaption>(https:\/\/www.acasarental.es\/fiestas-en-alicante)<\/figcaption><\/figure><\/div>\n\n\n\n<p>Pokud v\u00e1s sv\u00e1tek svat\u00e9ho Jana zaujal a r\u00e1di byste se o n\u011bm dozv\u011bd\u011bli v\u00edc, ur\u010dit\u011b si obl\u00edb\u00edte i toto <a href=\"https:\/\/www.youtube.com\/watch?v=R0FFo4Z_cb4\" target=\"_blank\" rel=\"noreferrer noopener\">video<\/a> (ve \u0161pan\u011bl\u0161tin\u011b) \ud83d\ude42 . <\/p>\n\n\n\n<p>Dal\u0161\u00ed mezi \u0161pan\u011blsk\u00fdmi letn\u00edmi sv\u00e1tky jsou takzvan\u00e9 <strong>Sanfermines <\/strong>a <strong>Tomatina<\/strong>. O nich se do\u010dtete v \u010dl\u00e1nku <a href=\"https:\/\/www.jc-correct.com\/blog\/letni-spanelske-svatky-ii-sanfermines-tomatina\/\">Letn\u00ed \u0161pan\u011blsk\u00e9 sv\u00e1tky II: Sanfermines, Tomatina<\/a>. Pokud byste se cht\u011bli ochladit,  pot\u00e9 nab\u00edz\u00edme \u010dl\u00e1nek o tom, jak se <a href=\"https:\/\/www.jc-correct.com\/blog\/jak-se-slavi-vanoce-ve-spanelsku\/\">ve \u0160pan\u011blsku slav\u00ed V\u00e1noce<\/a>.<\/p>\n\n\n\n<hr class=\"wp-block-separator\"\/>\n\n\n\n<p>\u010cl\u00e1nek Letn\u00ed \u0161pan\u011blsk\u00e9 sv\u00e1tky I pro v\u00e1s sepsala na\u0161e vynikaj\u00edc\u00ed lektorka \u0161pan\u011bl\u0161tiny a francouz\u0161tiny <a href=\"https:\/\/www.jc-correct.com\/nas-tym\/lektori-jazykovych-kurzu\/sarka-n\">\u0160\u00e1rka<\/a>. Pokud byste se cht\u011bli \u0161pan\u011bl\u0161tin\u011b v\u011bnovat pravideln\u011b, pod\u00edvejte se na na\u0161i nab\u00eddku <a href=\"https:\/\/www.jc-correct.com\/kurzy-spanelstiny-brno\">kurz\u016f \u0161pan\u011bl\u0161tiny<\/a>.<\/p>\n\n\n\n<p>Rad\u011bji byste vyzkou\u0161eli <a href=\"https:\/\/www.jc-correct.com\/individualni-vyuka-spanelstiny-brno\">individu\u00e1ln\u00ed v\u00fduku \u0161pan\u011bl\u0161tiny<\/a>? \u017d\u00e1dn\u00fd probl\u00e9m, r\u00e1di V\u00e1m nab\u00eddneme jak prezen\u010dn\u00ed, tak <a href=\"https:\/\/www.jc-correct.com\/online-vyuka-spanelstiny\">online lekce \u0161pan\u011bl\u0161tiny<\/a>.<\/p>\n\n\n\n<p>Pokud byste m\u011bli jak\u00e9koliv dal\u0161\u00ed dotazy, t\u0159eba t\u00fdkaj\u00edc\u00ed se <a href=\"https:\/\/www.jc-correct.com\/preklady-spanelstiny\">p\u0159eklad\u016f do\/ze \u0161pan\u011bl\u0161tiny<\/a>, nev\u00e1hejte se na n\u00e1s <a href=\"https:\/\/www.jc-correct.com\/kontakty\">obr\u00e1tit<\/a>.<\/p>\n","protected":false},"excerpt":{"rendered":"<p>A\u0165 u\u017e je u n\u00e1s ve st\u0159edn\u00ed Evrop\u011b po\u010das\u00ed jak\u00e9koli, v\u017edycky je p\u0159\u00edjemn\u00e9 zav\u0159\u00edt na chv\u00edli o\u010di a nechat se un\u00e1\u0161et n\u011bkam d\u00e1l, do teplej\u0161\u00edch krajin. Zveme v\u00e1s, abyste se te\u010f spole\u010dn\u011b s&nbsp;n\u00e1mi na p\u00e1r minut vydali do hork\u00fdch, proslun\u011bn\u00fdch dn\u016f \u0161pan\u011blsk\u00e9ho l\u00e9ta. \u0160pan\u011blsk\u00e9 sv\u00e1tky, kter\u00e9 se pr\u00e1v\u011b v t\u00e9to dob\u011b v zemi konaj\u00ed, v\u00e1s zcela jist\u011b okouzl\u00ed. V prvn\u00edm d\u00edle na\u0161eho \u010dl\u00e1nku bychom V\u00e1m r\u00e1di p\u0159edstavili sv\u00e1tek, kter\u00fd l\u00e9to slavnostn\u011b otev\u00edr\u00e1, sv\u00e1tek zasv\u011bcen\u00fd vod\u011b, ohni, ale i svat\u00e9mu Janovi. Svat\u00fd Jan: sv\u00e1tek, kter\u00fd m\u00edch\u00e1 vodu s&nbsp;ohn\u011bm Jak vypr\u00e1v\u00ed legenda, na Svatoj\u00e1nskou noc se otev\u00edr\u00e1 zem\u011b a vyd\u00e1v\u00e1 sv\u00e9 poklady&#8230;.<\/p>\n","protected":false},"author":5,"featured_media":3112,"comment_status":"open","ping_status":"open","sticky":false,"template":"","format":"standard","meta":{"_acf_changed":false,"footnotes":""},"categories":[3,242,558,246],"tags":[939,916,706,954,953],"class_list":["post-2827","post","type-post","status-publish","format-standard","has-post-thumbnail","hentry","category-novinky","category-tipy-ke-studiu","category-tipy-ke-studiu-spanelstiny","category-zajimavosti","tag-fiesta-de-san-juan","tag-spanelske-svatky","tag-spanelsko","tag-svatky-v-galicii","tag-svatky-ve-spanelsku"],"acf":[],"yoast_head":"<!-- This site is optimized with the Yoast SEO plugin v22.3 - https:\/\/yoast.com\/wordpress\/plugins\/seo\/ -->\n<title>Letn\u00ed \u0161pan\u011blsk\u00e9 sv\u00e1tky I: Fiesta de San Juan - BLOG: Jazykov\u00e9 centrum Correct<\/title>\n<meta name=\"description\" content=\"Letn\u00ed \u0161pan\u011blsk\u00e9 sv\u00e1tky a konkr\u00e9tn\u011b Sv\u00e1tek svat\u00e9ho Jana. Jak sv\u00e1tek vznikl, jak se slav\u00ed a pro\u010d je tak popul\u00e1rn\u00ed? Dozv\u00edte se v na\u0161em \u010dl\u00e1nku.\" \/>\n<meta name=\"robots\" content=\"index, follow, max-snippet:-1, max-image-preview:large, max-video-preview:-1\" \/>\n<link rel=\"canonical\" href=\"https:\/\/www.jc-correct.com\/blog\/letni-spanelske-svatky-i-fiesta-de-san-juan\/\" \/>\n<meta property=\"og:locale\" content=\"cs_CZ\" \/>\n<meta property=\"og:type\" content=\"article\" \/>\n<meta property=\"og:title\" content=\"Letn\u00ed \u0161pan\u011blsk\u00e9 sv\u00e1tky I: Fiesta de San Juan - BLOG: Jazykov\u00e9 centrum Correct\" \/>\n<meta property=\"og:description\" content=\"Letn\u00ed \u0161pan\u011blsk\u00e9 sv\u00e1tky a konkr\u00e9tn\u011b Sv\u00e1tek svat\u00e9ho Jana. Jak sv\u00e1tek vznikl, jak se slav\u00ed a pro\u010d je tak popul\u00e1rn\u00ed? Dozv\u00edte se v na\u0161em \u010dl\u00e1nku.\" \/>\n<meta property=\"og:url\" content=\"https:\/\/www.jc-correct.com\/blog\/letni-spanelske-svatky-i-fiesta-de-san-juan\/\" \/>\n<meta property=\"og:site_name\" content=\"BLOG: Jazykov\u00e9 centrum Correct\" \/>\n<meta property=\"article:publisher\" content=\"https:\/\/www.facebook.com\/correct.jazykove.centrum\/\" \/>\n<meta property=\"article:author\" content=\"https:\/\/www.facebook.com\/correct.jazykove.centrum\/\" \/>\n<meta property=\"article:published_time\" content=\"2021-04-28T08:17:31+00:00\" \/>\n<meta property=\"article:modified_time\" content=\"2023-01-07T15:57:29+00:00\" \/>\n<meta property=\"og:image\" content=\"https:\/\/www.jc-correct.com\/blog\/wp-content\/uploads\/2021\/03\/sp.-svatek-uvodni-1.jpg\" \/>\n\t<meta property=\"og:image:width\" content=\"990\" \/>\n\t<meta property=\"og:image:height\" content=\"640\" \/>\n\t<meta property=\"og:image:type\" content=\"image\/jpeg\" \/>\n<meta name=\"author\" content=\"Jazykov\u00e9 centrum Correct\" \/>\n<meta name=\"twitter:card\" content=\"summary_large_image\" \/>\n<meta name=\"twitter:label1\" content=\"Napsal(a)\" \/>\n\t<meta name=\"twitter:data1\" content=\"Jazykov\u00e9 centrum Correct\" \/>\n\t<meta name=\"twitter:label2\" content=\"Odhadovan\u00e1 doba \u010dten\u00ed\" \/>\n\t<meta name=\"twitter:data2\" content=\"5 minut\" \/>\n<script type=\"application\/ld+json\" class=\"yoast-schema-graph\">{\"@context\":\"https:\/\/schema.org\",\"@graph\":[{\"@type\":\"Article\",\"@id\":\"https:\/\/www.jc-correct.com\/blog\/letni-spanelske-svatky-i-fiesta-de-san-juan\/#article\",\"isPartOf\":{\"@id\":\"https:\/\/www.jc-correct.com\/blog\/letni-spanelske-svatky-i-fiesta-de-san-juan\/\"},\"author\":{\"name\":\"Jazykov\u00e9 centrum Correct\",\"@id\":\"https:\/\/www.jc-correct.com\/blog\/#\/schema\/person\/b9bf371b1acd1da12d78ae5cc8021d60\"},\"headline\":\"Letn\u00ed \u0161pan\u011blsk\u00e9 sv\u00e1tky I: Fiesta de San Juan\",\"datePublished\":\"2021-04-28T08:17:31+00:00\",\"dateModified\":\"2023-01-07T15:57:29+00:00\",\"mainEntityOfPage\":{\"@id\":\"https:\/\/www.jc-correct.com\/blog\/letni-spanelske-svatky-i-fiesta-de-san-juan\/\"},\"wordCount\":939,\"commentCount\":0,\"publisher\":{\"@id\":\"https:\/\/www.jc-correct.com\/blog\/#organization\"},\"image\":{\"@id\":\"https:\/\/www.jc-correct.com\/blog\/letni-spanelske-svatky-i-fiesta-de-san-juan\/#primaryimage\"},\"thumbnailUrl\":\"https:\/\/www.jc-correct.com\/blog\/wp-content\/uploads\/2021\/03\/sp.-svatek-uvodni-1.jpg\",\"keywords\":[\"Fiesta de San Juan\",\"\u0161pan\u011blsk\u00e9 sv\u00e1tky\",\"\u0160pan\u011blsko\",\"sv\u00e1tky v Galicii\",\"sv\u00e1tky ve \u0160pan\u011blsku\"],\"articleSection\":[\"Novinky\",\"Tipy ke studiu\",\"Tipy ke studiu \u0161pan\u011bl\u0161tiny\",\"Zaj\u00edmavosti\"],\"inLanguage\":\"cs\",\"potentialAction\":[{\"@type\":\"CommentAction\",\"name\":\"Comment\",\"target\":[\"https:\/\/www.jc-correct.com\/blog\/letni-spanelske-svatky-i-fiesta-de-san-juan\/#respond\"]}]},{\"@type\":\"WebPage\",\"@id\":\"https:\/\/www.jc-correct.com\/blog\/letni-spanelske-svatky-i-fiesta-de-san-juan\/\",\"url\":\"https:\/\/www.jc-correct.com\/blog\/letni-spanelske-svatky-i-fiesta-de-san-juan\/\",\"name\":\"Letn\u00ed \u0161pan\u011blsk\u00e9 sv\u00e1tky I: Fiesta de San Juan - BLOG: Jazykov\u00e9 centrum Correct\",\"isPartOf\":{\"@id\":\"https:\/\/www.jc-correct.com\/blog\/#website\"},\"primaryImageOfPage\":{\"@id\":\"https:\/\/www.jc-correct.com\/blog\/letni-spanelske-svatky-i-fiesta-de-san-juan\/#primaryimage\"},\"image\":{\"@id\":\"https:\/\/www.jc-correct.com\/blog\/letni-spanelske-svatky-i-fiesta-de-san-juan\/#primaryimage\"},\"thumbnailUrl\":\"https:\/\/www.jc-correct.com\/blog\/wp-content\/uploads\/2021\/03\/sp.-svatek-uvodni-1.jpg\",\"datePublished\":\"2021-04-28T08:17:31+00:00\",\"dateModified\":\"2023-01-07T15:57:29+00:00\",\"description\":\"Letn\u00ed \u0161pan\u011blsk\u00e9 sv\u00e1tky a konkr\u00e9tn\u011b Sv\u00e1tek svat\u00e9ho Jana. Jak sv\u00e1tek vznikl, jak se slav\u00ed a pro\u010d je tak popul\u00e1rn\u00ed? Dozv\u00edte se v na\u0161em \u010dl\u00e1nku.\",\"breadcrumb\":{\"@id\":\"https:\/\/www.jc-correct.com\/blog\/letni-spanelske-svatky-i-fiesta-de-san-juan\/#breadcrumb\"},\"inLanguage\":\"cs\",\"potentialAction\":[{\"@type\":\"ReadAction\",\"target\":[\"https:\/\/www.jc-correct.com\/blog\/letni-spanelske-svatky-i-fiesta-de-san-juan\/\"]}]},{\"@type\":\"ImageObject\",\"inLanguage\":\"cs\",\"@id\":\"https:\/\/www.jc-correct.com\/blog\/letni-spanelske-svatky-i-fiesta-de-san-juan\/#primaryimage\",\"url\":\"https:\/\/www.jc-correct.com\/blog\/wp-content\/uploads\/2021\/03\/sp.-svatek-uvodni-1.jpg\",\"contentUrl\":\"https:\/\/www.jc-correct.com\/blog\/wp-content\/uploads\/2021\/03\/sp.-svatek-uvodni-1.jpg\",\"width\":990,\"height\":640},{\"@type\":\"BreadcrumbList\",\"@id\":\"https:\/\/www.jc-correct.com\/blog\/letni-spanelske-svatky-i-fiesta-de-san-juan\/#breadcrumb\",\"itemListElement\":[{\"@type\":\"ListItem\",\"position\":1,\"name\":\"Dom\u016f\",\"item\":\"https:\/\/www.jc-correct.com\/blog\/\"},{\"@type\":\"ListItem\",\"position\":2,\"name\":\"Letn\u00ed \u0161pan\u011blsk\u00e9 sv\u00e1tky I: Fiesta de San Juan\"}]},{\"@type\":\"WebSite\",\"@id\":\"https:\/\/www.jc-correct.com\/blog\/#website\",\"url\":\"https:\/\/www.jc-correct.com\/blog\/\",\"name\":\"BLOG: Jazykov\u00e9 centrum Correct\",\"description\":\"\",\"publisher\":{\"@id\":\"https:\/\/www.jc-correct.com\/blog\/#organization\"},\"potentialAction\":[{\"@type\":\"SearchAction\",\"target\":{\"@type\":\"EntryPoint\",\"urlTemplate\":\"https:\/\/www.jc-correct.com\/blog\/?s={search_term_string}\"},\"query-input\":\"required name=search_term_string\"}],\"inLanguage\":\"cs\"},{\"@type\":\"Organization\",\"@id\":\"https:\/\/www.jc-correct.com\/blog\/#organization\",\"name\":\"Jazykov\u00e9 centrum Correct, s.r.o.\",\"url\":\"https:\/\/www.jc-correct.com\/blog\/\",\"logo\":{\"@type\":\"ImageObject\",\"inLanguage\":\"cs\",\"@id\":\"https:\/\/www.jc-correct.com\/blog\/#\/schema\/logo\/image\/\",\"url\":\"https:\/\/www.jc-correct.com\/blog\/wp-content\/uploads\/2019\/09\/logo.png\",\"contentUrl\":\"https:\/\/www.jc-correct.com\/blog\/wp-content\/uploads\/2019\/09\/logo.png\",\"width\":228,\"height\":89,\"caption\":\"Jazykov\u00e9 centrum Correct, s.r.o.\"},\"image\":{\"@id\":\"https:\/\/www.jc-correct.com\/blog\/#\/schema\/logo\/image\/\"},\"sameAs\":[\"https:\/\/www.facebook.com\/correct.jazykove.centrum\/\",\"https:\/\/www.instagram.com\/wearecorrect\/\",\"https:\/\/www.linkedin.com\/company\/correct-language-centre\/\",\"https:\/\/www.youtube.com\/channel\/UCqO47fnZwWjEqjOG57A7rZA\/featured\"]},{\"@type\":\"Person\",\"@id\":\"https:\/\/www.jc-correct.com\/blog\/#\/schema\/person\/b9bf371b1acd1da12d78ae5cc8021d60\",\"name\":\"Jazykov\u00e9 centrum Correct\",\"image\":{\"@type\":\"ImageObject\",\"inLanguage\":\"cs\",\"@id\":\"https:\/\/www.jc-correct.com\/blog\/#\/schema\/person\/image\/\",\"url\":\"https:\/\/www.jc-correct.com\/blog\/wp-content\/uploads\/2019\/09\/correct_fajfka-150x150.png\",\"contentUrl\":\"https:\/\/www.jc-correct.com\/blog\/wp-content\/uploads\/2019\/09\/correct_fajfka-150x150.png\",\"caption\":\"Jazykov\u00e9 centrum Correct\"},\"description\":\"U\u010d\u00edme jazyky, p\u0159ekl\u00e1d\u00e1me, korigujeme, tlumo\u010d\u00edme, provozujeme Knihovnu cizojazy\u010dn\u00e9 literatury, vzd\u011bl\u00e1v\u00e1me, informujeme a bav\u00edme v\u00e1s...\",\"sameAs\":[\"https:\/\/www.jc-correct.com\/\",\"https:\/\/www.facebook.com\/correct.jazykove.centrum\/\",\"https:\/\/www.instagram.com\/wearecorrect\/\",\"https:\/\/cz.linkedin.com\/company\/correct-language-centre\",\"https:\/\/www.youtube.com\/channel\/UCqO47fnZwWjEqjOG57A7rZA\/featured\"],\"url\":\"https:\/\/www.jc-correct.com\/blog\/author\/correct\/\"}]}<\/script>\n<!-- \/ Yoast SEO plugin. -->","yoast_head_json":{"title":"Letn\u00ed \u0161pan\u011blsk\u00e9 sv\u00e1tky I: Fiesta de San Juan - BLOG: Jazykov\u00e9 centrum Correct","description":"Letn\u00ed \u0161pan\u011blsk\u00e9 sv\u00e1tky a konkr\u00e9tn\u011b Sv\u00e1tek svat\u00e9ho Jana. Jak sv\u00e1tek vznikl, jak se slav\u00ed a pro\u010d je tak popul\u00e1rn\u00ed? Dozv\u00edte se v na\u0161em \u010dl\u00e1nku.","robots":{"index":"index","follow":"follow","max-snippet":"max-snippet:-1","max-image-preview":"max-image-preview:large","max-video-preview":"max-video-preview:-1"},"canonical":"https:\/\/www.jc-correct.com\/blog\/letni-spanelske-svatky-i-fiesta-de-san-juan\/","og_locale":"cs_CZ","og_type":"article","og_title":"Letn\u00ed \u0161pan\u011blsk\u00e9 sv\u00e1tky I: Fiesta de San Juan - BLOG: Jazykov\u00e9 centrum Correct","og_description":"Letn\u00ed \u0161pan\u011blsk\u00e9 sv\u00e1tky a konkr\u00e9tn\u011b Sv\u00e1tek svat\u00e9ho Jana. Jak sv\u00e1tek vznikl, jak se slav\u00ed a pro\u010d je tak popul\u00e1rn\u00ed? Dozv\u00edte se v na\u0161em \u010dl\u00e1nku.","og_url":"https:\/\/www.jc-correct.com\/blog\/letni-spanelske-svatky-i-fiesta-de-san-juan\/","og_site_name":"BLOG: Jazykov\u00e9 centrum Correct","article_publisher":"https:\/\/www.facebook.com\/correct.jazykove.centrum\/","article_author":"https:\/\/www.facebook.com\/correct.jazykove.centrum\/","article_published_time":"2021-04-28T08:17:31+00:00","article_modified_time":"2023-01-07T15:57:29+00:00","og_image":[{"width":990,"height":640,"url":"https:\/\/www.jc-correct.com\/blog\/wp-content\/uploads\/2021\/03\/sp.-svatek-uvodni-1.jpg","type":"image\/jpeg"}],"author":"Jazykov\u00e9 centrum Correct","twitter_card":"summary_large_image","twitter_misc":{"Napsal(a)":"Jazykov\u00e9 centrum Correct","Odhadovan\u00e1 doba \u010dten\u00ed":"5 minut"},"schema":{"@context":"https:\/\/schema.org","@graph":[{"@type":"Article","@id":"https:\/\/www.jc-correct.com\/blog\/letni-spanelske-svatky-i-fiesta-de-san-juan\/#article","isPartOf":{"@id":"https:\/\/www.jc-correct.com\/blog\/letni-spanelske-svatky-i-fiesta-de-san-juan\/"},"author":{"name":"Jazykov\u00e9 centrum Correct","@id":"https:\/\/www.jc-correct.com\/blog\/#\/schema\/person\/b9bf371b1acd1da12d78ae5cc8021d60"},"headline":"Letn\u00ed \u0161pan\u011blsk\u00e9 sv\u00e1tky I: Fiesta de San Juan","datePublished":"2021-04-28T08:17:31+00:00","dateModified":"2023-01-07T15:57:29+00:00","mainEntityOfPage":{"@id":"https:\/\/www.jc-correct.com\/blog\/letni-spanelske-svatky-i-fiesta-de-san-juan\/"},"wordCount":939,"commentCount":0,"publisher":{"@id":"https:\/\/www.jc-correct.com\/blog\/#organization"},"image":{"@id":"https:\/\/www.jc-correct.com\/blog\/letni-spanelske-svatky-i-fiesta-de-san-juan\/#primaryimage"},"thumbnailUrl":"https:\/\/www.jc-correct.com\/blog\/wp-content\/uploads\/2021\/03\/sp.-svatek-uvodni-1.jpg","keywords":["Fiesta de San Juan","\u0161pan\u011blsk\u00e9 sv\u00e1tky","\u0160pan\u011blsko","sv\u00e1tky v Galicii","sv\u00e1tky ve \u0160pan\u011blsku"],"articleSection":["Novinky","Tipy ke studiu","Tipy ke studiu \u0161pan\u011bl\u0161tiny","Zaj\u00edmavosti"],"inLanguage":"cs","potentialAction":[{"@type":"CommentAction","name":"Comment","target":["https:\/\/www.jc-correct.com\/blog\/letni-spanelske-svatky-i-fiesta-de-san-juan\/#respond"]}]},{"@type":"WebPage","@id":"https:\/\/www.jc-correct.com\/blog\/letni-spanelske-svatky-i-fiesta-de-san-juan\/","url":"https:\/\/www.jc-correct.com\/blog\/letni-spanelske-svatky-i-fiesta-de-san-juan\/","name":"Letn\u00ed \u0161pan\u011blsk\u00e9 sv\u00e1tky I: Fiesta de San Juan - BLOG: Jazykov\u00e9 centrum Correct","isPartOf":{"@id":"https:\/\/www.jc-correct.com\/blog\/#website"},"primaryImageOfPage":{"@id":"https:\/\/www.jc-correct.com\/blog\/letni-spanelske-svatky-i-fiesta-de-san-juan\/#primaryimage"},"image":{"@id":"https:\/\/www.jc-correct.com\/blog\/letni-spanelske-svatky-i-fiesta-de-san-juan\/#primaryimage"},"thumbnailUrl":"https:\/\/www.jc-correct.com\/blog\/wp-content\/uploads\/2021\/03\/sp.-svatek-uvodni-1.jpg","datePublished":"2021-04-28T08:17:31+00:00","dateModified":"2023-01-07T15:57:29+00:00","description":"Letn\u00ed \u0161pan\u011blsk\u00e9 sv\u00e1tky a konkr\u00e9tn\u011b Sv\u00e1tek svat\u00e9ho Jana. Jak sv\u00e1tek vznikl, jak se slav\u00ed a pro\u010d je tak popul\u00e1rn\u00ed? Dozv\u00edte se v na\u0161em \u010dl\u00e1nku.","breadcrumb":{"@id":"https:\/\/www.jc-correct.com\/blog\/letni-spanelske-svatky-i-fiesta-de-san-juan\/#breadcrumb"},"inLanguage":"cs","potentialAction":[{"@type":"ReadAction","target":["https:\/\/www.jc-correct.com\/blog\/letni-spanelske-svatky-i-fiesta-de-san-juan\/"]}]},{"@type":"ImageObject","inLanguage":"cs","@id":"https:\/\/www.jc-correct.com\/blog\/letni-spanelske-svatky-i-fiesta-de-san-juan\/#primaryimage","url":"https:\/\/www.jc-correct.com\/blog\/wp-content\/uploads\/2021\/03\/sp.-svatek-uvodni-1.jpg","contentUrl":"https:\/\/www.jc-correct.com\/blog\/wp-content\/uploads\/2021\/03\/sp.-svatek-uvodni-1.jpg","width":990,"height":640},{"@type":"BreadcrumbList","@id":"https:\/\/www.jc-correct.com\/blog\/letni-spanelske-svatky-i-fiesta-de-san-juan\/#breadcrumb","itemListElement":[{"@type":"ListItem","position":1,"name":"Dom\u016f","item":"https:\/\/www.jc-correct.com\/blog\/"},{"@type":"ListItem","position":2,"name":"Letn\u00ed \u0161pan\u011blsk\u00e9 sv\u00e1tky I: Fiesta de San Juan"}]},{"@type":"WebSite","@id":"https:\/\/www.jc-correct.com\/blog\/#website","url":"https:\/\/www.jc-correct.com\/blog\/","name":"BLOG: Jazykov\u00e9 centrum Correct","description":"","publisher":{"@id":"https:\/\/www.jc-correct.com\/blog\/#organization"},"potentialAction":[{"@type":"SearchAction","target":{"@type":"EntryPoint","urlTemplate":"https:\/\/www.jc-correct.com\/blog\/?s={search_term_string}"},"query-input":"required name=search_term_string"}],"inLanguage":"cs"},{"@type":"Organization","@id":"https:\/\/www.jc-correct.com\/blog\/#organization","name":"Jazykov\u00e9 centrum Correct, s.r.o.","url":"https:\/\/www.jc-correct.com\/blog\/","logo":{"@type":"ImageObject","inLanguage":"cs","@id":"https:\/\/www.jc-correct.com\/blog\/#\/schema\/logo\/image\/","url":"https:\/\/www.jc-correct.com\/blog\/wp-content\/uploads\/2019\/09\/logo.png","contentUrl":"https:\/\/www.jc-correct.com\/blog\/wp-content\/uploads\/2019\/09\/logo.png","width":228,"height":89,"caption":"Jazykov\u00e9 centrum Correct, s.r.o."},"image":{"@id":"https:\/\/www.jc-correct.com\/blog\/#\/schema\/logo\/image\/"},"sameAs":["https:\/\/www.facebook.com\/correct.jazykove.centrum\/","https:\/\/www.instagram.com\/wearecorrect\/","https:\/\/www.linkedin.com\/company\/correct-language-centre\/","https:\/\/www.youtube.com\/channel\/UCqO47fnZwWjEqjOG57A7rZA\/featured"]},{"@type":"Person","@id":"https:\/\/www.jc-correct.com\/blog\/#\/schema\/person\/b9bf371b1acd1da12d78ae5cc8021d60","name":"Jazykov\u00e9 centrum Correct","image":{"@type":"ImageObject","inLanguage":"cs","@id":"https:\/\/www.jc-correct.com\/blog\/#\/schema\/person\/image\/","url":"https:\/\/www.jc-correct.com\/blog\/wp-content\/uploads\/2019\/09\/correct_fajfka-150x150.png","contentUrl":"https:\/\/www.jc-correct.com\/blog\/wp-content\/uploads\/2019\/09\/correct_fajfka-150x150.png","caption":"Jazykov\u00e9 centrum Correct"},"description":"U\u010d\u00edme jazyky, p\u0159ekl\u00e1d\u00e1me, korigujeme, tlumo\u010d\u00edme, provozujeme Knihovnu cizojazy\u010dn\u00e9 literatury, vzd\u011bl\u00e1v\u00e1me, informujeme a bav\u00edme v\u00e1s...","sameAs":["https:\/\/www.jc-correct.com\/","https:\/\/www.facebook.com\/correct.jazykove.centrum\/","https:\/\/www.instagram.com\/wearecorrect\/","https:\/\/cz.linkedin.com\/company\/correct-language-centre","https:\/\/www.youtube.com\/channel\/UCqO47fnZwWjEqjOG57A7rZA\/featured"],"url":"https:\/\/www.jc-correct.com\/blog\/author\/correct\/"}]}},"_links":{"self":[{"href":"https:\/\/www.jc-correct.com\/blog\/wp-json\/wp\/v2\/posts\/2827","targetHints":{"allow":["GET"]}}],"collection":[{"href":"https:\/\/www.jc-correct.com\/blog\/wp-json\/wp\/v2\/posts"}],"about":[{"href":"https:\/\/www.jc-correct.com\/blog\/wp-json\/wp\/v2\/types\/post"}],"author":[{"embeddable":true,"href":"https:\/\/www.jc-correct.com\/blog\/wp-json\/wp\/v2\/users\/5"}],"replies":[{"embeddable":true,"href":"https:\/\/www.jc-correct.com\/blog\/wp-json\/wp\/v2\/comments?post=2827"}],"version-history":[{"count":37,"href":"https:\/\/www.jc-correct.com\/blog\/wp-json\/wp\/v2\/posts\/2827\/revisions"}],"predecessor-version":[{"id":3667,"href":"https:\/\/www.jc-correct.com\/blog\/wp-json\/wp\/v2\/posts\/2827\/revisions\/3667"}],"wp:featuredmedia":[{"embeddable":true,"href":"https:\/\/www.jc-correct.com\/blog\/wp-json\/wp\/v2\/media\/3112"}],"wp:attachment":[{"href":"https:\/\/www.jc-correct.com\/blog\/wp-json\/wp\/v2\/media?parent=2827"}],"wp:term":[{"taxonomy":"category","embeddable":true,"href":"https:\/\/www.jc-correct.com\/blog\/wp-json\/wp\/v2\/categories?post=2827"},{"taxonomy":"post_tag","embeddable":true,"href":"https:\/\/www.jc-correct.com\/blog\/wp-json\/wp\/v2\/tags?post=2827"}],"curies":[{"name":"wp","href":"https:\/\/api.w.org\/{rel}","templated":true}]}}