{"id":2548,"date":"2020-08-01T18:24:00","date_gmt":"2020-08-01T16:24:00","guid":{"rendered":"https:\/\/www.jc-correct.com\/blog\/?p=2548"},"modified":"2021-02-22T14:29:14","modified_gmt":"2021-02-22T13:29:14","slug":"svedske-hudebni-skupiny-ii-znate-je","status":"publish","type":"post","link":"https:\/\/www.jc-correct.com\/blog\/svedske-hudebni-skupiny-ii-znate-je\/","title":{"rendered":"\u0160v\u00e9dsk\u00e9 hudebn\u00ed skupiny II. &#8211; zn\u00e1te je?"},"content":{"rendered":"\n<p>Tentokr\u00e1t u\u017e skute\u010dn\u011b \u0161v\u00e9dsk\u00e1 hudba ve \u0161v\u00e9d\u0161tin\u011b! Hudebn\u00ed autory, kte\u0159\u00ed zp\u00edvaj\u00ed t\u00edmto kr\u00e1sn\u00fdm seversk\u00fdm jazykem, v\u00e1m p\u0159edstav\u00ed n\u00e1\u0161 lektor \u0161v\u00e9d\u0161tiny <a href=\"https:\/\/www.jc-correct.com\/nas-tym\/lektori-jazykovych-kurzu\/tomas-s\">Tom\u00e1\u0161<\/a>. O sv\u011btozn\u00e1m\u00fdch \u0161v\u00e9dsk\u00fdch hudebn\u00edc\u00edch, kte\u0159\u00ed tvo\u0159\u00ed v angli\u010dtin\u011b, se do\u010dtete v <a href=\"https:\/\/www.jc-correct.com\/blog\/svedske-hudebni-skupiny-1-znate-je\/\">p\u0159edchoz\u00edm d\u00edle<\/a> tohoto \u010dl\u00e1nku. Jdeme na to!<\/p>\n\n\n\n<div class=\"wp-block-image\"><figure class=\"aligncenter size-large is-resized\"><img loading=\"lazy\" decoding=\"async\" src=\"https:\/\/www.jc-correct.com\/blog\/wp-content\/uploads\/2020\/06\/\u0161v\u00e9dsk\u00e1-hudba-6-1.jpg\" alt=\"\" class=\"wp-image-2553 lazyload\" width=\"600\" height=\"399\" data-srcset=\"https:\/\/www.jc-correct.com\/blog\/wp-content\/uploads\/2020\/06\/\u0161v\u00e9dsk\u00e1-hudba-6-1.jpg 500w, https:\/\/www.jc-correct.com\/blog\/wp-content\/uploads\/2020\/06\/\u0161v\u00e9dsk\u00e1-hudba-6-1-300x199.jpg 300w\" sizes=\"auto\" \/><figcaption>Kent<br>zdroj: kentfans.com<\/figcaption><\/figure><\/div>\n\n\n\n<p>Mezi kapelami nesm\u00edte minout <strong>Kent<\/strong>, kter\u00fd se na hudebn\u00ed sc\u00e9n\u011b pohyboval mezi lety 1990-2016 a m\u00e1 na kont\u011b p\u011bknou \u0159\u00e1dku hit\u016f (dejte si t\u0159eba jejich \u201e<a rel=\"noreferrer noopener\" href=\"https:\/\/www.youtube.com\/watch?v=JfcLWW-87XE\" target=\"_blank\">Nebeskou drogu<\/a>\u201c) \u010di rovnou cel\u00e9 jejich z\u0159ejm\u011b nejoce\u0148ovan\u011bj\u0161\u00ed album <a rel=\"noreferrer noopener\" href=\"https:\/\/www.youtube.com\/watch?v=Mprz5ew-uZ4&amp;list=PL68926C4AF08C8AFA\" target=\"_blank\">Vapen &amp; ammunition<\/a> (Zbran\u011b a st\u0159elivo) z&nbsp;roku 2002.<\/p>\n\n\n\n<div class=\"wp-block-image\"><figure class=\"aligncenter size-large is-resized\"><img loading=\"lazy\" decoding=\"async\" src=\"https:\/\/www.jc-correct.com\/blog\/wp-content\/uploads\/2020\/06\/\u0161v\u00e9dsk\u00e1-hudba-7-1024x661.jpg\" alt=\"\" class=\"wp-image-2556 lazyload\" width=\"600\" height=\"388\" data-srcset=\"https:\/\/www.jc-correct.com\/blog\/wp-content\/uploads\/2020\/06\/\u0161v\u00e9dsk\u00e1-hudba-7-1024x661.jpg 1024w, https:\/\/www.jc-correct.com\/blog\/wp-content\/uploads\/2020\/06\/\u0161v\u00e9dsk\u00e1-hudba-7-300x194.jpg 300w, https:\/\/www.jc-correct.com\/blog\/wp-content\/uploads\/2020\/06\/\u0161v\u00e9dsk\u00e1-hudba-7-768x496.jpg 768w, https:\/\/www.jc-correct.com\/blog\/wp-content\/uploads\/2020\/06\/\u0161v\u00e9dsk\u00e1-hudba-7.jpg 1100w\" sizes=\"auto\" \/><figcaption>Daniel Adams-Ray<br>zdroj: aftonbladet.se<\/figcaption><\/figure><\/div>\n\n\n\n<p>Z popov\u00fdch s\u00f3list\u016f rozhodn\u011b nep\u0159ehl\u00e9dn\u011bte zp\u011bv\u00e1ka \u0161v\u00e9dsko-ke\u0148sko-indon\u00e9sk\u00e9ho p\u016fvodu <strong>Daniela Adams-Raye<\/strong> (nechte se p\u0159ekvapit jeho \u201e<a rel=\"noreferrer noopener\" href=\"https:\/\/www.youtube.com\/watch?v=71PrWLvO7Z8\" target=\"_blank\">\u010cert\u00edkem z&nbsp;krabi\u010dky<\/a>\u201c) nebo jeho spolu\u017e\u00e1ka <strong>Oskara Linnrose<\/strong>, talentovan\u00e9ho multi\u017e\u00e1nrov\u00e9ho zp\u011bv\u00e1ka a multiinstrumentalistu. Ti spolu za\u010d\u00ednali jako hiphopov\u00e9 duo, aby se pak ka\u017ed\u00fd vydali svou vlastn\u00ed popovou cestou. Za uveden\u00ed tak\u00e9 stoj\u00ed Oskarova b\u00fdval\u00e1 partnerka, takt\u00e9\u017e velmi \u00fasp\u011b\u0161n\u00e1 popov\u00e1 zp\u011bva\u010dka <strong>Veronica Maggio<\/strong> (ano, jej\u00edm otcem je pro zm\u011bnu Ital), kter\u00e1 se proslavila nap\u0159. dvojsmysln\u00fdm hitem \u201e<a rel=\"noreferrer noopener\" href=\"https:\/\/www.youtube.com\/watch?v=VjZwz3yxS9I\" target=\"_blank\">Jag kommer<\/a>\u201c (<em>ur\u010dit\u011b tu\u0161\u00edte, \u017ee se jedn\u00e1 o stejn\u00e9 sloveso \u201eto come\u201c jako v&nbsp;angli\u010dtin\u011b, tak\u017ee d\u00e1l to rozhodn\u011b nemus\u00edme vysv\u011btlovat, klip mluv\u00ed za sebe<\/em>). Pikantn\u00ed pak je Oskar\u016fv velehit \u201e<a rel=\"noreferrer noopener\" href=\"https:\/\/www.youtube.com\/watch?v=lJaFgeLTYgY\" target=\"_blank\">Fr\u00e5n och med du<\/a>\u201c (jazykov\u00e1 h\u0159\u00ed\u010dka kombinuj\u00edc\u00ed \u201eod te\u010f\u201c a \u201eod tebe\u201c), stejn\u011b jako Veroni\u010dina odpov\u011b\u010f albem a songem \u201e<a rel=\"noreferrer noopener\" href=\"https:\/\/www.youtube.com\/watch?v=Y5dS5SPh4kY\" target=\"_blank\">Satan i gatan<\/a>\u201c (\u010e\u00e1bel na ulici), kde si hudebn\u011b ka\u017ed\u00fd po sv\u00e9m vy\u0159\u00edkali sv\u016fj vztah a rozchod (a proto\u017ee v\u00e1s o to nechceme ochudit, odtaj\u0148ujeme rovnou i kousek p\u0159ekladu, a\u0165 si m\u016f\u017eete ud\u011blat obr\u00e1zek sami):<\/p>\n\n\n\n<blockquote class=\"wp-block-quote is-layout-flow wp-block-quote-is-layout-flow\"><p><em>Ale nikdy nezapomenu, co jsi ud\u011blal, m\u016f\u017ee\u0161 si bre\u010det uprost\u0159ed ulice, d\u00e1vej si na m\u011b bacha, proto\u017ee nikdy nezapomenu, kde \u017eije\u0161, ne, nikdy nezapomenu, co jsi ud\u011blal, nikdy, nikdy, nikdy, nikdy, ani na jedin\u00fd den.<\/em><\/p><\/blockquote>\n\n\n\n<div class=\"wp-block-image\"><figure class=\"aligncenter size-large is-resized\"><img loading=\"lazy\" decoding=\"async\" src=\"https:\/\/www.jc-correct.com\/blog\/wp-content\/uploads\/2020\/06\/\u0161v\u00e9dsk\u00e1-hudba-8b-1024x576.jpg\" alt=\"\" class=\"wp-image-2560 lazyload\" width=\"600\" height=\"335\" data-srcset=\"https:\/\/www.jc-correct.com\/blog\/wp-content\/uploads\/2020\/06\/\u0161v\u00e9dsk\u00e1-hudba-8b-300x169.jpg 300w, https:\/\/www.jc-correct.com\/blog\/wp-content\/uploads\/2020\/06\/\u0161v\u00e9dsk\u00e1-hudba-8b-320x180.jpg 320w\" sizes=\"auto\" \/><figcaption>Laleh<br>zdroj: youtube.com<\/figcaption><\/figure><\/div>\n\n\n\n<p>Tak to asi bolelo. No, abychom se dostali zp\u011bt, m\u00e1me tady dal\u0161\u00ed \u00fasp\u011b\u0161n\u00e9 interprety. Nap\u0159\u00edklad \u00edr\u00e1nskou zp\u011bva\u010dku <strong>Laleh<\/strong>, kter\u00e1 se proslavila p\u0159edev\u0161\u00edm, ale nejenom, hitem, kter\u00fd je jedn\u00edm z&nbsp;nejv\u00edc coverovan\u00fdch p\u00edsn\u00ed v\u016fbec, proto\u017ee se \u010dasto hraje v&nbsp;r\u016fzn\u00fdch form\u00e1ch i na <a rel=\"noreferrer noopener\" href=\"https:\/\/www.youtube.com\/watch?v=aPNMLwLydk8\" target=\"_blank\">poh\u0159bech<\/a> (\u201e<a rel=\"noreferrer noopener\" href=\"https:\/\/www.youtube.com\/watch?v=9XojNnZho-s\" target=\"_blank\">Chv\u00edle na zemi<\/a>\u201c).&nbsp;<\/p>\n\n\n\n<div class=\"wp-block-image\"><figure class=\"aligncenter size-large is-resized\"><img loading=\"lazy\" decoding=\"async\" src=\"https:\/\/www.jc-correct.com\/blog\/wp-content\/uploads\/2020\/06\/\u0161v\u00e9dsk\u00e1-hudba-9-1.jpg\" alt=\"\" class=\"wp-image-2564 lazyload\" width=\"600\" height=\"285\" data-srcset=\"https:\/\/www.jc-correct.com\/blog\/wp-content\/uploads\/2020\/06\/\u0161v\u00e9dsk\u00e1-hudba-9-1.jpg 695w, https:\/\/www.jc-correct.com\/blog\/wp-content\/uploads\/2020\/06\/\u0161v\u00e9dsk\u00e1-hudba-9-1-300x142.jpg 300w\" sizes=\"auto\" \/><figcaption>Basshunter<br>zdroj: waterfordwhispersnews.com<\/figcaption><\/figure><\/div>\n\n\n\n<p>\u0158\u00edk\u00e1te si: \u201eFajn, ale u n\u00e1s v&nbsp;\u010desk\u00e9m \u00e9teru jsme nikdy \u017e\u00e1dnou \u0161v\u00e9dskou p\u00edsni\u010dku sly\u0161et nemohli.&#8220; Chyba l\u00e1vky! V&nbsp;roce 2006 to byla p\u00edse\u0148 \u201e<a rel=\"noreferrer noopener\" href=\"https:\/\/www.youtube.com\/watch?v=RYQUsp-jxDQ\" target=\"_blank\">Boten Anna<\/a>\u201c od eurodancov\u00e9ho <strong>Basshuntera<\/strong><em> (slovo <\/em>&#8222;<em>boten&#8220; je op\u011bt v\u00fdslovnostn\u00ed dvojsmysl: je to bu\u010f lo\u010f (b\u00e5t) &#8211; i kdy\u017e v&nbsp;klipu tedy m\u011bli rozpo\u010det jen na \u0161lapadlo, co\u017e n\u00e1s mrz\u00ed -, anebo internetov\u00fd bot. Oboj\u00ed se ka\u017edop\u00e1dn\u011b jmenuje Anna, ale dal\u0161\u00ed text nem\u00e1 smysl rozeb\u00edrat<\/em>). Lep\u0161\u00ed p\u0159edstavu si m\u016f\u017eete ud\u011blat u druh\u00e9 p\u00edsn\u011b, kter\u00e1 se do na\u0161ich r\u00e1di\u00ed tak\u00e9 prodrala a kter\u00e1 <a rel=\"noreferrer noopener\" href=\"https:\/\/www.youtube.com\/watch?v=qTsaS1Tm-Ic\" target=\"_blank\">veleb\u00ed pa\u0159en\u00ed jedn\u00e9 nejmenovan\u00e9 s\u00ed\u0165ovky na PC<\/a>.<\/p>\n\n\n\n<div class=\"wp-block-image\"><figure class=\"aligncenter size-large is-resized\"><img loading=\"lazy\" decoding=\"async\" src=\"https:\/\/www.jc-correct.com\/blog\/wp-content\/uploads\/2020\/06\/\u0161v\u00e9dsk\u00e1-hudba-10.jpg\" alt=\"\" class=\"wp-image-2566 lazyload\" width=\"600\" height=\"476\" data-srcset=\"https:\/\/www.jc-correct.com\/blog\/wp-content\/uploads\/2020\/06\/\u0161v\u00e9dsk\u00e1-hudba-10.jpg 1000w, https:\/\/www.jc-correct.com\/blog\/wp-content\/uploads\/2020\/06\/\u0161v\u00e9dsk\u00e1-hudba-10-300x238.jpg 300w, https:\/\/www.jc-correct.com\/blog\/wp-content\/uploads\/2020\/06\/\u0161v\u00e9dsk\u00e1-hudba-10-768x609.jpg 768w\" sizes=\"auto\" \/><figcaption>Cornelis Vreeswijk<br>zdroj: imdb.com<\/figcaption><\/figure><\/div>\n\n\n\n<p>Pokud se vr\u00e1t\u00edme trochu do minulosti, nesm\u00edme zapomenout na <strong>Carla Michaela Bellmanna<\/strong>, \u0161v\u00e9dsk\u00e9ho n\u00e1rodn\u00edho b\u00e1sn\u00edka, kter\u00fd nespo\u010det sv\u00fdch b\u00e1sn\u00ed prom\u011bnil tak\u00e9 v hudebn\u00ed balady, a p\u0159edev\u0161\u00edm na jeho, \u0160v\u00e9dy zbo\u017e\u0148ovan\u00e9ho, n\u00e1sledovn\u00edka, emigranta z&nbsp;Nizozem\u00ed, kter\u00fd nikdy nez\u00edskal \u0161v\u00e9dsk\u00e9 ob\u010danstv\u00ed, <strong>Cornelise Vreeswijka<\/strong>. Z&nbsp;jeho tvorby nab\u00edz\u00edme jednu <a href=\"https:\/\/www.youtube.com\/watch?v=IWHxsqOl_v0\">autorskou<\/a> a pak jednu p\u016fvodn\u011b Bellmanovu p\u00edse\u0148 \u2013 \u201e<a href=\"https:\/\/www.youtube.com\/watch?v=YeirKOiLt_w\">Movitz skulle bli student<\/a>\u201c). Do stejn\u00e9 skupiny m\u016f\u017eeme za\u0159adit i n\u00e1rodn\u00edho <a href=\"https:\/\/www.youtube.com\/watch?v=YeirKOiLt_w\">trubad\u00fara<\/a> <strong>Everta Taubeho<\/strong>. P\u0159ipad\u00e1 v\u00e1m pov\u011bdom\u00e9 slovo Movitz z&nbsp;n\u00e1zvu posledn\u00ed p\u00edsn\u011b? Nen\u00ed divu, jedna \u00fasp\u011b\u0161n\u00e1 sou\u010dasn\u00e1 \u0161v\u00e9dsk\u00e1 swingovo-jazzov\u00e1 kapela si Bellmanova Movitze z&nbsp;Fredmanov\u00fdch epi\u0161tol vyp\u016fj\u010dila do sv\u00e9ho n\u00e1zvu a <strong>Movits!<\/strong> te\u010f pou\u0161t\u00ed do sv\u011bta svoje <a href=\"https:\/\/www.youtube.com\/watch?v=C8fIVTH0TiM\">n\u00e1\u0159ezy<\/a>, v\u017edy\u0165 n\u011bkolikr\u00e1t nav\u0161t\u00edvili i Brno! Posledn\u00edm v\u00fdletem do minulosti je <strong>Monica Zetterlund<\/strong>, zp\u011bva\u010dka, kter\u00e1 dostala \u0161v\u00e9d\u0161tinu do jazzu (<a href=\"https:\/\/www.youtube.com\/watch?v=C1E5iY6n1xk\">Trubbel<\/a>).<\/p>\n\n\n\n<div class=\"wp-block-image\"><figure class=\"aligncenter size-large is-resized\"><img loading=\"lazy\" decoding=\"async\" src=\"https:\/\/www.jc-correct.com\/blog\/wp-content\/uploads\/2019\/11\/svat\u00e1-lucie-foto.jpg\" alt=\"\" class=\"wp-image-1492 lazyload\" width=\"600\" height=\"347\" data-srcset=\"https:\/\/www.jc-correct.com\/blog\/wp-content\/uploads\/2019\/11\/svat\u00e1-lucie-foto.jpg 800w, https:\/\/www.jc-correct.com\/blog\/wp-content\/uploads\/2019\/11\/svat\u00e1-lucie-foto-300x174.jpg 300w, https:\/\/www.jc-correct.com\/blog\/wp-content\/uploads\/2019\/11\/svat\u00e1-lucie-foto-768x444.jpg 768w\" sizes=\"auto\" \/><figcaption>sv\u00e1tek sv. Lucie<\/figcaption><\/figure><\/div>\n\n\n\n<p>Krom\u011b toho v\u0161eho m\u016f\u017eeme je\u0161t\u011b zm\u00ednit tradi\u010dn\u00ed hudbu k&nbsp;oslav\u00e1m slunovratu (midsommar) a&nbsp;sv\u00e1tku svat\u00e9 Lucie, pota\u017emo V\u00e1noc, kde \u010dasto zazn\u00edvaj\u00ed upraven\u00e9 \u017ealmy, stejn\u011b jako lidov\u00e9 a pololidov\u00e9 skladby. Za v\u0161echny zmi\u0148me t\u0159eba v\u00e1no\u010dn\u00ed <a rel=\"noreferrer noopener\" href=\"https:\/\/www.youtube.com\/watch?v=TEIQDkDBySQ\" target=\"_blank\">Julvisu<\/a>, <a rel=\"noreferrer noopener\" href=\"https:\/\/www.youtube.com\/watch?v=7ccMfR1TsBU\" target=\"_blank\">Jul, jul str\u00e5lande jul<\/a>, kter\u00e9 se v\u00fdznamn\u011b li\u0161\u00ed od toho, co zn\u00e1me jako koledy u n\u00e1s, za letn\u00ed pak lidovou <a rel=\"noreferrer noopener\" href=\"https:\/\/www.youtube.com\/watch?v=HMAEnc56HPQ\" target=\"_blank\">Limu, limu, lima<\/a> anebo <a rel=\"noreferrer noopener\" href=\"https:\/\/www.youtube.com\/watch?v=uK8GaeVKSPw\" target=\"_blank\">En v\u00e4nlig gr\u00f6nskas rika dr\u00e4kt<\/a>, tradi\u010dn\u00ed letn\u00ed \u017ealm (ano, kone\u010dn\u011b jsme pro v\u00e1s do \u010dl\u00e1nku propa\u0161ovali korunn\u00ed princeznu Victorii, k&nbsp;va\u0161emu \u0161t\u011bst\u00ed se vd\u00e1vala zrovna o slunovratu).<\/p>\n\n\n\n<div class=\"wp-block-image\"><figure class=\"aligncenter size-large\"><img loading=\"lazy\" decoding=\"async\" width=\"125\" height=\"39\" src=\"https:\/\/www.jc-correct.com\/blog\/wp-content\/uploads\/2020\/06\/Dozazn\u00edk-online-v\u00fduka.png\" alt=\"\" class=\"wp-image-2423 lazyload\"\/><\/figure><\/div>\n\n\n\n<p>V\u011b\u0159\u00edme, \u017ee po Tom\u00e1\u0161ov\u011b exkurzi \u0161v\u00e9dskou hudebn\u00ed sc\u00e9nou m\u00e1te spoustu tip\u016f na \u0161v\u00e9dskou hudbu, kter\u00e1 v\u00e1m m\u016f\u017ee pomoci s vylep\u0161ov\u00e1n\u00edm va\u0161\u00ed \u0161v\u00e9d\u0161tiny. Pokud byste se cht\u011bli v\u011bnovat \u0161v\u00e9d\u0161tin\u011b pravideln\u011b, m\u016f\u017eete vyzkou\u0161et na\u0161e <a href=\"https:\/\/www.jc-correct.com\/kurzy-svedstiny-brno\">kurzy \u0161v\u00e9d\u0161tiny<\/a>, kde se m\u016f\u017eete pr\u00e1v\u011b s <a rel=\"noreferrer noopener\" href=\"https:\/\/www.jc-correct.com\/nas-tym\/lektori-jazykovych-kurzu\/tomas-s\" target=\"_blank\">Tom\u00e1\u0161em<\/a> potkat.<\/p>\n\n\n\n<p>Pokud v\u00e1s zaj\u00edm\u00e1 poslech \u0161v\u00e9d\u0161tiny celkov\u011b, doporu\u010dujeme dal\u0161\u00ed Tom\u00e1\u0161\u016fv \u010dl\u00e1nek \u201a\u201a<a href=\"https:\/\/www.jc-correct.com\/blog\/co-poslouchat-pro-lepsi-svedstinu\/\">Co poslouchat pro lep\u0161\u00ed \u0161v\u00e9d\u0161tinu<\/a>\u2018\u2018, v n\u011bm\u017e z\u00edsk\u00e1te zaj\u00edmav\u00e9 zdroje k poslechu \u0161v\u00e9dsk\u00fdch podcast\u016f \u010di r\u00e1di\u00ed. Koho zase t\u00e1hne \u0161v\u00e9dsk\u00e1 kultura, m\u016f\u017ee se v jin\u00e9m \u010dl\u00e1nku dozv\u011bd\u011bt, <a href=\"https:\/\/www.jc-correct.com\/blog\/jak-se-slavi-vanocni-svatek-svate-lucie-ve-svedsku\/\">jak se slav\u00ed \u0161v\u00e9dsk\u00fd v\u00e1no\u010dn\u00ed sv\u00e1tek svat\u00e9 Lucie<\/a>.<\/p>\n\n\n\n<div class=\"wp-block-image\"><figure class=\"aligncenter size-large is-resized\"><img loading=\"lazy\" decoding=\"async\" src=\"https:\/\/www.jc-correct.com\/blog\/wp-content\/uploads\/2019\/09\/Jazykov\u00e9-centrum-Correct-1.png\" alt=\"\" class=\"wp-image-987 lazyload\" width=\"495\" height=\"247\" data-srcset=\"https:\/\/www.jc-correct.com\/blog\/wp-content\/uploads\/2019\/09\/Jazykov\u00e9-centrum-Correct-1.png 902w, https:\/\/www.jc-correct.com\/blog\/wp-content\/uploads\/2019\/09\/Jazykov\u00e9-centrum-Correct-1-300x149.png 300w, https:\/\/www.jc-correct.com\/blog\/wp-content\/uploads\/2019\/09\/Jazykov\u00e9-centrum-Correct-1-768x382.png 768w, https:\/\/www.jc-correct.com\/blog\/wp-content\/uploads\/2019\/09\/Jazykov\u00e9-centrum-Correct-1-624x311.png 624w\" sizes=\"auto\" \/><\/figure><\/div>\n","protected":false},"excerpt":{"rendered":"<p>Tentokr\u00e1t u\u017e skute\u010dn\u011b \u0161v\u00e9dsk\u00e1 hudba ve \u0161v\u00e9d\u0161tin\u011b! Hudebn\u00ed autory, kte\u0159\u00ed zp\u00edvaj\u00ed t\u00edmto kr\u00e1sn\u00fdm seversk\u00fdm jazykem, v\u00e1m p\u0159edstav\u00ed n\u00e1\u0161 lektor \u0161v\u00e9d\u0161tiny Tom\u00e1\u0161. O sv\u011btozn\u00e1m\u00fdch \u0161v\u00e9dsk\u00fdch hudebn\u00edc\u00edch, kte\u0159\u00ed tvo\u0159\u00ed v angli\u010dtin\u011b, se do\u010dtete v p\u0159edchoz\u00edm d\u00edle tohoto \u010dl\u00e1nku. Jdeme na to! Mezi kapelami nesm\u00edte minout Kent, kter\u00fd se na hudebn\u00ed sc\u00e9n\u011b pohyboval mezi lety 1990-2016 a m\u00e1 na kont\u011b p\u011bknou \u0159\u00e1dku hit\u016f (dejte si t\u0159eba jejich \u201eNebeskou drogu\u201c) \u010di rovnou cel\u00e9 jejich z\u0159ejm\u011b nejoce\u0148ovan\u011bj\u0161\u00ed album Vapen &amp; ammunition (Zbran\u011b a st\u0159elivo) z&nbsp;roku 2002. Z popov\u00fdch s\u00f3list\u016f rozhodn\u011b nep\u0159ehl\u00e9dn\u011bte zp\u011bv\u00e1ka \u0161v\u00e9dsko-ke\u0148sko-indon\u00e9sk\u00e9ho p\u016fvodu Daniela Adams-Raye (nechte se p\u0159ekvapit jeho \u201e\u010cert\u00edkem z&nbsp;krabi\u010dky\u201c) nebo jeho spolu\u017e\u00e1ka&#8230;<\/p>\n","protected":false},"author":5,"featured_media":2572,"comment_status":"closed","ping_status":"open","sticky":false,"template":"","format":"standard","meta":{"_acf_changed":false,"footnotes":""},"categories":[3,935],"tags":[861,862,857,863,855,860,865,858,844,854,645,207,847,198,859],"class_list":["post-2548","post","type-post","status-publish","format-standard","has-post-thumbnail","hentry","category-novinky","category-tipy-ke-studiu-svedstiny","tag-basshunter","tag-cornelis-vreeswijk","tag-daniel-adams-ray","tag-everta-taube","tag-kent","tag-laleh","tag-monica-zetterlund","tag-oskar-linnros","tag-svedska-hudba","tag-svedske-popularni-skupiny","tag-svedsko","tag-svedsky-jazyk","tag-svedsti-hudebni-interpreti","tag-svedstina","tag-veronica-maggio"],"acf":[],"yoast_head":"<!-- This site is optimized with the Yoast SEO plugin v22.3 - https:\/\/yoast.com\/wordpress\/plugins\/seo\/ -->\n<title>\u0160v\u00e9dsk\u00e9 hudebn\u00ed skupiny II. - zn\u00e1te je? - BLOG: Jazykov\u00e9 centrum Correct<\/title>\n<meta name=\"robots\" content=\"index, follow, max-snippet:-1, max-image-preview:large, max-video-preview:-1\" \/>\n<link rel=\"canonical\" href=\"https:\/\/www.jc-correct.com\/blog\/svedske-hudebni-skupiny-ii-znate-je\/\" \/>\n<meta property=\"og:locale\" content=\"cs_CZ\" \/>\n<meta property=\"og:type\" content=\"article\" \/>\n<meta property=\"og:title\" content=\"\u0160v\u00e9dsk\u00e9 hudebn\u00ed skupiny II. - zn\u00e1te je? - BLOG: Jazykov\u00e9 centrum Correct\" \/>\n<meta property=\"og:description\" content=\"Tentokr\u00e1t u\u017e skute\u010dn\u011b \u0161v\u00e9dsk\u00e1 hudba ve \u0161v\u00e9d\u0161tin\u011b! Hudebn\u00ed autory, kte\u0159\u00ed zp\u00edvaj\u00ed t\u00edmto kr\u00e1sn\u00fdm seversk\u00fdm jazykem, v\u00e1m p\u0159edstav\u00ed n\u00e1\u0161 lektor \u0161v\u00e9d\u0161tiny Tom\u00e1\u0161. O sv\u011btozn\u00e1m\u00fdch \u0161v\u00e9dsk\u00fdch hudebn\u00edc\u00edch, kte\u0159\u00ed tvo\u0159\u00ed v angli\u010dtin\u011b, se do\u010dtete v p\u0159edchoz\u00edm d\u00edle tohoto \u010dl\u00e1nku. Jdeme na to! Mezi kapelami nesm\u00edte minout Kent, kter\u00fd se na hudebn\u00ed sc\u00e9n\u011b pohyboval mezi lety 1990-2016 a m\u00e1 na kont\u011b p\u011bknou \u0159\u00e1dku hit\u016f (dejte si t\u0159eba jejich \u201eNebeskou drogu\u201c) \u010di rovnou cel\u00e9 jejich z\u0159ejm\u011b nejoce\u0148ovan\u011bj\u0161\u00ed album Vapen &amp; ammunition (Zbran\u011b a st\u0159elivo) z&nbsp;roku 2002. Z popov\u00fdch s\u00f3list\u016f rozhodn\u011b nep\u0159ehl\u00e9dn\u011bte zp\u011bv\u00e1ka \u0161v\u00e9dsko-ke\u0148sko-indon\u00e9sk\u00e9ho p\u016fvodu Daniela Adams-Raye (nechte se p\u0159ekvapit jeho \u201e\u010cert\u00edkem z&nbsp;krabi\u010dky\u201c) nebo jeho spolu\u017e\u00e1ka...\" \/>\n<meta property=\"og:url\" content=\"https:\/\/www.jc-correct.com\/blog\/svedske-hudebni-skupiny-ii-znate-je\/\" \/>\n<meta property=\"og:site_name\" content=\"BLOG: Jazykov\u00e9 centrum Correct\" \/>\n<meta property=\"article:publisher\" content=\"https:\/\/www.facebook.com\/correct.jazykove.centrum\/\" \/>\n<meta property=\"article:author\" content=\"https:\/\/www.facebook.com\/correct.jazykove.centrum\/\" \/>\n<meta property=\"article:published_time\" content=\"2020-08-01T16:24:00+00:00\" \/>\n<meta property=\"article:modified_time\" content=\"2021-02-22T13:29:14+00:00\" \/>\n<meta property=\"og:image\" content=\"https:\/\/www.jc-correct.com\/blog\/wp-content\/uploads\/2020\/06\/\u0160v\u00e9dsk\u00e1-hudba-Laleh.png\" \/>\n\t<meta property=\"og:image:width\" content=\"1243\" \/>\n\t<meta property=\"og:image:height\" content=\"766\" \/>\n\t<meta property=\"og:image:type\" content=\"image\/png\" \/>\n<meta name=\"author\" content=\"Jazykov\u00e9 centrum Correct\" \/>\n<meta name=\"twitter:card\" content=\"summary_large_image\" \/>\n<meta name=\"twitter:label1\" content=\"Napsal(a)\" \/>\n\t<meta name=\"twitter:data1\" content=\"Jazykov\u00e9 centrum Correct\" \/>\n\t<meta name=\"twitter:label2\" content=\"Odhadovan\u00e1 doba \u010dten\u00ed\" \/>\n\t<meta name=\"twitter:data2\" content=\"5 minut\" \/>\n<script type=\"application\/ld+json\" class=\"yoast-schema-graph\">{\"@context\":\"https:\/\/schema.org\",\"@graph\":[{\"@type\":\"Article\",\"@id\":\"https:\/\/www.jc-correct.com\/blog\/svedske-hudebni-skupiny-ii-znate-je\/#article\",\"isPartOf\":{\"@id\":\"https:\/\/www.jc-correct.com\/blog\/svedske-hudebni-skupiny-ii-znate-je\/\"},\"author\":{\"name\":\"Jazykov\u00e9 centrum Correct\",\"@id\":\"https:\/\/www.jc-correct.com\/blog\/#\/schema\/person\/b9bf371b1acd1da12d78ae5cc8021d60\"},\"headline\":\"\u0160v\u00e9dsk\u00e9 hudebn\u00ed skupiny II. &#8211; zn\u00e1te je?\",\"datePublished\":\"2020-08-01T16:24:00+00:00\",\"dateModified\":\"2021-02-22T13:29:14+00:00\",\"mainEntityOfPage\":{\"@id\":\"https:\/\/www.jc-correct.com\/blog\/svedske-hudebni-skupiny-ii-znate-je\/\"},\"wordCount\":1030,\"publisher\":{\"@id\":\"https:\/\/www.jc-correct.com\/blog\/#organization\"},\"image\":{\"@id\":\"https:\/\/www.jc-correct.com\/blog\/svedske-hudebni-skupiny-ii-znate-je\/#primaryimage\"},\"thumbnailUrl\":\"https:\/\/www.jc-correct.com\/blog\/wp-content\/uploads\/2020\/06\/\u0160v\u00e9dsk\u00e1-hudba-Laleh.png\",\"keywords\":[\"Basshunter\",\"Cornelis Vreeswijk\",\"Daniel Adams-Ray\",\"Everta Taube\",\"Kent\",\"Laleh\",\"Monica Zetterlund\",\"Oskar Linnros\",\"\u0161v\u00e9dsk\u00e1 hudba\",\"\u0161v\u00e9dsk\u00e9 popul\u00e1rn\u00ed skupiny\",\"\u0160v\u00e9dsko\",\"\u0161v\u00e9dsk\u00fd jazyk\",\"\u0161v\u00e9d\u0161t\u00ed hudebn\u00ed interpreti\",\"\u0161v\u00e9d\u0161tina\",\"Veronica Maggio\"],\"articleSection\":[\"Novinky\",\"Tipy ke studiu \u0161v\u00e9d\u0161tiny\"],\"inLanguage\":\"cs\"},{\"@type\":\"WebPage\",\"@id\":\"https:\/\/www.jc-correct.com\/blog\/svedske-hudebni-skupiny-ii-znate-je\/\",\"url\":\"https:\/\/www.jc-correct.com\/blog\/svedske-hudebni-skupiny-ii-znate-je\/\",\"name\":\"\u0160v\u00e9dsk\u00e9 hudebn\u00ed skupiny II. - zn\u00e1te je? - BLOG: Jazykov\u00e9 centrum Correct\",\"isPartOf\":{\"@id\":\"https:\/\/www.jc-correct.com\/blog\/#website\"},\"primaryImageOfPage\":{\"@id\":\"https:\/\/www.jc-correct.com\/blog\/svedske-hudebni-skupiny-ii-znate-je\/#primaryimage\"},\"image\":{\"@id\":\"https:\/\/www.jc-correct.com\/blog\/svedske-hudebni-skupiny-ii-znate-je\/#primaryimage\"},\"thumbnailUrl\":\"https:\/\/www.jc-correct.com\/blog\/wp-content\/uploads\/2020\/06\/\u0160v\u00e9dsk\u00e1-hudba-Laleh.png\",\"datePublished\":\"2020-08-01T16:24:00+00:00\",\"dateModified\":\"2021-02-22T13:29:14+00:00\",\"breadcrumb\":{\"@id\":\"https:\/\/www.jc-correct.com\/blog\/svedske-hudebni-skupiny-ii-znate-je\/#breadcrumb\"},\"inLanguage\":\"cs\",\"potentialAction\":[{\"@type\":\"ReadAction\",\"target\":[\"https:\/\/www.jc-correct.com\/blog\/svedske-hudebni-skupiny-ii-znate-je\/\"]}]},{\"@type\":\"ImageObject\",\"inLanguage\":\"cs\",\"@id\":\"https:\/\/www.jc-correct.com\/blog\/svedske-hudebni-skupiny-ii-znate-je\/#primaryimage\",\"url\":\"https:\/\/www.jc-correct.com\/blog\/wp-content\/uploads\/2020\/06\/\u0160v\u00e9dsk\u00e1-hudba-Laleh.png\",\"contentUrl\":\"https:\/\/www.jc-correct.com\/blog\/wp-content\/uploads\/2020\/06\/\u0160v\u00e9dsk\u00e1-hudba-Laleh.png\",\"width\":1243,\"height\":766},{\"@type\":\"BreadcrumbList\",\"@id\":\"https:\/\/www.jc-correct.com\/blog\/svedske-hudebni-skupiny-ii-znate-je\/#breadcrumb\",\"itemListElement\":[{\"@type\":\"ListItem\",\"position\":1,\"name\":\"Dom\u016f\",\"item\":\"https:\/\/www.jc-correct.com\/blog\/\"},{\"@type\":\"ListItem\",\"position\":2,\"name\":\"\u0160v\u00e9dsk\u00e9 hudebn\u00ed skupiny II. &#8211; zn\u00e1te je?\"}]},{\"@type\":\"WebSite\",\"@id\":\"https:\/\/www.jc-correct.com\/blog\/#website\",\"url\":\"https:\/\/www.jc-correct.com\/blog\/\",\"name\":\"BLOG: Jazykov\u00e9 centrum Correct\",\"description\":\"\",\"publisher\":{\"@id\":\"https:\/\/www.jc-correct.com\/blog\/#organization\"},\"potentialAction\":[{\"@type\":\"SearchAction\",\"target\":{\"@type\":\"EntryPoint\",\"urlTemplate\":\"https:\/\/www.jc-correct.com\/blog\/?s={search_term_string}\"},\"query-input\":\"required name=search_term_string\"}],\"inLanguage\":\"cs\"},{\"@type\":\"Organization\",\"@id\":\"https:\/\/www.jc-correct.com\/blog\/#organization\",\"name\":\"Jazykov\u00e9 centrum Correct, s.r.o.\",\"url\":\"https:\/\/www.jc-correct.com\/blog\/\",\"logo\":{\"@type\":\"ImageObject\",\"inLanguage\":\"cs\",\"@id\":\"https:\/\/www.jc-correct.com\/blog\/#\/schema\/logo\/image\/\",\"url\":\"https:\/\/www.jc-correct.com\/blog\/wp-content\/uploads\/2019\/09\/logo.png\",\"contentUrl\":\"https:\/\/www.jc-correct.com\/blog\/wp-content\/uploads\/2019\/09\/logo.png\",\"width\":228,\"height\":89,\"caption\":\"Jazykov\u00e9 centrum Correct, s.r.o.\"},\"image\":{\"@id\":\"https:\/\/www.jc-correct.com\/blog\/#\/schema\/logo\/image\/\"},\"sameAs\":[\"https:\/\/www.facebook.com\/correct.jazykove.centrum\/\",\"https:\/\/www.instagram.com\/wearecorrect\/\",\"https:\/\/www.linkedin.com\/company\/correct-language-centre\/\",\"https:\/\/www.youtube.com\/channel\/UCqO47fnZwWjEqjOG57A7rZA\/featured\"]},{\"@type\":\"Person\",\"@id\":\"https:\/\/www.jc-correct.com\/blog\/#\/schema\/person\/b9bf371b1acd1da12d78ae5cc8021d60\",\"name\":\"Jazykov\u00e9 centrum Correct\",\"image\":{\"@type\":\"ImageObject\",\"inLanguage\":\"cs\",\"@id\":\"https:\/\/www.jc-correct.com\/blog\/#\/schema\/person\/image\/\",\"url\":\"https:\/\/www.jc-correct.com\/blog\/wp-content\/uploads\/2019\/09\/correct_fajfka-150x150.png\",\"contentUrl\":\"https:\/\/www.jc-correct.com\/blog\/wp-content\/uploads\/2019\/09\/correct_fajfka-150x150.png\",\"caption\":\"Jazykov\u00e9 centrum Correct\"},\"description\":\"U\u010d\u00edme jazyky, p\u0159ekl\u00e1d\u00e1me, korigujeme, tlumo\u010d\u00edme, provozujeme Knihovnu cizojazy\u010dn\u00e9 literatury, vzd\u011bl\u00e1v\u00e1me, informujeme a bav\u00edme v\u00e1s...\",\"sameAs\":[\"https:\/\/www.jc-correct.com\/\",\"https:\/\/www.facebook.com\/correct.jazykove.centrum\/\",\"https:\/\/www.instagram.com\/wearecorrect\/\",\"https:\/\/cz.linkedin.com\/company\/correct-language-centre\",\"https:\/\/www.youtube.com\/channel\/UCqO47fnZwWjEqjOG57A7rZA\/featured\"],\"url\":\"https:\/\/www.jc-correct.com\/blog\/author\/correct\/\"}]}<\/script>\n<!-- \/ Yoast SEO plugin. -->","yoast_head_json":{"title":"\u0160v\u00e9dsk\u00e9 hudebn\u00ed skupiny II. - zn\u00e1te je? - BLOG: Jazykov\u00e9 centrum Correct","robots":{"index":"index","follow":"follow","max-snippet":"max-snippet:-1","max-image-preview":"max-image-preview:large","max-video-preview":"max-video-preview:-1"},"canonical":"https:\/\/www.jc-correct.com\/blog\/svedske-hudebni-skupiny-ii-znate-je\/","og_locale":"cs_CZ","og_type":"article","og_title":"\u0160v\u00e9dsk\u00e9 hudebn\u00ed skupiny II. - zn\u00e1te je? - BLOG: Jazykov\u00e9 centrum Correct","og_description":"Tentokr\u00e1t u\u017e skute\u010dn\u011b \u0161v\u00e9dsk\u00e1 hudba ve \u0161v\u00e9d\u0161tin\u011b! Hudebn\u00ed autory, kte\u0159\u00ed zp\u00edvaj\u00ed t\u00edmto kr\u00e1sn\u00fdm seversk\u00fdm jazykem, v\u00e1m p\u0159edstav\u00ed n\u00e1\u0161 lektor \u0161v\u00e9d\u0161tiny Tom\u00e1\u0161. O sv\u011btozn\u00e1m\u00fdch \u0161v\u00e9dsk\u00fdch hudebn\u00edc\u00edch, kte\u0159\u00ed tvo\u0159\u00ed v angli\u010dtin\u011b, se do\u010dtete v p\u0159edchoz\u00edm d\u00edle tohoto \u010dl\u00e1nku. Jdeme na to! Mezi kapelami nesm\u00edte minout Kent, kter\u00fd se na hudebn\u00ed sc\u00e9n\u011b pohyboval mezi lety 1990-2016 a m\u00e1 na kont\u011b p\u011bknou \u0159\u00e1dku hit\u016f (dejte si t\u0159eba jejich \u201eNebeskou drogu\u201c) \u010di rovnou cel\u00e9 jejich z\u0159ejm\u011b nejoce\u0148ovan\u011bj\u0161\u00ed album Vapen &amp; ammunition (Zbran\u011b a st\u0159elivo) z&nbsp;roku 2002. Z popov\u00fdch s\u00f3list\u016f rozhodn\u011b nep\u0159ehl\u00e9dn\u011bte zp\u011bv\u00e1ka \u0161v\u00e9dsko-ke\u0148sko-indon\u00e9sk\u00e9ho p\u016fvodu Daniela Adams-Raye (nechte se p\u0159ekvapit jeho \u201e\u010cert\u00edkem z&nbsp;krabi\u010dky\u201c) nebo jeho spolu\u017e\u00e1ka...","og_url":"https:\/\/www.jc-correct.com\/blog\/svedske-hudebni-skupiny-ii-znate-je\/","og_site_name":"BLOG: Jazykov\u00e9 centrum Correct","article_publisher":"https:\/\/www.facebook.com\/correct.jazykove.centrum\/","article_author":"https:\/\/www.facebook.com\/correct.jazykove.centrum\/","article_published_time":"2020-08-01T16:24:00+00:00","article_modified_time":"2021-02-22T13:29:14+00:00","og_image":[{"width":1243,"height":766,"url":"https:\/\/www.jc-correct.com\/blog\/wp-content\/uploads\/2020\/06\/\u0160v\u00e9dsk\u00e1-hudba-Laleh.png","type":"image\/png"}],"author":"Jazykov\u00e9 centrum Correct","twitter_card":"summary_large_image","twitter_misc":{"Napsal(a)":"Jazykov\u00e9 centrum Correct","Odhadovan\u00e1 doba \u010dten\u00ed":"5 minut"},"schema":{"@context":"https:\/\/schema.org","@graph":[{"@type":"Article","@id":"https:\/\/www.jc-correct.com\/blog\/svedske-hudebni-skupiny-ii-znate-je\/#article","isPartOf":{"@id":"https:\/\/www.jc-correct.com\/blog\/svedske-hudebni-skupiny-ii-znate-je\/"},"author":{"name":"Jazykov\u00e9 centrum Correct","@id":"https:\/\/www.jc-correct.com\/blog\/#\/schema\/person\/b9bf371b1acd1da12d78ae5cc8021d60"},"headline":"\u0160v\u00e9dsk\u00e9 hudebn\u00ed skupiny II. &#8211; zn\u00e1te je?","datePublished":"2020-08-01T16:24:00+00:00","dateModified":"2021-02-22T13:29:14+00:00","mainEntityOfPage":{"@id":"https:\/\/www.jc-correct.com\/blog\/svedske-hudebni-skupiny-ii-znate-je\/"},"wordCount":1030,"publisher":{"@id":"https:\/\/www.jc-correct.com\/blog\/#organization"},"image":{"@id":"https:\/\/www.jc-correct.com\/blog\/svedske-hudebni-skupiny-ii-znate-je\/#primaryimage"},"thumbnailUrl":"https:\/\/www.jc-correct.com\/blog\/wp-content\/uploads\/2020\/06\/\u0160v\u00e9dsk\u00e1-hudba-Laleh.png","keywords":["Basshunter","Cornelis Vreeswijk","Daniel Adams-Ray","Everta Taube","Kent","Laleh","Monica Zetterlund","Oskar Linnros","\u0161v\u00e9dsk\u00e1 hudba","\u0161v\u00e9dsk\u00e9 popul\u00e1rn\u00ed skupiny","\u0160v\u00e9dsko","\u0161v\u00e9dsk\u00fd jazyk","\u0161v\u00e9d\u0161t\u00ed hudebn\u00ed interpreti","\u0161v\u00e9d\u0161tina","Veronica Maggio"],"articleSection":["Novinky","Tipy ke studiu \u0161v\u00e9d\u0161tiny"],"inLanguage":"cs"},{"@type":"WebPage","@id":"https:\/\/www.jc-correct.com\/blog\/svedske-hudebni-skupiny-ii-znate-je\/","url":"https:\/\/www.jc-correct.com\/blog\/svedske-hudebni-skupiny-ii-znate-je\/","name":"\u0160v\u00e9dsk\u00e9 hudebn\u00ed skupiny II. - zn\u00e1te je? - BLOG: Jazykov\u00e9 centrum Correct","isPartOf":{"@id":"https:\/\/www.jc-correct.com\/blog\/#website"},"primaryImageOfPage":{"@id":"https:\/\/www.jc-correct.com\/blog\/svedske-hudebni-skupiny-ii-znate-je\/#primaryimage"},"image":{"@id":"https:\/\/www.jc-correct.com\/blog\/svedske-hudebni-skupiny-ii-znate-je\/#primaryimage"},"thumbnailUrl":"https:\/\/www.jc-correct.com\/blog\/wp-content\/uploads\/2020\/06\/\u0160v\u00e9dsk\u00e1-hudba-Laleh.png","datePublished":"2020-08-01T16:24:00+00:00","dateModified":"2021-02-22T13:29:14+00:00","breadcrumb":{"@id":"https:\/\/www.jc-correct.com\/blog\/svedske-hudebni-skupiny-ii-znate-je\/#breadcrumb"},"inLanguage":"cs","potentialAction":[{"@type":"ReadAction","target":["https:\/\/www.jc-correct.com\/blog\/svedske-hudebni-skupiny-ii-znate-je\/"]}]},{"@type":"ImageObject","inLanguage":"cs","@id":"https:\/\/www.jc-correct.com\/blog\/svedske-hudebni-skupiny-ii-znate-je\/#primaryimage","url":"https:\/\/www.jc-correct.com\/blog\/wp-content\/uploads\/2020\/06\/\u0160v\u00e9dsk\u00e1-hudba-Laleh.png","contentUrl":"https:\/\/www.jc-correct.com\/blog\/wp-content\/uploads\/2020\/06\/\u0160v\u00e9dsk\u00e1-hudba-Laleh.png","width":1243,"height":766},{"@type":"BreadcrumbList","@id":"https:\/\/www.jc-correct.com\/blog\/svedske-hudebni-skupiny-ii-znate-je\/#breadcrumb","itemListElement":[{"@type":"ListItem","position":1,"name":"Dom\u016f","item":"https:\/\/www.jc-correct.com\/blog\/"},{"@type":"ListItem","position":2,"name":"\u0160v\u00e9dsk\u00e9 hudebn\u00ed skupiny II. &#8211; zn\u00e1te je?"}]},{"@type":"WebSite","@id":"https:\/\/www.jc-correct.com\/blog\/#website","url":"https:\/\/www.jc-correct.com\/blog\/","name":"BLOG: Jazykov\u00e9 centrum Correct","description":"","publisher":{"@id":"https:\/\/www.jc-correct.com\/blog\/#organization"},"potentialAction":[{"@type":"SearchAction","target":{"@type":"EntryPoint","urlTemplate":"https:\/\/www.jc-correct.com\/blog\/?s={search_term_string}"},"query-input":"required name=search_term_string"}],"inLanguage":"cs"},{"@type":"Organization","@id":"https:\/\/www.jc-correct.com\/blog\/#organization","name":"Jazykov\u00e9 centrum Correct, s.r.o.","url":"https:\/\/www.jc-correct.com\/blog\/","logo":{"@type":"ImageObject","inLanguage":"cs","@id":"https:\/\/www.jc-correct.com\/blog\/#\/schema\/logo\/image\/","url":"https:\/\/www.jc-correct.com\/blog\/wp-content\/uploads\/2019\/09\/logo.png","contentUrl":"https:\/\/www.jc-correct.com\/blog\/wp-content\/uploads\/2019\/09\/logo.png","width":228,"height":89,"caption":"Jazykov\u00e9 centrum Correct, s.r.o."},"image":{"@id":"https:\/\/www.jc-correct.com\/blog\/#\/schema\/logo\/image\/"},"sameAs":["https:\/\/www.facebook.com\/correct.jazykove.centrum\/","https:\/\/www.instagram.com\/wearecorrect\/","https:\/\/www.linkedin.com\/company\/correct-language-centre\/","https:\/\/www.youtube.com\/channel\/UCqO47fnZwWjEqjOG57A7rZA\/featured"]},{"@type":"Person","@id":"https:\/\/www.jc-correct.com\/blog\/#\/schema\/person\/b9bf371b1acd1da12d78ae5cc8021d60","name":"Jazykov\u00e9 centrum Correct","image":{"@type":"ImageObject","inLanguage":"cs","@id":"https:\/\/www.jc-correct.com\/blog\/#\/schema\/person\/image\/","url":"https:\/\/www.jc-correct.com\/blog\/wp-content\/uploads\/2019\/09\/correct_fajfka-150x150.png","contentUrl":"https:\/\/www.jc-correct.com\/blog\/wp-content\/uploads\/2019\/09\/correct_fajfka-150x150.png","caption":"Jazykov\u00e9 centrum Correct"},"description":"U\u010d\u00edme jazyky, p\u0159ekl\u00e1d\u00e1me, korigujeme, tlumo\u010d\u00edme, provozujeme Knihovnu cizojazy\u010dn\u00e9 literatury, vzd\u011bl\u00e1v\u00e1me, informujeme a bav\u00edme v\u00e1s...","sameAs":["https:\/\/www.jc-correct.com\/","https:\/\/www.facebook.com\/correct.jazykove.centrum\/","https:\/\/www.instagram.com\/wearecorrect\/","https:\/\/cz.linkedin.com\/company\/correct-language-centre","https:\/\/www.youtube.com\/channel\/UCqO47fnZwWjEqjOG57A7rZA\/featured"],"url":"https:\/\/www.jc-correct.com\/blog\/author\/correct\/"}]}},"_links":{"self":[{"href":"https:\/\/www.jc-correct.com\/blog\/wp-json\/wp\/v2\/posts\/2548","targetHints":{"allow":["GET"]}}],"collection":[{"href":"https:\/\/www.jc-correct.com\/blog\/wp-json\/wp\/v2\/posts"}],"about":[{"href":"https:\/\/www.jc-correct.com\/blog\/wp-json\/wp\/v2\/types\/post"}],"author":[{"embeddable":true,"href":"https:\/\/www.jc-correct.com\/blog\/wp-json\/wp\/v2\/users\/5"}],"replies":[{"embeddable":true,"href":"https:\/\/www.jc-correct.com\/blog\/wp-json\/wp\/v2\/comments?post=2548"}],"version-history":[{"count":26,"href":"https:\/\/www.jc-correct.com\/blog\/wp-json\/wp\/v2\/posts\/2548\/revisions"}],"predecessor-version":[{"id":2701,"href":"https:\/\/www.jc-correct.com\/blog\/wp-json\/wp\/v2\/posts\/2548\/revisions\/2701"}],"wp:featuredmedia":[{"embeddable":true,"href":"https:\/\/www.jc-correct.com\/blog\/wp-json\/wp\/v2\/media\/2572"}],"wp:attachment":[{"href":"https:\/\/www.jc-correct.com\/blog\/wp-json\/wp\/v2\/media?parent=2548"}],"wp:term":[{"taxonomy":"category","embeddable":true,"href":"https:\/\/www.jc-correct.com\/blog\/wp-json\/wp\/v2\/categories?post=2548"},{"taxonomy":"post_tag","embeddable":true,"href":"https:\/\/www.jc-correct.com\/blog\/wp-json\/wp\/v2\/tags?post=2548"}],"curies":[{"name":"wp","href":"https:\/\/api.w.org\/{rel}","templated":true}]}}