{"id":249,"date":"2014-10-20T14:04:13","date_gmt":"2014-10-20T12:04:13","guid":{"rendered":"http:\/\/www.jc-correct.com\/blog\/?p=249"},"modified":"2021-07-12T16:11:48","modified_gmt":"2021-07-12T14:11:48","slug":"lektor-jassan-vydal-pro-kurzy-arabstiny-svou-vlastni-ucebnici","status":"publish","type":"post","link":"https:\/\/www.jc-correct.com\/blog\/lektor-jassan-vydal-pro-kurzy-arabstiny-svou-vlastni-ucebnici\/","title":{"rendered":"Lektor Jassan vydal pro kurzy arab\u0161tiny svou vlastn\u00ed u\u010debnici"},"content":{"rendered":"<p>Kolega Jassan, arab\u0161tin\u00e1\u0159, sepsal svou vlastn\u00ed u\u010debnici arab\u0161tiny. U\u010debnice je novinkou na trhu, proto j\u00ed v\u011bnujme n\u011bkolik \u0159\u00e1dk\u016f i my v na\u0161em dal\u0161\u00edm p\u0159\u00edsp\u011bvku. Jassanovi jsem polo\u017eil 5 ot\u00e1zek&#8230;<!--more--><\/p>\n<p><strong>Jassane, gratuluji k Tv\u00e9 pr\u00e1ci. U\u010debnice je jist\u011b je\u0161t\u011b tepl\u00e1 z tisk\u00e1rny. Moje prvn\u00ed ot\u00e1zka zn\u00ed, co T\u011b vlastn\u011b vedlo k tomu, \u017ee jsi sepsal u\u010debnici?<\/strong><\/p>\n<p><strong><a href=\"https:\/\/www.jc-correct.com\/blog\/wp-content\/uploads\/2014\/10\/kurzy-arab\u0161tiny_brno.jpg\"><img loading=\"lazy\" decoding=\"async\" class=\" wp-image-253 alignright lazyload\" src=\"https:\/\/www.jc-correct.com\/blog\/wp-content\/uploads\/2014\/10\/kurzy-arab\u0161tiny_brno-300x224.jpg\" alt=\"kurzy arab\u0161tiny_brno\" width=\"270\" height=\"202\" \/><\/a><\/strong><\/p>\n<p>D\u011bkuji. M\u016fj p\u016fvodn\u00ed z\u00e1m\u011br nebyl napsat celou u\u010debnici, ale vzhledem k nedostatku materi\u00e1l\u016f, zejm\u00e9na cvi\u010den\u00ed a nahr\u00e1vek s v\u00fdslovnost\u00ed, jsem za\u010dal vytv\u00e1\u0159et materi\u00e1ly pro sv\u00e9 studenty, ty jsem pr\u016fb\u011b\u017en\u011b upravoval a najednou jsem zjistil, \u017ee je jich tolik, \u017ee bych u\u010debnici sepsat mohl a za\u010dal jsem na n\u00ed pracovat c\u00edlen\u011b.<\/p>\n<p><strong><br \/>\n<\/strong><strong>M\u016f\u017ee\u0161 n\u00e1m svou u\u010debnici arab\u0161tiny trochu p\u0159edstavit? Pro koho je ur\u010dena? Zvl\u00e1dne s Tvou u\u010debnic\u00ed arab\u0161tiny pracovat i samouk?<\/strong><\/p>\n<p>U\u010debnice obsahuje v podstat\u011b kompletn\u00ed materi\u00e1l k v\u00fduce za\u010d\u00e1te\u010dn\u00edk\u016f a m\u00edrn\u011b pokro\u010dil\u00fdch student\u016f. Za\u010d\u00edn\u00e1 abecedou a n\u00e1cvikem psan\u00ed a obsahuje jak gramatick\u00e9 vysv\u011btlivky, tak cvi\u010den\u00ed a texty ke \u010dten\u00ed. Sou\u010d\u00e1st\u00ed u\u010debnice jsou i nahr\u00e1vky, kde jsou nejen texty a n\u011bkter\u00e1 cvi\u010den\u00ed, ale jsou tam i v\u00fdsledky cvi\u010den\u00ed. Samouk s n\u00ed tedy pracovat m\u016f\u017ee. Vzhledem k tomu, jak je ale arab\u0161tina odli\u0161n\u00e1 od \u010de\u0161tiny a n\u00e1ro\u010dn\u00e1 na v\u00fdslovnost, bych ka\u017ed\u00e9mu doporu\u010dil alespo\u0148 n\u011bjak\u00e9 <a href=\"https:\/\/www.jc-correct.com\/individualni-vyuka\" rel=\"noopener noreferrer\">konzultace<\/a>, aby si student mohl ov\u011b\u0159it, \u017ee postupuje spr\u00e1vn\u011b.<\/p>\n<figure id=\"attachment_256\" aria-describedby=\"caption-attachment-256\" style=\"width: 191px\" class=\"wp-caption aligncenter\"><a href=\"https:\/\/www.jc-correct.com\/blog\/wp-content\/uploads\/2014\/10\/kurzy-arab\u0161tiny_u\u010debnice-Correct-2.jpg\"><img loading=\"lazy\" decoding=\"async\" class=\"wp-image-256  lazyload\" src=\"https:\/\/www.jc-correct.com\/blog\/wp-content\/uploads\/2014\/10\/kurzy-arab\u0161tiny_u\u010debnice-Correct-2-212x300.jpg\" alt=\"kurzy arab\u0161tiny brno_u\u010debnice correct\" width=\"191\" height=\"270\" data-srcset=\"https:\/\/www.jc-correct.com\/blog\/wp-content\/uploads\/2014\/10\/kurzy-arab\u0161tiny_u\u010debnice-Correct-2-212x300.jpg 212w, https:\/\/www.jc-correct.com\/blog\/wp-content\/uploads\/2014\/10\/kurzy-arab\u0161tiny_u\u010debnice-Correct-2-624x882.jpg 624w, https:\/\/www.jc-correct.com\/blog\/wp-content\/uploads\/2014\/10\/kurzy-arab\u0161tiny_u\u010debnice-Correct-2.jpg 679w\" sizes=\"auto\" \/><\/a><figcaption id=\"caption-attachment-256\" class=\"wp-caption-text\">Uk\u00e1zka vysv\u011btlen\u00ed p\u0159\u00edtomn\u00e9ho \u010dasu<\/figcaption><\/figure>\n<p><strong>U\u010debnice m\u00e1 300 str\u00e1nek. Musela to b\u00fdt jist\u011b d\u0159ina sepsat u\u010debnici, kter\u00e1 v na\u0161\u00edch kraj\u00edch nem\u00e1 konkurenci. Co bylo p\u0159i psan\u00ed nejt\u011b\u017e\u0161\u00ed? S jak\u00fdmi probl\u00e9my &#8222;jsi bojoval&#8220;?<\/strong><\/p>\n<p>Sna\u017eil jsem se, aby ka\u017ed\u00fd gramatick\u00fd jev byl nejprve vysv\u011btlen, ne\u017e se objev\u00ed v n\u011bjak\u00e9m textu, co\u017e nebylo zrovna jednoduch\u00e9. Rovn\u011b\u017e tvorba cvi\u010den\u00ed byla velmi n\u00e1ro\u010dn\u00e1, proto\u017ee jsem se necht\u011bl omezit pouze na p\u0159eklady v\u011bt a odpov\u011bdi na ot\u00e1zky. Bylo t\u011b\u017ek\u00e9 hledat inspiraci. V t\u00e9to situaci pomohlo z \u010d\u00e1sti to, \u017ee jsem materi\u00e1ly z u\u010debnice pou\u017e\u00edval p\u0159i v\u00fduce sv\u00fdch student\u016f a zji\u0161\u0165oval tak pr\u016fb\u011b\u017en\u011b, co se osv\u011bd\u010d\u00ed, a co je naopak t\u0159eba upravit. U\u010debnice tedy od prvn\u00edch cvi\u010den\u00ed vznikala po dobu t\u0159\u00ed let a ke konci u\u017e tam byla i siln\u00e1 touha vid\u011bt kone\u010dn\u011b v\u00fdsledek \ud83d\ude42<\/p>\n<figure id=\"attachment_259\" aria-describedby=\"caption-attachment-259\" style=\"width: 191px\" class=\"wp-caption aligncenter\"><a href=\"https:\/\/www.jc-correct.com\/blog\/wp-content\/uploads\/2014\/10\/kurzy-arab\u0161tiny_u\u010debnice-Correct-3.jpg\"><img loading=\"lazy\" decoding=\"async\" class=\" wp-image-259 lazyload\" src=\"https:\/\/www.jc-correct.com\/blog\/wp-content\/uploads\/2014\/10\/kurzy-arab\u0161tiny_u\u010debnice-Correct-3-212x300.jpg\" alt=\"kurzy arab\u0161tiny_u\u010debnice Correct\" width=\"191\" height=\"270\" data-srcset=\"https:\/\/www.jc-correct.com\/blog\/wp-content\/uploads\/2014\/10\/kurzy-arab\u0161tiny_u\u010debnice-Correct-3-212x300.jpg 212w, https:\/\/www.jc-correct.com\/blog\/wp-content\/uploads\/2014\/10\/kurzy-arab\u0161tiny_u\u010debnice-Correct-3-624x882.jpg 624w, https:\/\/www.jc-correct.com\/blog\/wp-content\/uploads\/2014\/10\/kurzy-arab\u0161tiny_u\u010debnice-Correct-3.jpg 679w\" sizes=\"auto\" \/><\/a><figcaption id=\"caption-attachment-259\" class=\"wp-caption-text\">Uk\u00e1zka z u\u010debnice<\/figcaption><\/figure>\n<p><strong>Co chyst\u00e1\u0161 d\u00e1le? M\u00e1\u0161 v pl\u00e1nu nap\u0159. druh\u00fd d\u00edl u\u010debnice?<\/strong><\/p>\n<p>Ur\u010dit\u011b m\u00e1m v pl\u00e1nu pokra\u010dovat prac\u00ed na druh\u00e9m d\u00edle. Ji\u017e v dob\u011b, kdy jsem dokon\u010doval d\u00edl prvn\u00ed, jsem m\u011bl mnoho dal\u0161\u00edch tip\u016f, \u010d\u00edm bych mohl pokra\u010dovat, ale necht\u011bl jsem u\u010debnici roz\u0161i\u0159ovat do nekone\u010dna. V tuto chv\u00edli se dokon\u010duj\u00ed nahr\u00e1vky a po kr\u00e1tk\u00e9 pauze se pust\u00edm do dal\u0161\u00ed pr\u00e1ce.<\/p>\n<p><strong>A posledn\u00ed ot\u00e1zka &#8211; kde u\u010debnici se\u017eeneme? Bude k dost\u00e1n\u00ed v knihkupectv\u00edch? Na internetu \u010di jinde?<\/strong><\/p>\n<p>V tuto chv\u00edli zat\u00edm nen\u00ed dostupn\u00e1 v \u017e\u00e1dn\u00e9m knihkupectv\u00ed, ale pouze na internetu v e-shopu na m\u00fdch str\u00e1nk\u00e1ch <a href=\"http:\/\/orientalni-jazyky.cz\/\" target=\"_blank\" rel=\"noopener noreferrer\">orientalni-jazyky.cz<\/a>, v budoucnu ale nevylu\u010duji, \u017ee se objev\u00ed i jinde. Samoz\u0159ejm\u011b z\u00e1jemc\u016fm, kte\u0159\u00ed maj\u00ed fyzicky tu mo\u017enost, nab\u00edz\u00edm, aby se na u\u010debnici pod\u00edvali p\u0159\u00edmo v m\u00fdch v\u00fdukov\u00fdch prostor\u00e1ch v Praze nebo v <a href=\"https:\/\/www.jc-correct.com\/kontaktni-informace\" rel=\"noopener noreferrer\">kancel\u00e1\u0159i Jazykov\u00e9ho centra Correct<\/a>, kde si ji mohou rovn\u011b\u017e zakoupit. Pro ostatn\u00ed je alespo\u0148 k dispozici mal\u00e1 uk\u00e1zka na internetu na m\u00fdch str\u00e1nk\u00e1ch a na <a href=\"https:\/\/www.facebook.com\/pages\/arab%C5%A1tina-hebrej%C5%A1tina\/106530806064283\" target=\"_blank\" rel=\"noopener noreferrer\">facebooku<\/a>.<\/p>\n<p>Jassane, d\u011bkuji! P\u0159eji Ti mnoho sil do 2. d\u00edlu u\u010debnice a mnoho spokojen\u00fdch student\u016f \ud83d\ude42<\/p>\n<p><a href=\"https:\/\/www.jc-correct.com\/blog\/wp-content\/uploads\/2014\/10\/u\u010debnice-arab\u0161tiny.jpg\"><img loading=\"lazy\" decoding=\"async\" class=\" wp-image-1215 aligncenter lazyload\" src=\"https:\/\/www.jc-correct.com\/blog\/wp-content\/uploads\/2014\/10\/u\u010debnice-arab\u0161tiny-212x300.jpg\" alt=\"\" width=\"230\" height=\"325\" data-srcset=\"https:\/\/www.jc-correct.com\/blog\/wp-content\/uploads\/2014\/10\/u\u010debnice-arab\u0161tiny-212x300.jpg 212w, https:\/\/www.jc-correct.com\/blog\/wp-content\/uploads\/2014\/10\/u\u010debnice-arab\u0161tiny.jpg 370w\" sizes=\"auto\" \/><\/a><\/p>\n","protected":false},"excerpt":{"rendered":"<p>Kolega Jassan, arab\u0161tin\u00e1\u0159, sepsal svou vlastn\u00ed u\u010debnici arab\u0161tiny. U\u010debnice je novinkou na trhu, proto j\u00ed v\u011bnujme n\u011bkolik \u0159\u00e1dk\u016f i my v na\u0161em dal\u0161\u00edm p\u0159\u00edsp\u011bvku. Jassanovi jsem polo\u017eil 5 ot\u00e1zek&#8230;<\/p>\n","protected":false},"author":2,"featured_media":1212,"comment_status":"closed","ping_status":"open","sticky":false,"template":"","format":"standard","meta":{"_acf_changed":false,"footnotes":""},"categories":[249,245,14],"tags":[351,350,349,348,355,30,353,29],"class_list":["post-249","post","type-post","status-publish","format-standard","has-post-thumbnail","hentry","category-informujeme","category-tipy-ke-studiu-arabstiny","category-ze-zivota-correctu","tag-arabska-gramatika","tag-arabske-ucebnice","tag-arabsky-jazyk","tag-arabstina-pro-zacatecniky","tag-jak-se-naucit-arabsky","tag-kurzy-arabstiny","tag-lektor-arabstiny","tag-ucebnice-arabstiny"],"acf":[],"yoast_head":"<!-- This site is optimized with the Yoast SEO plugin v22.3 - https:\/\/yoast.com\/wordpress\/plugins\/seo\/ -->\n<title>Lektor Jassan vydal pro kurzy arab\u0161tiny svou vlastn\u00ed u\u010debnici - BLOG: Jazykov\u00e9 centrum Correct<\/title>\n<meta name=\"robots\" content=\"index, follow, max-snippet:-1, max-image-preview:large, max-video-preview:-1\" \/>\n<link rel=\"canonical\" href=\"https:\/\/www.jc-correct.com\/blog\/lektor-jassan-vydal-pro-kurzy-arabstiny-svou-vlastni-ucebnici\/\" \/>\n<meta property=\"og:locale\" content=\"cs_CZ\" \/>\n<meta property=\"og:type\" content=\"article\" \/>\n<meta property=\"og:title\" content=\"Lektor Jassan vydal pro kurzy arab\u0161tiny svou vlastn\u00ed u\u010debnici - BLOG: Jazykov\u00e9 centrum Correct\" \/>\n<meta property=\"og:description\" content=\"Kolega Jassan, arab\u0161tin\u00e1\u0159, sepsal svou vlastn\u00ed u\u010debnici arab\u0161tiny. U\u010debnice je novinkou na trhu, proto j\u00ed v\u011bnujme n\u011bkolik \u0159\u00e1dk\u016f i my v na\u0161em dal\u0161\u00edm p\u0159\u00edsp\u011bvku. Jassanovi jsem polo\u017eil 5 ot\u00e1zek...\" \/>\n<meta property=\"og:url\" content=\"https:\/\/www.jc-correct.com\/blog\/lektor-jassan-vydal-pro-kurzy-arabstiny-svou-vlastni-ucebnici\/\" \/>\n<meta property=\"og:site_name\" content=\"BLOG: Jazykov\u00e9 centrum Correct\" \/>\n<meta property=\"article:publisher\" content=\"https:\/\/www.facebook.com\/correct.jazykove.centrum\/\" \/>\n<meta property=\"article:published_time\" content=\"2014-10-20T12:04:13+00:00\" \/>\n<meta property=\"article:modified_time\" content=\"2021-07-12T14:11:48+00:00\" \/>\n<meta property=\"og:image\" content=\"https:\/\/www.jc-correct.com\/blog\/wp-content\/uploads\/2014\/10\/u\u010debnice-arab\u0161tiny-novinka.jpg\" \/>\n\t<meta property=\"og:image:width\" content=\"638\" \/>\n\t<meta property=\"og:image:height\" content=\"381\" \/>\n\t<meta property=\"og:image:type\" content=\"image\/jpeg\" \/>\n<meta name=\"author\" content=\"V\u00e1clav Solich\" \/>\n<meta name=\"twitter:card\" content=\"summary_large_image\" \/>\n<meta name=\"twitter:label1\" content=\"Napsal(a)\" \/>\n\t<meta name=\"twitter:data1\" content=\"V\u00e1clav Solich\" \/>\n\t<meta name=\"twitter:label2\" content=\"Odhadovan\u00e1 doba \u010dten\u00ed\" \/>\n\t<meta name=\"twitter:data2\" content=\"4 minuty\" \/>\n<script type=\"application\/ld+json\" class=\"yoast-schema-graph\">{\"@context\":\"https:\/\/schema.org\",\"@graph\":[{\"@type\":\"Article\",\"@id\":\"https:\/\/www.jc-correct.com\/blog\/lektor-jassan-vydal-pro-kurzy-arabstiny-svou-vlastni-ucebnici\/#article\",\"isPartOf\":{\"@id\":\"https:\/\/www.jc-correct.com\/blog\/lektor-jassan-vydal-pro-kurzy-arabstiny-svou-vlastni-ucebnici\/\"},\"author\":{\"name\":\"V\u00e1clav Solich\",\"@id\":\"https:\/\/www.jc-correct.com\/blog\/#\/schema\/person\/96aaa5baa2e5964a367d2584a8f9c245\"},\"headline\":\"Lektor Jassan vydal pro kurzy arab\u0161tiny svou vlastn\u00ed u\u010debnici\",\"datePublished\":\"2014-10-20T12:04:13+00:00\",\"dateModified\":\"2021-07-12T14:11:48+00:00\",\"mainEntityOfPage\":{\"@id\":\"https:\/\/www.jc-correct.com\/blog\/lektor-jassan-vydal-pro-kurzy-arabstiny-svou-vlastni-ucebnici\/\"},\"wordCount\":712,\"publisher\":{\"@id\":\"https:\/\/www.jc-correct.com\/blog\/#organization\"},\"image\":{\"@id\":\"https:\/\/www.jc-correct.com\/blog\/lektor-jassan-vydal-pro-kurzy-arabstiny-svou-vlastni-ucebnici\/#primaryimage\"},\"thumbnailUrl\":\"https:\/\/www.jc-correct.com\/blog\/wp-content\/uploads\/2014\/10\/u\u010debnice-arab\u0161tiny-novinka.jpg\",\"keywords\":[\"arabsk\u00e1 gramatika\",\"arabsk\u00e9 u\u010debnice\",\"arabsk\u00fd jazyk\",\"arab\u0161tina pro za\u010d\u00e1te\u010dn\u00edky\",\"jak se nau\u010dit arabsky\",\"kurzy arab\u0161tiny\",\"lektor arab\u0161tiny\",\"u\u010debnice arab\u0161tiny\"],\"articleSection\":[\"Informujeme\",\"Tipy ke studiu arab\u0161tiny\",\"Ze \u017eivota Correctu\"],\"inLanguage\":\"cs\"},{\"@type\":\"WebPage\",\"@id\":\"https:\/\/www.jc-correct.com\/blog\/lektor-jassan-vydal-pro-kurzy-arabstiny-svou-vlastni-ucebnici\/\",\"url\":\"https:\/\/www.jc-correct.com\/blog\/lektor-jassan-vydal-pro-kurzy-arabstiny-svou-vlastni-ucebnici\/\",\"name\":\"Lektor Jassan vydal pro kurzy arab\u0161tiny svou vlastn\u00ed u\u010debnici - BLOG: Jazykov\u00e9 centrum Correct\",\"isPartOf\":{\"@id\":\"https:\/\/www.jc-correct.com\/blog\/#website\"},\"primaryImageOfPage\":{\"@id\":\"https:\/\/www.jc-correct.com\/blog\/lektor-jassan-vydal-pro-kurzy-arabstiny-svou-vlastni-ucebnici\/#primaryimage\"},\"image\":{\"@id\":\"https:\/\/www.jc-correct.com\/blog\/lektor-jassan-vydal-pro-kurzy-arabstiny-svou-vlastni-ucebnici\/#primaryimage\"},\"thumbnailUrl\":\"https:\/\/www.jc-correct.com\/blog\/wp-content\/uploads\/2014\/10\/u\u010debnice-arab\u0161tiny-novinka.jpg\",\"datePublished\":\"2014-10-20T12:04:13+00:00\",\"dateModified\":\"2021-07-12T14:11:48+00:00\",\"breadcrumb\":{\"@id\":\"https:\/\/www.jc-correct.com\/blog\/lektor-jassan-vydal-pro-kurzy-arabstiny-svou-vlastni-ucebnici\/#breadcrumb\"},\"inLanguage\":\"cs\",\"potentialAction\":[{\"@type\":\"ReadAction\",\"target\":[\"https:\/\/www.jc-correct.com\/blog\/lektor-jassan-vydal-pro-kurzy-arabstiny-svou-vlastni-ucebnici\/\"]}]},{\"@type\":\"ImageObject\",\"inLanguage\":\"cs\",\"@id\":\"https:\/\/www.jc-correct.com\/blog\/lektor-jassan-vydal-pro-kurzy-arabstiny-svou-vlastni-ucebnici\/#primaryimage\",\"url\":\"https:\/\/www.jc-correct.com\/blog\/wp-content\/uploads\/2014\/10\/u\u010debnice-arab\u0161tiny-novinka.jpg\",\"contentUrl\":\"https:\/\/www.jc-correct.com\/blog\/wp-content\/uploads\/2014\/10\/u\u010debnice-arab\u0161tiny-novinka.jpg\",\"width\":638,\"height\":381},{\"@type\":\"BreadcrumbList\",\"@id\":\"https:\/\/www.jc-correct.com\/blog\/lektor-jassan-vydal-pro-kurzy-arabstiny-svou-vlastni-ucebnici\/#breadcrumb\",\"itemListElement\":[{\"@type\":\"ListItem\",\"position\":1,\"name\":\"Dom\u016f\",\"item\":\"https:\/\/www.jc-correct.com\/blog\/\"},{\"@type\":\"ListItem\",\"position\":2,\"name\":\"Lektor Jassan vydal pro kurzy arab\u0161tiny svou vlastn\u00ed u\u010debnici\"}]},{\"@type\":\"WebSite\",\"@id\":\"https:\/\/www.jc-correct.com\/blog\/#website\",\"url\":\"https:\/\/www.jc-correct.com\/blog\/\",\"name\":\"BLOG: Jazykov\u00e9 centrum Correct\",\"description\":\"\",\"publisher\":{\"@id\":\"https:\/\/www.jc-correct.com\/blog\/#organization\"},\"potentialAction\":[{\"@type\":\"SearchAction\",\"target\":{\"@type\":\"EntryPoint\",\"urlTemplate\":\"https:\/\/www.jc-correct.com\/blog\/?s={search_term_string}\"},\"query-input\":\"required name=search_term_string\"}],\"inLanguage\":\"cs\"},{\"@type\":\"Organization\",\"@id\":\"https:\/\/www.jc-correct.com\/blog\/#organization\",\"name\":\"Jazykov\u00e9 centrum Correct, s.r.o.\",\"url\":\"https:\/\/www.jc-correct.com\/blog\/\",\"logo\":{\"@type\":\"ImageObject\",\"inLanguage\":\"cs\",\"@id\":\"https:\/\/www.jc-correct.com\/blog\/#\/schema\/logo\/image\/\",\"url\":\"https:\/\/www.jc-correct.com\/blog\/wp-content\/uploads\/2019\/09\/logo.png\",\"contentUrl\":\"https:\/\/www.jc-correct.com\/blog\/wp-content\/uploads\/2019\/09\/logo.png\",\"width\":228,\"height\":89,\"caption\":\"Jazykov\u00e9 centrum Correct, s.r.o.\"},\"image\":{\"@id\":\"https:\/\/www.jc-correct.com\/blog\/#\/schema\/logo\/image\/\"},\"sameAs\":[\"https:\/\/www.facebook.com\/correct.jazykove.centrum\/\",\"https:\/\/www.instagram.com\/wearecorrect\/\",\"https:\/\/www.linkedin.com\/company\/correct-language-centre\/\",\"https:\/\/www.youtube.com\/channel\/UCqO47fnZwWjEqjOG57A7rZA\/featured\"]},{\"@type\":\"Person\",\"@id\":\"https:\/\/www.jc-correct.com\/blog\/#\/schema\/person\/96aaa5baa2e5964a367d2584a8f9c245\",\"name\":\"V\u00e1clav Solich\",\"image\":{\"@type\":\"ImageObject\",\"inLanguage\":\"cs\",\"@id\":\"https:\/\/www.jc-correct.com\/blog\/#\/schema\/person\/image\/\",\"url\":\"https:\/\/www.jc-correct.com\/blog\/wp-content\/uploads\/2019\/09\/vaclav-solich-150x150.jpg\",\"contentUrl\":\"https:\/\/www.jc-correct.com\/blog\/wp-content\/uploads\/2019\/09\/vaclav-solich-150x150.jpg\",\"caption\":\"V\u00e1clav Solich\"},\"description\":\"Correc\u0165\u00e1k t\u011blem i du\u0161\u00ed - CEO a majitel Correctu\",\"sameAs\":[\"http:\/\/bit.ly\/vaclav-solich\",\"https:\/\/www.youtube.com\/@wearecorrect\"],\"url\":\"https:\/\/www.jc-correct.com\/blog\/author\/vasek\/\"}]}<\/script>\n<!-- \/ Yoast SEO plugin. -->","yoast_head_json":{"title":"Lektor Jassan vydal pro kurzy arab\u0161tiny svou vlastn\u00ed u\u010debnici - BLOG: Jazykov\u00e9 centrum Correct","robots":{"index":"index","follow":"follow","max-snippet":"max-snippet:-1","max-image-preview":"max-image-preview:large","max-video-preview":"max-video-preview:-1"},"canonical":"https:\/\/www.jc-correct.com\/blog\/lektor-jassan-vydal-pro-kurzy-arabstiny-svou-vlastni-ucebnici\/","og_locale":"cs_CZ","og_type":"article","og_title":"Lektor Jassan vydal pro kurzy arab\u0161tiny svou vlastn\u00ed u\u010debnici - BLOG: Jazykov\u00e9 centrum Correct","og_description":"Kolega Jassan, arab\u0161tin\u00e1\u0159, sepsal svou vlastn\u00ed u\u010debnici arab\u0161tiny. U\u010debnice je novinkou na trhu, proto j\u00ed v\u011bnujme n\u011bkolik \u0159\u00e1dk\u016f i my v na\u0161em dal\u0161\u00edm p\u0159\u00edsp\u011bvku. Jassanovi jsem polo\u017eil 5 ot\u00e1zek...","og_url":"https:\/\/www.jc-correct.com\/blog\/lektor-jassan-vydal-pro-kurzy-arabstiny-svou-vlastni-ucebnici\/","og_site_name":"BLOG: Jazykov\u00e9 centrum Correct","article_publisher":"https:\/\/www.facebook.com\/correct.jazykove.centrum\/","article_published_time":"2014-10-20T12:04:13+00:00","article_modified_time":"2021-07-12T14:11:48+00:00","og_image":[{"width":638,"height":381,"url":"https:\/\/www.jc-correct.com\/blog\/wp-content\/uploads\/2014\/10\/u\u010debnice-arab\u0161tiny-novinka.jpg","type":"image\/jpeg"}],"author":"V\u00e1clav Solich","twitter_card":"summary_large_image","twitter_misc":{"Napsal(a)":"V\u00e1clav Solich","Odhadovan\u00e1 doba \u010dten\u00ed":"4 minuty"},"schema":{"@context":"https:\/\/schema.org","@graph":[{"@type":"Article","@id":"https:\/\/www.jc-correct.com\/blog\/lektor-jassan-vydal-pro-kurzy-arabstiny-svou-vlastni-ucebnici\/#article","isPartOf":{"@id":"https:\/\/www.jc-correct.com\/blog\/lektor-jassan-vydal-pro-kurzy-arabstiny-svou-vlastni-ucebnici\/"},"author":{"name":"V\u00e1clav Solich","@id":"https:\/\/www.jc-correct.com\/blog\/#\/schema\/person\/96aaa5baa2e5964a367d2584a8f9c245"},"headline":"Lektor Jassan vydal pro kurzy arab\u0161tiny svou vlastn\u00ed u\u010debnici","datePublished":"2014-10-20T12:04:13+00:00","dateModified":"2021-07-12T14:11:48+00:00","mainEntityOfPage":{"@id":"https:\/\/www.jc-correct.com\/blog\/lektor-jassan-vydal-pro-kurzy-arabstiny-svou-vlastni-ucebnici\/"},"wordCount":712,"publisher":{"@id":"https:\/\/www.jc-correct.com\/blog\/#organization"},"image":{"@id":"https:\/\/www.jc-correct.com\/blog\/lektor-jassan-vydal-pro-kurzy-arabstiny-svou-vlastni-ucebnici\/#primaryimage"},"thumbnailUrl":"https:\/\/www.jc-correct.com\/blog\/wp-content\/uploads\/2014\/10\/u\u010debnice-arab\u0161tiny-novinka.jpg","keywords":["arabsk\u00e1 gramatika","arabsk\u00e9 u\u010debnice","arabsk\u00fd jazyk","arab\u0161tina pro za\u010d\u00e1te\u010dn\u00edky","jak se nau\u010dit arabsky","kurzy arab\u0161tiny","lektor arab\u0161tiny","u\u010debnice arab\u0161tiny"],"articleSection":["Informujeme","Tipy ke studiu arab\u0161tiny","Ze \u017eivota Correctu"],"inLanguage":"cs"},{"@type":"WebPage","@id":"https:\/\/www.jc-correct.com\/blog\/lektor-jassan-vydal-pro-kurzy-arabstiny-svou-vlastni-ucebnici\/","url":"https:\/\/www.jc-correct.com\/blog\/lektor-jassan-vydal-pro-kurzy-arabstiny-svou-vlastni-ucebnici\/","name":"Lektor Jassan vydal pro kurzy arab\u0161tiny svou vlastn\u00ed u\u010debnici - BLOG: Jazykov\u00e9 centrum Correct","isPartOf":{"@id":"https:\/\/www.jc-correct.com\/blog\/#website"},"primaryImageOfPage":{"@id":"https:\/\/www.jc-correct.com\/blog\/lektor-jassan-vydal-pro-kurzy-arabstiny-svou-vlastni-ucebnici\/#primaryimage"},"image":{"@id":"https:\/\/www.jc-correct.com\/blog\/lektor-jassan-vydal-pro-kurzy-arabstiny-svou-vlastni-ucebnici\/#primaryimage"},"thumbnailUrl":"https:\/\/www.jc-correct.com\/blog\/wp-content\/uploads\/2014\/10\/u\u010debnice-arab\u0161tiny-novinka.jpg","datePublished":"2014-10-20T12:04:13+00:00","dateModified":"2021-07-12T14:11:48+00:00","breadcrumb":{"@id":"https:\/\/www.jc-correct.com\/blog\/lektor-jassan-vydal-pro-kurzy-arabstiny-svou-vlastni-ucebnici\/#breadcrumb"},"inLanguage":"cs","potentialAction":[{"@type":"ReadAction","target":["https:\/\/www.jc-correct.com\/blog\/lektor-jassan-vydal-pro-kurzy-arabstiny-svou-vlastni-ucebnici\/"]}]},{"@type":"ImageObject","inLanguage":"cs","@id":"https:\/\/www.jc-correct.com\/blog\/lektor-jassan-vydal-pro-kurzy-arabstiny-svou-vlastni-ucebnici\/#primaryimage","url":"https:\/\/www.jc-correct.com\/blog\/wp-content\/uploads\/2014\/10\/u\u010debnice-arab\u0161tiny-novinka.jpg","contentUrl":"https:\/\/www.jc-correct.com\/blog\/wp-content\/uploads\/2014\/10\/u\u010debnice-arab\u0161tiny-novinka.jpg","width":638,"height":381},{"@type":"BreadcrumbList","@id":"https:\/\/www.jc-correct.com\/blog\/lektor-jassan-vydal-pro-kurzy-arabstiny-svou-vlastni-ucebnici\/#breadcrumb","itemListElement":[{"@type":"ListItem","position":1,"name":"Dom\u016f","item":"https:\/\/www.jc-correct.com\/blog\/"},{"@type":"ListItem","position":2,"name":"Lektor Jassan vydal pro kurzy arab\u0161tiny svou vlastn\u00ed u\u010debnici"}]},{"@type":"WebSite","@id":"https:\/\/www.jc-correct.com\/blog\/#website","url":"https:\/\/www.jc-correct.com\/blog\/","name":"BLOG: Jazykov\u00e9 centrum Correct","description":"","publisher":{"@id":"https:\/\/www.jc-correct.com\/blog\/#organization"},"potentialAction":[{"@type":"SearchAction","target":{"@type":"EntryPoint","urlTemplate":"https:\/\/www.jc-correct.com\/blog\/?s={search_term_string}"},"query-input":"required name=search_term_string"}],"inLanguage":"cs"},{"@type":"Organization","@id":"https:\/\/www.jc-correct.com\/blog\/#organization","name":"Jazykov\u00e9 centrum Correct, s.r.o.","url":"https:\/\/www.jc-correct.com\/blog\/","logo":{"@type":"ImageObject","inLanguage":"cs","@id":"https:\/\/www.jc-correct.com\/blog\/#\/schema\/logo\/image\/","url":"https:\/\/www.jc-correct.com\/blog\/wp-content\/uploads\/2019\/09\/logo.png","contentUrl":"https:\/\/www.jc-correct.com\/blog\/wp-content\/uploads\/2019\/09\/logo.png","width":228,"height":89,"caption":"Jazykov\u00e9 centrum Correct, s.r.o."},"image":{"@id":"https:\/\/www.jc-correct.com\/blog\/#\/schema\/logo\/image\/"},"sameAs":["https:\/\/www.facebook.com\/correct.jazykove.centrum\/","https:\/\/www.instagram.com\/wearecorrect\/","https:\/\/www.linkedin.com\/company\/correct-language-centre\/","https:\/\/www.youtube.com\/channel\/UCqO47fnZwWjEqjOG57A7rZA\/featured"]},{"@type":"Person","@id":"https:\/\/www.jc-correct.com\/blog\/#\/schema\/person\/96aaa5baa2e5964a367d2584a8f9c245","name":"V\u00e1clav Solich","image":{"@type":"ImageObject","inLanguage":"cs","@id":"https:\/\/www.jc-correct.com\/blog\/#\/schema\/person\/image\/","url":"https:\/\/www.jc-correct.com\/blog\/wp-content\/uploads\/2019\/09\/vaclav-solich-150x150.jpg","contentUrl":"https:\/\/www.jc-correct.com\/blog\/wp-content\/uploads\/2019\/09\/vaclav-solich-150x150.jpg","caption":"V\u00e1clav Solich"},"description":"Correc\u0165\u00e1k t\u011blem i du\u0161\u00ed - CEO a majitel Correctu","sameAs":["http:\/\/bit.ly\/vaclav-solich","https:\/\/www.youtube.com\/@wearecorrect"],"url":"https:\/\/www.jc-correct.com\/blog\/author\/vasek\/"}]}},"_links":{"self":[{"href":"https:\/\/www.jc-correct.com\/blog\/wp-json\/wp\/v2\/posts\/249","targetHints":{"allow":["GET"]}}],"collection":[{"href":"https:\/\/www.jc-correct.com\/blog\/wp-json\/wp\/v2\/posts"}],"about":[{"href":"https:\/\/www.jc-correct.com\/blog\/wp-json\/wp\/v2\/types\/post"}],"author":[{"embeddable":true,"href":"https:\/\/www.jc-correct.com\/blog\/wp-json\/wp\/v2\/users\/2"}],"replies":[{"embeddable":true,"href":"https:\/\/www.jc-correct.com\/blog\/wp-json\/wp\/v2\/comments?post=249"}],"version-history":[{"count":29,"href":"https:\/\/www.jc-correct.com\/blog\/wp-json\/wp\/v2\/posts\/249\/revisions"}],"predecessor-version":[{"id":3340,"href":"https:\/\/www.jc-correct.com\/blog\/wp-json\/wp\/v2\/posts\/249\/revisions\/3340"}],"wp:featuredmedia":[{"embeddable":true,"href":"https:\/\/www.jc-correct.com\/blog\/wp-json\/wp\/v2\/media\/1212"}],"wp:attachment":[{"href":"https:\/\/www.jc-correct.com\/blog\/wp-json\/wp\/v2\/media?parent=249"}],"wp:term":[{"taxonomy":"category","embeddable":true,"href":"https:\/\/www.jc-correct.com\/blog\/wp-json\/wp\/v2\/categories?post=249"},{"taxonomy":"post_tag","embeddable":true,"href":"https:\/\/www.jc-correct.com\/blog\/wp-json\/wp\/v2\/tags?post=249"}],"curies":[{"name":"wp","href":"https:\/\/api.w.org\/{rel}","templated":true}]}}