{"id":2443,"date":"2020-06-30T13:18:20","date_gmt":"2020-06-30T11:18:20","guid":{"rendered":"https:\/\/www.jc-correct.com\/blog\/?p=2443"},"modified":"2025-09-18T16:54:27","modified_gmt":"2025-09-18T14:54:27","slug":"lektori-cizich-jazyku-proc-radi-uci-v-correctu","status":"publish","type":"post","link":"https:\/\/www.jc-correct.com\/blog\/lektori-cizich-jazyku-proc-radi-uci-v-correctu\/","title":{"rendered":"Lekto\u0159i ciz\u00edch jazyk\u016f &#8211; pro\u010d r\u00e1di u\u010d\u00ed v Correctu"},"content":{"rendered":"\n<p>Hled\u00e1te nov\u00e9 m\u00edsto, kde byste cht\u011bli p\u016fsobit jako lektor ciz\u00edho jazyka? V tomto \u010dl\u00e1nku se do\u010dtete, jak se u\u010d\u00ed v <a href=\"https:\/\/www.jc-correct.com\/\">Jazykov\u00e9m centru Correct<\/a>. A kdo v\u00e1m p\u0159edstav\u00ed prost\u0159ed\u00ed Correctu l\u00e9pe ne\u017e samotn\u00ed lekto\u0159i, kte\u0159\u00ed u n\u00e1s u\u010d\u00ed? Na\u0161e lektorky Eva, Katka a Mark\u00e9ta prozradily, jak to v Correctu funguje.<\/p>\n\n\n<div class=\"wp-block-image\">\n<figure class=\"aligncenter size-large is-resized\"><img loading=\"lazy\" decoding=\"async\" width=\"1024\" height=\"683\" src=\"https:\/\/www.jc-correct.com\/blog\/wp-content\/uploads\/2020\/06\/lekto\u0159i-v-jazykov\u00e9-\u0161kole-1-2-1024x683.jpg\" alt=\"\" class=\"wp-image-2467 lazyload\" style=\"width:500px;height:332px\" data-srcset=\"https:\/\/www.jc-correct.com\/blog\/wp-content\/uploads\/2020\/06\/lekto\u0159i-v-jazykov\u00e9-\u0161kole-1-2-1024x683.jpg 1024w, https:\/\/www.jc-correct.com\/blog\/wp-content\/uploads\/2020\/06\/lekto\u0159i-v-jazykov\u00e9-\u0161kole-1-2-300x200.jpg 300w, https:\/\/www.jc-correct.com\/blog\/wp-content\/uploads\/2020\/06\/lekto\u0159i-v-jazykov\u00e9-\u0161kole-1-2-768x512.jpg 768w, https:\/\/www.jc-correct.com\/blog\/wp-content\/uploads\/2020\/06\/lekto\u0159i-v-jazykov\u00e9-\u0161kole-1-2-1536x1024.jpg 1536w, https:\/\/www.jc-correct.com\/blog\/wp-content\/uploads\/2020\/06\/lekto\u0159i-v-jazykov\u00e9-\u0161kole-1-2-2048x1365.jpg 2048w\" sizes=\"auto\" \/><figcaption class=\"wp-element-caption\">Eva vyb\u00edr\u00e1 materi\u00e1ly pro sv\u016fj kurz.<\/figcaption><\/figure>\n<\/div>\n\n\n<h2 class=\"wp-block-heading\">V\u0161echno je to o lidech. <\/h2>\n\n\n\n<p>O <a href=\"https:\/\/www.jc-correct.com\/nas-tym\/jsme-correct\">t\u00fdmu Correctu<\/a> napsala p\u00e1r slov na\u0161e lektorka \u010de\u0161tiny pro cizince <a href=\"https:\/\/www.jc-correct.com\/nas-tym\/lektori-jazykovych-kurzu\/katerina-g\">Katka G.<\/a><\/p>\n\n\n\n<p><em>\u201eCorrect je takov\u00e9 mal\u00e9 \u00fatuln\u00e9 m\u00edsto, kde je radost u\u010dit. Uvoln\u011bnou atmosf\u00e9ru vytv\u00e1\u0159\u00ed hlavn\u011b osazenstvo kancel\u00e1\u0159e \u2013 koordin\u00e1torky v\u00fduky v\u010d. veden\u00ed firmy. Se v\u0161emi se zn\u00e1m i z&nbsp;teambuildingov\u00fdch akc\u00ed, proto nem\u00e1m probl\u00e9m s&nbsp;nimi cokoliv \u0159e\u0161it. S&nbsp;lektory jednaj\u00ed narovinu a v\u017edycky se sna\u017e\u00ed naj\u00edt \u0159e\u0161en\u00ed, kter\u00e9 je nejlep\u0161\u00ed pro v\u0161echny. V&nbsp;takov\u00e9mto prost\u0159ed\u00ed se pak jako lektor m\u016f\u017eu d\u00e1l rozv\u00edjet a taky p\u0159en\u00e1\u0161et dobrou atmosf\u00e9ru na studenty.\u201c<\/em><\/p>\n\n\n<div class=\"wp-block-image\">\n<figure class=\"aligncenter size-large is-resized\"><img loading=\"lazy\" decoding=\"async\" width=\"1024\" height=\"1024\" src=\"https:\/\/www.jc-correct.com\/blog\/wp-content\/uploads\/2020\/06\/lekto\u0159i-v-jazykov\u00e9-\u0161kole-7-1-1024x1024.jpg\" alt=\"\" class=\"wp-image-2446 lazyload\" style=\"width:500px;height:500px\" data-srcset=\"https:\/\/www.jc-correct.com\/blog\/wp-content\/uploads\/2020\/06\/lekto\u0159i-v-jazykov\u00e9-\u0161kole-7-1-1024x1024.jpg 1024w, https:\/\/www.jc-correct.com\/blog\/wp-content\/uploads\/2020\/06\/lekto\u0159i-v-jazykov\u00e9-\u0161kole-7-1-300x300.jpg 300w, https:\/\/www.jc-correct.com\/blog\/wp-content\/uploads\/2020\/06\/lekto\u0159i-v-jazykov\u00e9-\u0161kole-7-1-150x150.jpg 150w, https:\/\/www.jc-correct.com\/blog\/wp-content\/uploads\/2020\/06\/lekto\u0159i-v-jazykov\u00e9-\u0161kole-7-1-768x768.jpg 768w, https:\/\/www.jc-correct.com\/blog\/wp-content\/uploads\/2020\/06\/lekto\u0159i-v-jazykov\u00e9-\u0161kole-7-1-1536x1536.jpg 1536w, https:\/\/www.jc-correct.com\/blog\/wp-content\/uploads\/2020\/06\/lekto\u0159i-v-jazykov\u00e9-\u0161kole-7-1-2048x2048.jpg 2048w, https:\/\/www.jc-correct.com\/blog\/wp-content\/uploads\/2020\/06\/lekto\u0159i-v-jazykov\u00e9-\u0161kole-7-1-80x80.jpg 80w, https:\/\/www.jc-correct.com\/blog\/wp-content\/uploads\/2020\/06\/lekto\u0159i-v-jazykov\u00e9-\u0161kole-7-1-160x160.jpg 160w, https:\/\/www.jc-correct.com\/blog\/wp-content\/uploads\/2020\/06\/lekto\u0159i-v-jazykov\u00e9-\u0161kole-7-1-240x240.jpg 240w, https:\/\/www.jc-correct.com\/blog\/wp-content\/uploads\/2020\/06\/lekto\u0159i-v-jazykov\u00e9-\u0161kole-7-1-320x320.jpg 320w, https:\/\/www.jc-correct.com\/blog\/wp-content\/uploads\/2020\/06\/lekto\u0159i-v-jazykov\u00e9-\u0161kole-7-1-480x480.jpg 480w, https:\/\/www.jc-correct.com\/blog\/wp-content\/uploads\/2020\/06\/lekto\u0159i-v-jazykov\u00e9-\u0161kole-7-1-640x640.jpg 640w, https:\/\/www.jc-correct.com\/blog\/wp-content\/uploads\/2020\/06\/lekto\u0159i-v-jazykov\u00e9-\u0161kole-7-1-720x720.jpg 720w\" sizes=\"auto\" \/><figcaption class=\"wp-element-caption\">V kuchy\u0148ce si m\u016f\u017eete d\u00e1t k\u00e1vu nebo \u010daj. Jako pr\u00e1v\u011b Katka na obr\u00e1zku.<\/figcaption><\/figure>\n<\/div>\n\n\n<p>Na\u0161e lektorka n\u011bm\u010diny <a href=\"https:\/\/www.jc-correct.com\/nas-tym\/lektori-jazykovych-kurzu\/marketa1\">Mark\u00e9ta L.<\/a> tak\u00e9 p\u0159idala p\u00e1r slov:<\/p>\n\n\n\n<p><em>\u201eT\u00fdm koordin\u00e1torek v\u00fduky je pro m\u011b opravdu oporou. A mysl\u00edm to velmi prakticky. Kdy\u017e narychlo zjist\u00edm, \u017ee mi chyb\u00ed n\u011bjak\u00e9 materi\u00e1ly, obratem mi po\u0161lou, co pot\u0159ebuji. Kdy\u017e za n\u011bkoho supluji, spolehliv\u011b za\u0159\u00edd\u00ed p\u0159ed\u00e1n\u00ed informac\u00ed o tom, kde a kdy supl prob\u011bhne. Tak\u00e9 zajist\u00ed, aby mi lektor, za kter\u00e9ho supluji, poslal materi\u00e1ly na hodinu. Jednou jsem dokonce nemohla danou firmu, kde jsem suplovala, naj\u00edt. <a href=\"https:\/\/www.jc-correct.com\/nas-tym\/jsme-correct\/johana-ringelova\">Johanka<\/a> z t\u00fdmu mi bez v\u00e1h\u00e1n\u00ed po telefonu znovu nadiktovala adresu a spojila m\u011b s kontaktn\u00ed osobou ve firm\u011b, abych se tam dostala.\u201c<\/em> <\/p>\n\n\n\n<blockquote class=\"wp-block-quote is-layout-flow wp-block-quote-is-layout-flow\">\n<p>Holky v tom prost\u011b maj\u00ed syst\u00e9m, kter\u00fd skute\u010dn\u011b slou\u017e\u00ed lektor\u016fm.<\/p>\n<\/blockquote>\n\n\n<div class=\"wp-block-image\">\n<figure class=\"aligncenter size-large is-resized\"><img loading=\"lazy\" decoding=\"async\" width=\"1024\" height=\"683\" src=\"https:\/\/www.jc-correct.com\/blog\/wp-content\/uploads\/2020\/06\/lekto\u0159i-v-jazykov\u00e9-\u0161kole-11-1-1024x683.jpg\" alt=\"\" class=\"wp-image-2471 lazyload\" style=\"width:500px;height:334px\" data-srcset=\"https:\/\/www.jc-correct.com\/blog\/wp-content\/uploads\/2020\/06\/lekto\u0159i-v-jazykov\u00e9-\u0161kole-11-1-1024x683.jpg 1024w, https:\/\/www.jc-correct.com\/blog\/wp-content\/uploads\/2020\/06\/lekto\u0159i-v-jazykov\u00e9-\u0161kole-11-1-300x200.jpg 300w, https:\/\/www.jc-correct.com\/blog\/wp-content\/uploads\/2020\/06\/lekto\u0159i-v-jazykov\u00e9-\u0161kole-11-1-768x512.jpg 768w, https:\/\/www.jc-correct.com\/blog\/wp-content\/uploads\/2020\/06\/lekto\u0159i-v-jazykov\u00e9-\u0161kole-11-1-1536x1024.jpg 1536w, https:\/\/www.jc-correct.com\/blog\/wp-content\/uploads\/2020\/06\/lekto\u0159i-v-jazykov\u00e9-\u0161kole-11-1-2048x1365.jpg 2048w\" sizes=\"auto\" \/><figcaption class=\"wp-element-caption\">Marky se p\u0159ipravuje na hodinu v teachers&#8216; roomu.<\/figcaption><\/figure>\n<\/div>\n\n\n<h2 class=\"wp-block-heading\">Co maj\u00ed lekto\u0159i k dispozici?<\/h2>\n\n\n\n<p>V teachers&#8216; roomu je krom\u011b kuchy\u0148ky i po\u010d\u00edta\u010d s tisk\u00e1rnou, kterou mohou lekto\u0159i pou\u017e\u00edvat k tisku materi\u00e1l\u016f na hodinu. Na po\u010d\u00edta\u010di si tak mohou naj\u00edt, co pot\u0159ebuj\u00ed, a rovnou to vytisknout.<\/p>\n\n\n<div class=\"wp-block-image\">\n<figure class=\"aligncenter size-large is-resized\"><img loading=\"lazy\" decoding=\"async\" width=\"1024\" height=\"683\" src=\"https:\/\/www.jc-correct.com\/blog\/wp-content\/uploads\/2020\/06\/lekto\u0159i-v-jazykov\u00e9-\u0161kole-5-2-1024x683.jpg\" alt=\"\" class=\"wp-image-2475 lazyload\" style=\"width:500px;height:333px\" data-srcset=\"https:\/\/www.jc-correct.com\/blog\/wp-content\/uploads\/2020\/06\/lekto\u0159i-v-jazykov\u00e9-\u0161kole-5-2-1024x683.jpg 1024w, https:\/\/www.jc-correct.com\/blog\/wp-content\/uploads\/2020\/06\/lekto\u0159i-v-jazykov\u00e9-\u0161kole-5-2-300x200.jpg 300w, https:\/\/www.jc-correct.com\/blog\/wp-content\/uploads\/2020\/06\/lekto\u0159i-v-jazykov\u00e9-\u0161kole-5-2-768x512.jpg 768w, https:\/\/www.jc-correct.com\/blog\/wp-content\/uploads\/2020\/06\/lekto\u0159i-v-jazykov\u00e9-\u0161kole-5-2-1536x1024.jpg 1536w, https:\/\/www.jc-correct.com\/blog\/wp-content\/uploads\/2020\/06\/lekto\u0159i-v-jazykov\u00e9-\u0161kole-5-2-2048x1365.jpg 2048w\" sizes=\"auto\" \/><figcaption class=\"wp-element-caption\">Katka hled\u00e1 materi\u00e1ly pro sv\u00e9 studenty.<\/figcaption><\/figure>\n<\/div>\n\n<div class=\"wp-block-image\">\n<figure class=\"aligncenter size-large is-resized\"><img loading=\"lazy\" decoding=\"async\" width=\"1024\" height=\"683\" src=\"https:\/\/www.jc-correct.com\/blog\/wp-content\/uploads\/2020\/06\/lekto\u0159i-v-jazykov\u00e9-\u0161kole-3-3-1024x683.jpg\" alt=\"\" class=\"wp-image-2478 lazyload\" style=\"width:500px;height:333px\" data-srcset=\"https:\/\/www.jc-correct.com\/blog\/wp-content\/uploads\/2020\/06\/lekto\u0159i-v-jazykov\u00e9-\u0161kole-3-3-1024x683.jpg 1024w, https:\/\/www.jc-correct.com\/blog\/wp-content\/uploads\/2020\/06\/lekto\u0159i-v-jazykov\u00e9-\u0161kole-3-3-300x200.jpg 300w, https:\/\/www.jc-correct.com\/blog\/wp-content\/uploads\/2020\/06\/lekto\u0159i-v-jazykov\u00e9-\u0161kole-3-3-768x512.jpg 768w, https:\/\/www.jc-correct.com\/blog\/wp-content\/uploads\/2020\/06\/lekto\u0159i-v-jazykov\u00e9-\u0161kole-3-3-1536x1024.jpg 1536w, https:\/\/www.jc-correct.com\/blog\/wp-content\/uploads\/2020\/06\/lekto\u0159i-v-jazykov\u00e9-\u0161kole-3-3-2048x1365.jpg 2048w\" sizes=\"auto\" \/><figcaption class=\"wp-element-caption\">Eva dotiskne posledn\u00ed str\u00e1nku a hur\u00e1 na hodinu!<\/figcaption><\/figure>\n<\/div>\n\n\n<p>V ka\u017ed\u00e9 u\u010debn\u011b mohou lekto\u0159i krom\u011b tabule vyu\u017e\u00edt tak\u00e9 flipchart a p\u0159ehr\u00e1va\u010de. N\u011bkter\u00e9 <a href=\"https:\/\/www.jc-correct.com\/ucebny\">u\u010debny<\/a> jsou vybaveny dataprojektory, p\u0159\u00edp. multimedi\u00e1ln\u00ed televiz\u00ed.  Do v\u00fduky si lze zap\u016fj\u010dit notebooky a bluetooth reproduktor.<\/p>\n\n\n\n<h2 class=\"wp-block-heading\">Jak je to s u\u010debnicemi?<\/h2>\n\n\n\n<p><em>\u201eCorrect n\u00e1m zajist\u00ed ve\u0161ker\u00e9 u\u010debnice, v\u010detn\u011b pot\u0159ebn\u00fdch nahr\u00e1vek. Z\u00e1rove\u0148 je pro skupinov\u00e9 kurzy stanoven sylabus, kter\u00e9ho se dr\u017e\u00edme, aby na sebe kurzy mohly dob\u0159e navazovat. Studenti maj\u00ed sylabus k dispozici u ka\u017ed\u00e9ho kurzu v nab\u00eddce. Vyb\u00edraj\u00ed si tedy i podle toho, co se v dan\u00e9m kurzu nau\u010d\u00ed, a proto je podstatn\u00e9, abychom odu\u010dili to, co je stanoveno. Sylaby jsou v\u0161ak vytvo\u0159eny s rozumem, tak\u017ee mi v ka\u017ed\u00e9m kurzu zbude dostatek \u010dasu na mnou p\u0159ipraven\u00e9 materi\u00e1ly a hry. Rozhodn\u011b nejedeme jen podle kn\u00ed\u017eky, to by nebavilo ani n\u00e1s. Krom\u011b u\u010debnice a CD\u010dka, kter\u00e9 si na dobu trv\u00e1n\u00ed kurzu p\u016fj\u010duji dom\u016f, si mohu v knihovn\u011b vybrat jak\u00e9koli dal\u0161\u00ed u\u010debnice, ze kter\u00fdch si na hodinu mohu cokoli nakop\u00edrovat. <em>Pokud v knihovn\u011b chyb\u00ed n\u011bco, co pot\u0159ebuji, materi\u00e1ly jsou dokoupeny.<\/em>\u201c<\/em> p\u00ed\u0161e Mark\u00e9ta L. <\/p>\n\n\n\n<p>K dispozici je pro lektory i studenty <a href=\"https:\/\/www.jc-correct.com\/cizojazycna-literatura\">cizojazy\u010dn\u00e1 knihovna<\/a>, kde jsou k nalezen\u00ed knihy nejen v angli\u010dtin\u011b, ale i v n\u011bm\u010din\u011b, francouz\u0161tin\u011b, ital\u0161tin\u011b \u010di \u0161pan\u011bl\u0161tin\u011b &#8211; v\u010detn\u011b <a href=\"https:\/\/www.jc-correct.com\/blog\/zjednodusene-knihy\/\">zjednodu\u0161en\u00fdch knih<\/a> pro za\u010d\u00e1te\u010dn\u00edky.<\/p>\n\n\n<div class=\"wp-block-image\">\n<figure class=\"aligncenter size-large is-resized\"><img loading=\"lazy\" decoding=\"async\" width=\"1024\" height=\"684\" src=\"https:\/\/www.jc-correct.com\/blog\/wp-content\/uploads\/2020\/06\/atmosf\u00e9ra-v-Jazykov\u00e9m-centru-Correct-1-1024x684.jpg\" alt=\"\" class=\"wp-image-2485 lazyload\" style=\"width:500px;height:334px\" data-srcset=\"https:\/\/www.jc-correct.com\/blog\/wp-content\/uploads\/2020\/06\/atmosf\u00e9ra-v-Jazykov\u00e9m-centru-Correct-1-1024x684.jpg 1024w, https:\/\/www.jc-correct.com\/blog\/wp-content\/uploads\/2020\/06\/atmosf\u00e9ra-v-Jazykov\u00e9m-centru-Correct-1-300x200.jpg 300w, https:\/\/www.jc-correct.com\/blog\/wp-content\/uploads\/2020\/06\/atmosf\u00e9ra-v-Jazykov\u00e9m-centru-Correct-1-768x513.jpg 768w, https:\/\/www.jc-correct.com\/blog\/wp-content\/uploads\/2020\/06\/atmosf\u00e9ra-v-Jazykov\u00e9m-centru-Correct-1-1536x1025.jpg 1536w, https:\/\/www.jc-correct.com\/blog\/wp-content\/uploads\/2020\/06\/atmosf\u00e9ra-v-Jazykov\u00e9m-centru-Correct-1-2048x1367.jpg 2048w\" sizes=\"auto\" \/><figcaption class=\"wp-element-caption\">Lektorka Denisa na sv\u00e9m kurzu vysv\u011btluje o sto \u0161est.<\/figcaption><\/figure>\n<\/div>\n\n\n<h2 class=\"wp-block-heading\">U n\u00e1s maj\u00ed lekto\u0159i mo\u017enost se vzd\u011bl\u00e1vat.<\/h2>\n\n\n\n<p><em>\u201eV posledn\u00ed dob\u011b si \u010d\u00edm d\u00e1l v\u00edc v\u0161\u00edm\u00e1m, \u017ee Correctu z\u00e1le\u017e\u00ed na tom a podporuje lektory v tom, aby se rozv\u00edjeli a pracovali na sob\u011b. Correct p\u0159isp\u00edv\u00e1 lektor\u016fm na \u0161kolen\u00ed. Metodi\u010dka <a href=\"https:\/\/www.jc-correct.com\/nas-tym\/jsme-correct\/martina-holkova\">Martina<\/a> nab\u00edz\u00ed (ale nenut\u00ed) mo\u017enost n\u00e1slech\u016f a superviz\u00ed, lektor\u016fm zas\u00edl\u00e1 zaj\u00edmav\u00e9 tipy na dal\u0161\u00ed vzd\u011bl\u00e1v\u00e1n\u00ed<\/em>.<em>\u201c<\/em> dod\u00e1v\u00e1 Mark\u00e9ta L.<\/p>\n\n\n\n<h2 class=\"wp-block-heading\">Atmosf\u00e9ra je pro mnoh\u00e9 lektory to nejpodstatn\u011bj\u0161\u00ed.<\/h2>\n\n\n\n<p><em>\u201ePro m\u011b Correct znamen\u00e1 \u00fasm\u011bv. V\u017edy m\u011b tam v\u00edtaj\u00ed s \u00fasm\u011bvem na tv\u00e1\u0159i, pozitivn\u00ed n\u00e1lada vl\u00e1dne nejen v kancel\u00e1\u0159i, ale tak\u00e9 mezi lektory, se kter\u00fdmi se potk\u00e1v\u00e1m. V\u0161e se \u0159e\u0161\u00ed s klidem, rozvahou a na p\u0159\u00e1telsk\u00e9 \u00farovni. Je to prost\u011b takov\u00e1 lektorsk\u00e1 rodina<\/em>,<em>\u201c<\/em> \u0159\u00edk\u00e1 <a href=\"https:\/\/www.jc-correct.com\/nas-tym\/lektori-jazykovych-kurzu\/eva-k\">Eva K<\/a>.<\/p>\n\n\n<div class=\"wp-block-image\">\n<figure class=\"aligncenter size-large\"><img loading=\"lazy\" decoding=\"async\" width=\"125\" height=\"39\" src=\"https:\/\/www.jc-correct.com\/blog\/wp-content\/uploads\/2020\/06\/Dozazn\u00edk-online-v\u00fduka.png\" alt=\"\" class=\"wp-image-2423 lazyload\"\/><\/figure>\n<\/div>\n\n\n<p>V\u011b\u0159\u00edme, \u017ee se na\u0161im lektork\u00e1m poda\u0159ilo v\u00e1m p\u0159ibl\u00ed\u017eit, jak to v Correctu funguje. Pokud byste se cht\u011bli st\u00e1t sou\u010d\u00e1st\u00ed <a href=\"https:\/\/www.jc-correct.com\/nas-tym\">t\u00fdmu lektor\u016f<\/a>, mrkn\u011bte p\u0159\u00edmo na n\u00e1\u0161 web na sekci<em> \u201e<\/em><a href=\"https:\/\/www.jc-correct.com\/hledame-lektory\">Hled\u00e1me lektory<\/a><em>\u201c<\/em>. <\/p>\n\n\n\n<p>Sledujte n\u00e1s na <a rel=\"noreferrer noopener\" href=\"https:\/\/www.facebook.com\/correct.jazykove.centrum\/\" target=\"_blank\">Facebooku<\/a> a <a rel=\"noreferrer noopener\" href=\"https:\/\/www.instagram.com\/wearecorrect\/\" target=\"_blank\">Instagramu<\/a>, a\u0165 v\u00e1m neuniknou zaj\u00edmav\u00e9 \u010dl\u00e1nky, nov\u00e9 anglick\u00e9 idiomy i st\u0159\u00edpky ze \u017eivota Correctu.<\/p>\n\n\n\n<p>Pokud hled\u00e1te jazykovou inspiraci, z\u016fsta\u0148te je\u0161t\u011b na na\u0161em blogu. M\u00e1me pro v\u00e1s spoustu dal\u0161\u00edch \u010dl\u00e1nk\u016f s tipy, jak zlep\u0161ovat konkr\u00e9tn\u00ed jazyky. Jak zdokonalit&nbsp;<a href=\"https:\/\/www.jc-correct.com\/blog\/co-poslouchat-pro-lepsi-nemcinu\/\">n\u011bm\u010dinu<\/a>,&nbsp;<a href=\"https:\/\/www.jc-correct.com\/blog\/co-poslouchat-pro-lepsi-italstinu\/\">ital\u0161tinu<\/a>,&nbsp;<a href=\"https:\/\/www.jc-correct.com\/blog\/co-poslouchat-pro-lepsi-spanelstinu\/\">\u0161pan\u011bl\u0161tinu<\/a>&nbsp;\u010di \u0161v\u00e9d\u0161tinu poslechem?&nbsp;<a href=\"https:\/\/www.jc-correct.com\/blog\/co-cist-pro-lepsi-italstinu\/\">Co \u010d\u00edst pro lep\u0161\u00ed ital\u0161tinu<\/a>&nbsp;a&nbsp;<a href=\"https:\/\/www.jc-correct.com\/blog\/ucme-se-spanelsky-hudbou\/\">jakou hudbu poslouchat<\/a>, abyste vy\u0161perkovali svou \u0161pan\u011bl\u0161tinu? Z\u00edskejte inspiraci na origin\u00e1ln\u00ed zdroje a nau\u010dte se n\u011bco nov\u00e9ho!<\/p>\n\n\n<div class=\"wp-block-image\">\n<figure class=\"aligncenter size-large is-resized\"><img loading=\"lazy\" decoding=\"async\" width=\"902\" height=\"449\" src=\"https:\/\/www.jc-correct.com\/blog\/wp-content\/uploads\/2019\/09\/Jazykov\u00e9-centrum-Correct-1.png\" alt=\"\" class=\"wp-image-987 lazyload\" style=\"width:536px;height:267px\" data-srcset=\"https:\/\/www.jc-correct.com\/blog\/wp-content\/uploads\/2019\/09\/Jazykov\u00e9-centrum-Correct-1.png 902w, https:\/\/www.jc-correct.com\/blog\/wp-content\/uploads\/2019\/09\/Jazykov\u00e9-centrum-Correct-1-300x149.png 300w, https:\/\/www.jc-correct.com\/blog\/wp-content\/uploads\/2019\/09\/Jazykov\u00e9-centrum-Correct-1-768x382.png 768w, https:\/\/www.jc-correct.com\/blog\/wp-content\/uploads\/2019\/09\/Jazykov\u00e9-centrum-Correct-1-624x311.png 624w\" sizes=\"auto\" \/><\/figure>\n<\/div>\n\n\n<p><\/p>\n","protected":false},"excerpt":{"rendered":"<p>Hled\u00e1te nov\u00e9 m\u00edsto, kde byste cht\u011bli p\u016fsobit jako lektor ciz\u00edho jazyka? V tomto \u010dl\u00e1nku se do\u010dtete, jak se u\u010d\u00ed v Jazykov\u00e9m centru Correct. A kdo v\u00e1m p\u0159edstav\u00ed prost\u0159ed\u00ed Correctu l\u00e9pe ne\u017e samotn\u00ed lekto\u0159i, kte\u0159\u00ed u n\u00e1s u\u010d\u00ed? Na\u0161e lektorky Eva, Katka a Mark\u00e9ta prozradily, jak to v Correctu funguje. V\u0161echno je to o lidech. O t\u00fdmu Correctu napsala p\u00e1r slov na\u0161e lektorka \u010de\u0161tiny pro cizince Katka G. \u201eCorrect je takov\u00e9 mal\u00e9 \u00fatuln\u00e9 m\u00edsto, kde je radost u\u010dit. Uvoln\u011bnou atmosf\u00e9ru vytv\u00e1\u0159\u00ed hlavn\u011b osazenstvo kancel\u00e1\u0159e \u2013 koordin\u00e1torky v\u00fduky v\u010d. veden\u00ed firmy. Se v\u0161emi se zn\u00e1m i z&nbsp;teambuildingov\u00fdch akc\u00ed, proto nem\u00e1m probl\u00e9m s&nbsp;nimi&#8230;<\/p>\n","protected":false},"author":7,"featured_media":2482,"comment_status":"closed","ping_status":"open","sticky":false,"template":"","format":"standard","meta":{"_acf_changed":false,"footnotes":""},"categories":[249,3],"tags":[878,758,813,836,828,834,832,829,833,830,827,838,835,877,879,842,840,837],"class_list":["post-2443","post","type-post","status-publish","format-standard","has-post-thumbnail","hentry","category-informujeme","category-novinky","tag-jak-se-uci-v-jazykove-skole","tag-jazykova-skola","tag-jazykove-centrum-correct","tag-kariera-lektora","tag-lektor-anglictiny","tag-lektor-francouzstiny","tag-lektor-italstiny","tag-lektor-nemciny","tag-lektor-spanelstiny","tag-lektor-svedstiny","tag-lektori-cizich-jazyku","tag-nabidka-prace","tag-prace-lektora","tag-prace-lektora-brno","tag-prace-v-jazykove-skole","tag-prijemne-pracovni-prostredi","tag-prostredi-jazykoveho-centra-correct","tag-skveli-kolegove"],"acf":[],"yoast_head":"<!-- This site is optimized with the Yoast SEO plugin v22.3 - https:\/\/yoast.com\/wordpress\/plugins\/seo\/ -->\n<title>Lekto\u0159i ciz\u00edch jazyk\u016f - pro\u010d r\u00e1di u\u010d\u00ed v Correctu - BLOG: Jazykov\u00e9 centrum Correct<\/title>\n<meta name=\"robots\" content=\"index, follow, max-snippet:-1, max-image-preview:large, max-video-preview:-1\" \/>\n<link rel=\"canonical\" href=\"https:\/\/www.jc-correct.com\/blog\/lektori-cizich-jazyku-proc-radi-uci-v-correctu\/\" \/>\n<meta property=\"og:locale\" content=\"cs_CZ\" \/>\n<meta property=\"og:type\" content=\"article\" \/>\n<meta property=\"og:title\" content=\"Lekto\u0159i ciz\u00edch jazyk\u016f - pro\u010d r\u00e1di u\u010d\u00ed v Correctu - BLOG: Jazykov\u00e9 centrum Correct\" \/>\n<meta property=\"og:description\" content=\"Hled\u00e1te nov\u00e9 m\u00edsto, kde byste cht\u011bli p\u016fsobit jako lektor ciz\u00edho jazyka? V tomto \u010dl\u00e1nku se do\u010dtete, jak se u\u010d\u00ed v Jazykov\u00e9m centru Correct. A kdo v\u00e1m p\u0159edstav\u00ed prost\u0159ed\u00ed Correctu l\u00e9pe ne\u017e samotn\u00ed lekto\u0159i, kte\u0159\u00ed u n\u00e1s u\u010d\u00ed? Na\u0161e lektorky Eva, Katka a Mark\u00e9ta prozradily, jak to v Correctu funguje. V\u0161echno je to o lidech. O t\u00fdmu Correctu napsala p\u00e1r slov na\u0161e lektorka \u010de\u0161tiny pro cizince Katka G. \u201eCorrect je takov\u00e9 mal\u00e9 \u00fatuln\u00e9 m\u00edsto, kde je radost u\u010dit. Uvoln\u011bnou atmosf\u00e9ru vytv\u00e1\u0159\u00ed hlavn\u011b osazenstvo kancel\u00e1\u0159e \u2013 koordin\u00e1torky v\u00fduky v\u010d. veden\u00ed firmy. Se v\u0161emi se zn\u00e1m i z&nbsp;teambuildingov\u00fdch akc\u00ed, proto nem\u00e1m probl\u00e9m s&nbsp;nimi...\" \/>\n<meta property=\"og:url\" content=\"https:\/\/www.jc-correct.com\/blog\/lektori-cizich-jazyku-proc-radi-uci-v-correctu\/\" \/>\n<meta property=\"og:site_name\" content=\"BLOG: Jazykov\u00e9 centrum Correct\" \/>\n<meta property=\"article:publisher\" content=\"https:\/\/www.facebook.com\/correct.jazykove.centrum\/\" \/>\n<meta property=\"article:published_time\" content=\"2020-06-30T11:18:20+00:00\" \/>\n<meta property=\"article:modified_time\" content=\"2025-09-18T14:54:27+00:00\" \/>\n<meta property=\"og:image\" content=\"https:\/\/www.jc-correct.com\/blog\/wp-content\/uploads\/2020\/06\/atmosf\u00e9ra-v-Jazykov\u00e9m-centru-Correct-4-scaled.jpg\" \/>\n\t<meta property=\"og:image:width\" content=\"2560\" \/>\n\t<meta property=\"og:image:height\" content=\"1709\" \/>\n\t<meta property=\"og:image:type\" content=\"image\/jpeg\" \/>\n<meta name=\"author\" content=\"Mark\u00e9ta Lorencov\u00e1\" \/>\n<meta name=\"twitter:card\" content=\"summary_large_image\" \/>\n<meta name=\"twitter:label1\" content=\"Napsal(a)\" \/>\n\t<meta name=\"twitter:data1\" content=\"Mark\u00e9ta Lorencov\u00e1\" \/>\n\t<meta name=\"twitter:label2\" content=\"Odhadovan\u00e1 doba \u010dten\u00ed\" \/>\n\t<meta name=\"twitter:data2\" content=\"6 minut\" \/>\n<script type=\"application\/ld+json\" class=\"yoast-schema-graph\">{\"@context\":\"https:\/\/schema.org\",\"@graph\":[{\"@type\":\"Article\",\"@id\":\"https:\/\/www.jc-correct.com\/blog\/lektori-cizich-jazyku-proc-radi-uci-v-correctu\/#article\",\"isPartOf\":{\"@id\":\"https:\/\/www.jc-correct.com\/blog\/lektori-cizich-jazyku-proc-radi-uci-v-correctu\/\"},\"author\":{\"name\":\"Mark\u00e9ta Lorencov\u00e1\",\"@id\":\"https:\/\/www.jc-correct.com\/blog\/#\/schema\/person\/c98283a8e08ad197801e2b0193748e13\"},\"headline\":\"Lekto\u0159i ciz\u00edch jazyk\u016f &#8211; pro\u010d r\u00e1di u\u010d\u00ed v Correctu\",\"datePublished\":\"2020-06-30T11:18:20+00:00\",\"dateModified\":\"2025-09-18T14:54:27+00:00\",\"mainEntityOfPage\":{\"@id\":\"https:\/\/www.jc-correct.com\/blog\/lektori-cizich-jazyku-proc-radi-uci-v-correctu\/\"},\"wordCount\":1008,\"publisher\":{\"@id\":\"https:\/\/www.jc-correct.com\/blog\/#organization\"},\"image\":{\"@id\":\"https:\/\/www.jc-correct.com\/blog\/lektori-cizich-jazyku-proc-radi-uci-v-correctu\/#primaryimage\"},\"thumbnailUrl\":\"https:\/\/www.jc-correct.com\/blog\/wp-content\/uploads\/2020\/06\/atmosf\u00e9ra-v-Jazykov\u00e9m-centru-Correct-4-scaled.jpg\",\"keywords\":[\"jak se u\u010d\u00ed v jazykov\u00e9 \u0161kole\",\"jazykov\u00e1 \u0161kola\",\"Jazykov\u00e9 centrum Correct\",\"kari\u00e9ra lektora\",\"lektor angli\u010dtiny\",\"lektor francouz\u0161tiny\",\"lektor ital\u0161tiny\",\"lektor n\u011bm\u010diny\",\"lektor \u0161pan\u011bl\u0161tiny\",\"lektor \u0161v\u00e9d\u0161tiny\",\"lekto\u0159i ciz\u00edch jazyk\u016f\",\"nab\u00eddka pr\u00e1ce\",\"pr\u00e1ce lektora\",\"pr\u00e1ce lektora Brno\",\"pr\u00e1ce v jazykov\u00e9 \u0161kole\",\"p\u0159\u00edjemn\u00e9 pracovn\u00ed prost\u0159ed\u00ed\",\"prost\u0159ed\u00ed Jazykov\u00e9ho centra Correct\",\"skv\u011bl\u00ed kolegov\u00e9\"],\"articleSection\":[\"Informujeme\",\"Novinky\"],\"inLanguage\":\"cs\"},{\"@type\":\"WebPage\",\"@id\":\"https:\/\/www.jc-correct.com\/blog\/lektori-cizich-jazyku-proc-radi-uci-v-correctu\/\",\"url\":\"https:\/\/www.jc-correct.com\/blog\/lektori-cizich-jazyku-proc-radi-uci-v-correctu\/\",\"name\":\"Lekto\u0159i ciz\u00edch jazyk\u016f - pro\u010d r\u00e1di u\u010d\u00ed v Correctu - BLOG: Jazykov\u00e9 centrum Correct\",\"isPartOf\":{\"@id\":\"https:\/\/www.jc-correct.com\/blog\/#website\"},\"primaryImageOfPage\":{\"@id\":\"https:\/\/www.jc-correct.com\/blog\/lektori-cizich-jazyku-proc-radi-uci-v-correctu\/#primaryimage\"},\"image\":{\"@id\":\"https:\/\/www.jc-correct.com\/blog\/lektori-cizich-jazyku-proc-radi-uci-v-correctu\/#primaryimage\"},\"thumbnailUrl\":\"https:\/\/www.jc-correct.com\/blog\/wp-content\/uploads\/2020\/06\/atmosf\u00e9ra-v-Jazykov\u00e9m-centru-Correct-4-scaled.jpg\",\"datePublished\":\"2020-06-30T11:18:20+00:00\",\"dateModified\":\"2025-09-18T14:54:27+00:00\",\"breadcrumb\":{\"@id\":\"https:\/\/www.jc-correct.com\/blog\/lektori-cizich-jazyku-proc-radi-uci-v-correctu\/#breadcrumb\"},\"inLanguage\":\"cs\",\"potentialAction\":[{\"@type\":\"ReadAction\",\"target\":[\"https:\/\/www.jc-correct.com\/blog\/lektori-cizich-jazyku-proc-radi-uci-v-correctu\/\"]}]},{\"@type\":\"ImageObject\",\"inLanguage\":\"cs\",\"@id\":\"https:\/\/www.jc-correct.com\/blog\/lektori-cizich-jazyku-proc-radi-uci-v-correctu\/#primaryimage\",\"url\":\"https:\/\/www.jc-correct.com\/blog\/wp-content\/uploads\/2020\/06\/atmosf\u00e9ra-v-Jazykov\u00e9m-centru-Correct-4-scaled.jpg\",\"contentUrl\":\"https:\/\/www.jc-correct.com\/blog\/wp-content\/uploads\/2020\/06\/atmosf\u00e9ra-v-Jazykov\u00e9m-centru-Correct-4-scaled.jpg\",\"width\":2560,\"height\":1709},{\"@type\":\"BreadcrumbList\",\"@id\":\"https:\/\/www.jc-correct.com\/blog\/lektori-cizich-jazyku-proc-radi-uci-v-correctu\/#breadcrumb\",\"itemListElement\":[{\"@type\":\"ListItem\",\"position\":1,\"name\":\"Dom\u016f\",\"item\":\"https:\/\/www.jc-correct.com\/blog\/\"},{\"@type\":\"ListItem\",\"position\":2,\"name\":\"Lekto\u0159i ciz\u00edch jazyk\u016f &#8211; pro\u010d r\u00e1di u\u010d\u00ed v Correctu\"}]},{\"@type\":\"WebSite\",\"@id\":\"https:\/\/www.jc-correct.com\/blog\/#website\",\"url\":\"https:\/\/www.jc-correct.com\/blog\/\",\"name\":\"BLOG: Jazykov\u00e9 centrum Correct\",\"description\":\"\",\"publisher\":{\"@id\":\"https:\/\/www.jc-correct.com\/blog\/#organization\"},\"potentialAction\":[{\"@type\":\"SearchAction\",\"target\":{\"@type\":\"EntryPoint\",\"urlTemplate\":\"https:\/\/www.jc-correct.com\/blog\/?s={search_term_string}\"},\"query-input\":\"required name=search_term_string\"}],\"inLanguage\":\"cs\"},{\"@type\":\"Organization\",\"@id\":\"https:\/\/www.jc-correct.com\/blog\/#organization\",\"name\":\"Jazykov\u00e9 centrum Correct, s.r.o.\",\"url\":\"https:\/\/www.jc-correct.com\/blog\/\",\"logo\":{\"@type\":\"ImageObject\",\"inLanguage\":\"cs\",\"@id\":\"https:\/\/www.jc-correct.com\/blog\/#\/schema\/logo\/image\/\",\"url\":\"https:\/\/www.jc-correct.com\/blog\/wp-content\/uploads\/2019\/09\/logo.png\",\"contentUrl\":\"https:\/\/www.jc-correct.com\/blog\/wp-content\/uploads\/2019\/09\/logo.png\",\"width\":228,\"height\":89,\"caption\":\"Jazykov\u00e9 centrum Correct, s.r.o.\"},\"image\":{\"@id\":\"https:\/\/www.jc-correct.com\/blog\/#\/schema\/logo\/image\/\"},\"sameAs\":[\"https:\/\/www.facebook.com\/correct.jazykove.centrum\/\",\"https:\/\/www.instagram.com\/wearecorrect\/\",\"https:\/\/www.linkedin.com\/company\/correct-language-centre\/\",\"https:\/\/www.youtube.com\/channel\/UCqO47fnZwWjEqjOG57A7rZA\/featured\"]},{\"@type\":\"Person\",\"@id\":\"https:\/\/www.jc-correct.com\/blog\/#\/schema\/person\/c98283a8e08ad197801e2b0193748e13\",\"name\":\"Mark\u00e9ta Lorencov\u00e1\",\"image\":{\"@type\":\"ImageObject\",\"inLanguage\":\"cs\",\"@id\":\"https:\/\/www.jc-correct.com\/blog\/#\/schema\/person\/image\/\",\"url\":\"https:\/\/www.jc-correct.com\/blog\/wp-content\/uploads\/2019\/10\/Mark\u00e9ta_L-150x150.jpg\",\"contentUrl\":\"https:\/\/www.jc-correct.com\/blog\/wp-content\/uploads\/2019\/10\/Mark\u00e9ta_L-150x150.jpg\",\"caption\":\"Mark\u00e9ta Lorencov\u00e1\"},\"url\":\"https:\/\/www.jc-correct.com\/blog\/author\/marketa\/\"}]}<\/script>\n<!-- \/ Yoast SEO plugin. -->","yoast_head_json":{"title":"Lekto\u0159i ciz\u00edch jazyk\u016f - pro\u010d r\u00e1di u\u010d\u00ed v Correctu - BLOG: Jazykov\u00e9 centrum Correct","robots":{"index":"index","follow":"follow","max-snippet":"max-snippet:-1","max-image-preview":"max-image-preview:large","max-video-preview":"max-video-preview:-1"},"canonical":"https:\/\/www.jc-correct.com\/blog\/lektori-cizich-jazyku-proc-radi-uci-v-correctu\/","og_locale":"cs_CZ","og_type":"article","og_title":"Lekto\u0159i ciz\u00edch jazyk\u016f - pro\u010d r\u00e1di u\u010d\u00ed v Correctu - BLOG: Jazykov\u00e9 centrum Correct","og_description":"Hled\u00e1te nov\u00e9 m\u00edsto, kde byste cht\u011bli p\u016fsobit jako lektor ciz\u00edho jazyka? V tomto \u010dl\u00e1nku se do\u010dtete, jak se u\u010d\u00ed v Jazykov\u00e9m centru Correct. A kdo v\u00e1m p\u0159edstav\u00ed prost\u0159ed\u00ed Correctu l\u00e9pe ne\u017e samotn\u00ed lekto\u0159i, kte\u0159\u00ed u n\u00e1s u\u010d\u00ed? Na\u0161e lektorky Eva, Katka a Mark\u00e9ta prozradily, jak to v Correctu funguje. V\u0161echno je to o lidech. O t\u00fdmu Correctu napsala p\u00e1r slov na\u0161e lektorka \u010de\u0161tiny pro cizince Katka G. \u201eCorrect je takov\u00e9 mal\u00e9 \u00fatuln\u00e9 m\u00edsto, kde je radost u\u010dit. Uvoln\u011bnou atmosf\u00e9ru vytv\u00e1\u0159\u00ed hlavn\u011b osazenstvo kancel\u00e1\u0159e \u2013 koordin\u00e1torky v\u00fduky v\u010d. veden\u00ed firmy. Se v\u0161emi se zn\u00e1m i z&nbsp;teambuildingov\u00fdch akc\u00ed, proto nem\u00e1m probl\u00e9m s&nbsp;nimi...","og_url":"https:\/\/www.jc-correct.com\/blog\/lektori-cizich-jazyku-proc-radi-uci-v-correctu\/","og_site_name":"BLOG: Jazykov\u00e9 centrum Correct","article_publisher":"https:\/\/www.facebook.com\/correct.jazykove.centrum\/","article_published_time":"2020-06-30T11:18:20+00:00","article_modified_time":"2025-09-18T14:54:27+00:00","og_image":[{"width":2560,"height":1709,"url":"https:\/\/www.jc-correct.com\/blog\/wp-content\/uploads\/2020\/06\/atmosf\u00e9ra-v-Jazykov\u00e9m-centru-Correct-4-scaled.jpg","type":"image\/jpeg"}],"author":"Mark\u00e9ta Lorencov\u00e1","twitter_card":"summary_large_image","twitter_misc":{"Napsal(a)":"Mark\u00e9ta Lorencov\u00e1","Odhadovan\u00e1 doba \u010dten\u00ed":"6 minut"},"schema":{"@context":"https:\/\/schema.org","@graph":[{"@type":"Article","@id":"https:\/\/www.jc-correct.com\/blog\/lektori-cizich-jazyku-proc-radi-uci-v-correctu\/#article","isPartOf":{"@id":"https:\/\/www.jc-correct.com\/blog\/lektori-cizich-jazyku-proc-radi-uci-v-correctu\/"},"author":{"name":"Mark\u00e9ta Lorencov\u00e1","@id":"https:\/\/www.jc-correct.com\/blog\/#\/schema\/person\/c98283a8e08ad197801e2b0193748e13"},"headline":"Lekto\u0159i ciz\u00edch jazyk\u016f &#8211; pro\u010d r\u00e1di u\u010d\u00ed v Correctu","datePublished":"2020-06-30T11:18:20+00:00","dateModified":"2025-09-18T14:54:27+00:00","mainEntityOfPage":{"@id":"https:\/\/www.jc-correct.com\/blog\/lektori-cizich-jazyku-proc-radi-uci-v-correctu\/"},"wordCount":1008,"publisher":{"@id":"https:\/\/www.jc-correct.com\/blog\/#organization"},"image":{"@id":"https:\/\/www.jc-correct.com\/blog\/lektori-cizich-jazyku-proc-radi-uci-v-correctu\/#primaryimage"},"thumbnailUrl":"https:\/\/www.jc-correct.com\/blog\/wp-content\/uploads\/2020\/06\/atmosf\u00e9ra-v-Jazykov\u00e9m-centru-Correct-4-scaled.jpg","keywords":["jak se u\u010d\u00ed v jazykov\u00e9 \u0161kole","jazykov\u00e1 \u0161kola","Jazykov\u00e9 centrum Correct","kari\u00e9ra lektora","lektor angli\u010dtiny","lektor francouz\u0161tiny","lektor ital\u0161tiny","lektor n\u011bm\u010diny","lektor \u0161pan\u011bl\u0161tiny","lektor \u0161v\u00e9d\u0161tiny","lekto\u0159i ciz\u00edch jazyk\u016f","nab\u00eddka pr\u00e1ce","pr\u00e1ce lektora","pr\u00e1ce lektora Brno","pr\u00e1ce v jazykov\u00e9 \u0161kole","p\u0159\u00edjemn\u00e9 pracovn\u00ed prost\u0159ed\u00ed","prost\u0159ed\u00ed Jazykov\u00e9ho centra Correct","skv\u011bl\u00ed kolegov\u00e9"],"articleSection":["Informujeme","Novinky"],"inLanguage":"cs"},{"@type":"WebPage","@id":"https:\/\/www.jc-correct.com\/blog\/lektori-cizich-jazyku-proc-radi-uci-v-correctu\/","url":"https:\/\/www.jc-correct.com\/blog\/lektori-cizich-jazyku-proc-radi-uci-v-correctu\/","name":"Lekto\u0159i ciz\u00edch jazyk\u016f - pro\u010d r\u00e1di u\u010d\u00ed v Correctu - BLOG: Jazykov\u00e9 centrum Correct","isPartOf":{"@id":"https:\/\/www.jc-correct.com\/blog\/#website"},"primaryImageOfPage":{"@id":"https:\/\/www.jc-correct.com\/blog\/lektori-cizich-jazyku-proc-radi-uci-v-correctu\/#primaryimage"},"image":{"@id":"https:\/\/www.jc-correct.com\/blog\/lektori-cizich-jazyku-proc-radi-uci-v-correctu\/#primaryimage"},"thumbnailUrl":"https:\/\/www.jc-correct.com\/blog\/wp-content\/uploads\/2020\/06\/atmosf\u00e9ra-v-Jazykov\u00e9m-centru-Correct-4-scaled.jpg","datePublished":"2020-06-30T11:18:20+00:00","dateModified":"2025-09-18T14:54:27+00:00","breadcrumb":{"@id":"https:\/\/www.jc-correct.com\/blog\/lektori-cizich-jazyku-proc-radi-uci-v-correctu\/#breadcrumb"},"inLanguage":"cs","potentialAction":[{"@type":"ReadAction","target":["https:\/\/www.jc-correct.com\/blog\/lektori-cizich-jazyku-proc-radi-uci-v-correctu\/"]}]},{"@type":"ImageObject","inLanguage":"cs","@id":"https:\/\/www.jc-correct.com\/blog\/lektori-cizich-jazyku-proc-radi-uci-v-correctu\/#primaryimage","url":"https:\/\/www.jc-correct.com\/blog\/wp-content\/uploads\/2020\/06\/atmosf\u00e9ra-v-Jazykov\u00e9m-centru-Correct-4-scaled.jpg","contentUrl":"https:\/\/www.jc-correct.com\/blog\/wp-content\/uploads\/2020\/06\/atmosf\u00e9ra-v-Jazykov\u00e9m-centru-Correct-4-scaled.jpg","width":2560,"height":1709},{"@type":"BreadcrumbList","@id":"https:\/\/www.jc-correct.com\/blog\/lektori-cizich-jazyku-proc-radi-uci-v-correctu\/#breadcrumb","itemListElement":[{"@type":"ListItem","position":1,"name":"Dom\u016f","item":"https:\/\/www.jc-correct.com\/blog\/"},{"@type":"ListItem","position":2,"name":"Lekto\u0159i ciz\u00edch jazyk\u016f &#8211; pro\u010d r\u00e1di u\u010d\u00ed v Correctu"}]},{"@type":"WebSite","@id":"https:\/\/www.jc-correct.com\/blog\/#website","url":"https:\/\/www.jc-correct.com\/blog\/","name":"BLOG: Jazykov\u00e9 centrum Correct","description":"","publisher":{"@id":"https:\/\/www.jc-correct.com\/blog\/#organization"},"potentialAction":[{"@type":"SearchAction","target":{"@type":"EntryPoint","urlTemplate":"https:\/\/www.jc-correct.com\/blog\/?s={search_term_string}"},"query-input":"required name=search_term_string"}],"inLanguage":"cs"},{"@type":"Organization","@id":"https:\/\/www.jc-correct.com\/blog\/#organization","name":"Jazykov\u00e9 centrum Correct, s.r.o.","url":"https:\/\/www.jc-correct.com\/blog\/","logo":{"@type":"ImageObject","inLanguage":"cs","@id":"https:\/\/www.jc-correct.com\/blog\/#\/schema\/logo\/image\/","url":"https:\/\/www.jc-correct.com\/blog\/wp-content\/uploads\/2019\/09\/logo.png","contentUrl":"https:\/\/www.jc-correct.com\/blog\/wp-content\/uploads\/2019\/09\/logo.png","width":228,"height":89,"caption":"Jazykov\u00e9 centrum Correct, s.r.o."},"image":{"@id":"https:\/\/www.jc-correct.com\/blog\/#\/schema\/logo\/image\/"},"sameAs":["https:\/\/www.facebook.com\/correct.jazykove.centrum\/","https:\/\/www.instagram.com\/wearecorrect\/","https:\/\/www.linkedin.com\/company\/correct-language-centre\/","https:\/\/www.youtube.com\/channel\/UCqO47fnZwWjEqjOG57A7rZA\/featured"]},{"@type":"Person","@id":"https:\/\/www.jc-correct.com\/blog\/#\/schema\/person\/c98283a8e08ad197801e2b0193748e13","name":"Mark\u00e9ta Lorencov\u00e1","image":{"@type":"ImageObject","inLanguage":"cs","@id":"https:\/\/www.jc-correct.com\/blog\/#\/schema\/person\/image\/","url":"https:\/\/www.jc-correct.com\/blog\/wp-content\/uploads\/2019\/10\/Mark\u00e9ta_L-150x150.jpg","contentUrl":"https:\/\/www.jc-correct.com\/blog\/wp-content\/uploads\/2019\/10\/Mark\u00e9ta_L-150x150.jpg","caption":"Mark\u00e9ta Lorencov\u00e1"},"url":"https:\/\/www.jc-correct.com\/blog\/author\/marketa\/"}]}},"_links":{"self":[{"href":"https:\/\/www.jc-correct.com\/blog\/wp-json\/wp\/v2\/posts\/2443","targetHints":{"allow":["GET"]}}],"collection":[{"href":"https:\/\/www.jc-correct.com\/blog\/wp-json\/wp\/v2\/posts"}],"about":[{"href":"https:\/\/www.jc-correct.com\/blog\/wp-json\/wp\/v2\/types\/post"}],"author":[{"embeddable":true,"href":"https:\/\/www.jc-correct.com\/blog\/wp-json\/wp\/v2\/users\/7"}],"replies":[{"embeddable":true,"href":"https:\/\/www.jc-correct.com\/blog\/wp-json\/wp\/v2\/comments?post=2443"}],"version-history":[{"count":46,"href":"https:\/\/www.jc-correct.com\/blog\/wp-json\/wp\/v2\/posts\/2443\/revisions"}],"predecessor-version":[{"id":3996,"href":"https:\/\/www.jc-correct.com\/blog\/wp-json\/wp\/v2\/posts\/2443\/revisions\/3996"}],"wp:featuredmedia":[{"embeddable":true,"href":"https:\/\/www.jc-correct.com\/blog\/wp-json\/wp\/v2\/media\/2482"}],"wp:attachment":[{"href":"https:\/\/www.jc-correct.com\/blog\/wp-json\/wp\/v2\/media?parent=2443"}],"wp:term":[{"taxonomy":"category","embeddable":true,"href":"https:\/\/www.jc-correct.com\/blog\/wp-json\/wp\/v2\/categories?post=2443"},{"taxonomy":"post_tag","embeddable":true,"href":"https:\/\/www.jc-correct.com\/blog\/wp-json\/wp\/v2\/tags?post=2443"}],"curies":[{"name":"wp","href":"https:\/\/api.w.org\/{rel}","templated":true}]}}