{"id":2336,"date":"2023-09-06T16:16:03","date_gmt":"2023-09-06T14:16:03","guid":{"rendered":"https:\/\/www.jc-correct.com\/blog\/?p=2336"},"modified":"2023-09-06T16:26:23","modified_gmt":"2023-09-06T14:26:23","slug":"mezinarodni-den-prekladatelu-30-zari","status":"publish","type":"post","link":"https:\/\/www.jc-correct.com\/blog\/mezinarodni-den-prekladatelu-30-zari\/","title":{"rendered":"Mezin\u00e1rodn\u00ed den p\u0159ekladatel\u016f &#8211; 30. z\u00e1\u0159\u00ed"},"content":{"rendered":"\n<p>Kolik knih bychom si nep\u0159e\u010detli, kdyby je nikdo nep\u0159elo\u017eil? Kolik film\u016f \u010di divadeln\u00edch p\u0159edstaven\u00ed bychom nemohli zhl\u00e9hnout, kdyby se n\u011bkdo nedok\u00e1zal zab\u00fdvat ciz\u00edm jazykem natolik do hloubky, aby n\u00e1m p\u0159edal p\u016fvodn\u00ed humor \u010di slovn\u00ed h\u0159\u00ed\u010dku?<\/p>\n\n\n\n<p>Kolik mezin\u00e1rodn\u00edch smluv by nemohlo b\u00fdt podeps\u00e1no, kdyby nebyli na sv\u011bt\u011b p\u0159ekladatel\u00e9 v&nbsp;oblasti pr\u00e1va? Kolik produkt\u016f bychom nemohli pou\u017e\u00edvat, kdyby n\u00e1m nikdo nep\u0159elo\u017eil n\u00e1vod k&nbsp;pou\u017eit\u00ed?<\/p>\n\n\n\n<p>P\u0159ekladatel\u00e9 v\u011bt\u0161inou nejsou vid\u011bt, ale jejich mraven\u010d\u00ed pr\u00e1ce skute\u010dn\u011b ovliv\u0148uje na\u0161e \u017eivoty. Zvl\u00e1\u0161t\u011b v&nbsp;dob\u011b globalizace je pot\u0159ebujeme jako s\u016fl! Poj\u010fme tedy oslavit jejich den, kter\u00fd se od roku 1991 slav\u00ed na mezin\u00e1rodn\u00ed \u00farovni.<\/p>\n\n\n\n<h2 class=\"wp-block-heading\">Pro\u010d pr\u00e1v\u011b 30. z\u00e1\u0159\u00ed?<\/h2>\n\n\n\n<p>Tento den m\u00e1 sv\u00e1tek patron p\u0159ekladatel\u016f, sv. Jeron\u00fdm. Pr\u00e1v\u011b po n\u011bm n\u00e1m z\u016fstal na zemi latinsk\u00fd p\u0159eklad Bible. Tahle kniha je na p\u0159ekl\u00e1d\u00e1n\u00ed po\u0159\u00e1dn\u00e9 sousto, co mysl\u00edte?<\/p>\n\n\n<div class=\"wp-block-image\">\n<figure class=\"aligncenter size-large is-resized\"><img loading=\"lazy\" decoding=\"async\" src=\"https:\/\/www.jc-correct.com\/blog\/wp-content\/uploads\/2019\/09\/Sv.-Jeron\u00fdm.jpg\" alt=\"\" class=\"wp-image-985 lazyload\" width=\"478\" height=\"473\" data-srcset=\"https:\/\/www.jc-correct.com\/blog\/wp-content\/uploads\/2019\/09\/Sv.-Jeron\u00fdm.jpg 238w, https:\/\/www.jc-correct.com\/blog\/wp-content\/uploads\/2019\/09\/Sv.-Jeron\u00fdm-80x80.jpg 80w\" sizes=\"auto\" \/><figcaption class=\"wp-element-caption\">sv. Jeron\u00fdm, zdroj: wikipedie<\/figcaption><\/figure>\n<\/div>\n\n\n<p>Mezin\u00e1rodn\u00ed den p\u0159ekladatel\u016f vyhl\u00e1sila Mezin\u00e1rodn\u00ed federace p\u0159ekladatel\u016f, aby si ve\u0159ejnost v\u00edce uv\u011bdomovala, jak v\u00fdznamn\u00ed pro n\u00e1s p\u0159ekladatel\u00e9 jsou. V&nbsp;roce 2017 p\u0159ijala tento den i OSN:<\/p>\n\n\n\n<blockquote class=\"wp-block-quote is-layout-flow wp-block-quote-is-layout-flow\">\n<p>International Translation Day is meant as an opportunity to pay tribute to the work of language professionals, which plays an important role in bringing nations together, facilitating dialogue, understanding and cooperation, contributing to development and strengthening world peace and security.<\/p>\n<\/blockquote>\n\n\n\n<blockquote class=\"wp-block-quote is-layout-flow wp-block-quote-is-layout-flow\">\n<p><em>Mezin\u00e1rodn\u00ed den p\u0159eklad\u016f p\u0159edstavuje p\u0159\u00edle\u017eitost ke vzd\u00e1n\u00ed holdu pr\u00e1ci jazykov\u00fdch profesion\u00e1l\u016f, kter\u00e1 hraje d\u016fle\u017eitou roli p\u0159i sdru\u017eov\u00e1n\u00ed n\u00e1rod\u016f, usnad\u0148ov\u00e1n\u00ed dialogu, porozum\u011bn\u00ed a spolupr\u00e1ce, p\u0159isp\u00edv\u00e1n\u00ed k rozvoji a posilov\u00e1n\u00ed sv\u011btov\u00e9ho m\u00edru a bezpe\u010dnosti.<\/em><\/p>\n<\/blockquote>\n\n\n<div class=\"wp-block-image\">\n<figure class=\"aligncenter size-large is-resized\"><img loading=\"lazy\" decoding=\"async\" src=\"https:\/\/www.jc-correct.com\/blog\/wp-content\/uploads\/2020\/06\/Mezin\u00e1rodn\u00ed-den-p\u0159ekladatel\u016f-3-1024x763.jpg\" alt=\"\" class=\"wp-image-2344 lazyload\" width=\"476\" height=\"354\" data-srcset=\"https:\/\/www.jc-correct.com\/blog\/wp-content\/uploads\/2020\/06\/Mezin\u00e1rodn\u00ed-den-p\u0159ekladatel\u016f-3-1024x763.jpg 1024w, https:\/\/www.jc-correct.com\/blog\/wp-content\/uploads\/2020\/06\/Mezin\u00e1rodn\u00ed-den-p\u0159ekladatel\u016f-3-300x224.jpg 300w, https:\/\/www.jc-correct.com\/blog\/wp-content\/uploads\/2020\/06\/Mezin\u00e1rodn\u00ed-den-p\u0159ekladatel\u016f-3-768x573.jpg 768w, https:\/\/www.jc-correct.com\/blog\/wp-content\/uploads\/2020\/06\/Mezin\u00e1rodn\u00ed-den-p\u0159ekladatel\u016f-3-1536x1145.jpg 1536w, https:\/\/www.jc-correct.com\/blog\/wp-content\/uploads\/2020\/06\/Mezin\u00e1rodn\u00ed-den-p\u0159ekladatel\u016f-3-2048x1527.jpg 2048w\" sizes=\"auto\" \/><\/figure>\n<\/div>\n\n\n<h2 class=\"wp-block-heading\">Jak\u00e9 to je pracovat jako p\u0159ekladatel?<\/h2>\n\n\n\n<p>Na tuto ot\u00e1zku byste od extroverta a introverta dostali pravd\u011bpodobn\u011b \u00fapln\u011b odli\u0161nou odpov\u011b\u010f. P\u0159ekladatelova kancel\u00e1\u0159 je v\u011bt\u0161inou jeho domov, pracuje s\u00e1m a s\u00e1m si tak\u00e9 ur\u010duje sv\u016fj re\u017eim. Odolnost v\u016f\u010di samot\u011b a dostate\u010dn\u00e1 discipl\u00edna jsou krom\u011b perfektn\u00ed znalosti ciz\u00edho jazyka z\u00e1kladn\u00edmi atributy dobr\u00e9ho p\u0159ekladatele. P\u0159ekl\u00e1d\u00e1n\u00ed by tedy extr\u00e9mn\u00ed introvert ozna\u010dil za pr\u00e1ci sn\u016f a extr\u00e9mn\u00ed extrovert, by\u0165 i s&nbsp;perfektn\u00ed discipl\u00ednou, za no\u010dn\u00ed m\u016fru.<\/p>\n\n\n\n<p>P\u0159ekladatel\u00e9 v\u0161ak pouze nep\u0159ekl\u00e1daj\u00ed. Zvl\u00e1\u0161t\u011b ti, kte\u0159\u00ed pracuj\u00ed na voln\u00e9 noze, se ve velk\u00e9 m\u00ed\u0159e v\u011bnuj\u00ed tak\u00e9 komunika\u010dn\u00edm a marketingov\u00fdm aktivit\u00e1m, aby o sob\u011b dali ve\u0159ejnosti v\u011bd\u011bt. Staraj\u00ed se o sv\u00e9 profily na soci\u00e1ln\u00edch s\u00edt\u00edch a spravuj\u00ed sv\u00e9 webov\u00e9 str\u00e1nky, n\u011bkte\u0159\u00ed t\u0159eba i p\u00ed\u0161ou blog.<\/p>\n\n\n\n<p>A vzd\u011bl\u00e1vaj\u00ed se. P\u0159ekladatel\u00e9 se vlastn\u011b neust\u00e1le vzd\u011bl\u00e1vaj\u00ed p\u0159i sv\u00e9 pr\u00e1ci, ale tak\u00e9 nav\u0161t\u011bvuj\u00ed r\u016fzn\u00e9 workshopy a semin\u00e1\u0159e, kde se u\u010d\u00ed pracovat efektivn\u011bji a pozn\u00e1vaj\u00ed r\u016fzn\u00e9 nov\u00e9 techniky a n\u00e1stroje.<\/p>\n\n\n\n<h2 class=\"wp-block-heading\">Jak oslavit den p\u0159ekladatel\u016f?<\/h2>\n\n\n\n<ul class=\"wp-block-list\">\n<li>Zn\u00e1te n\u011bjak\u00e9ho? Pop\u0159ejte mu ke Dni p\u0159ekladatel\u016f v\u0161echno nejlep\u0161\u00ed!<\/li>\n\n\n\n<li>Najd\u011bte svoji obl\u00edbenou knihu (ne s&nbsp;\u010desk\u00fdm p\u016fvodem) a zjist\u011bte, kdo ji p\u0159elo\u017eil. \u0158ekli byste, \u017ee je to jeden z&nbsp;hlavn\u00edch hrdin\u016f va\u0161\u00ed knihy?<\/li>\n\n\n\n<li>Najd\u011bte si n\u011bjak\u00fd \u00faryvek filmu, zvl\u00e1\u0161t\u011b n\u011bjak\u00e9 komick\u00e9 sc\u00e9ny, a pokuste se kousek humoru p\u0159elo\u017eit tak, aby vtip z\u016fstal vtipem. Nen\u00ed to lehk\u00e1 \u00faloha, \u017ee? A co teprve sitcomy pln\u00e9 slovn\u00edch h\u0159\u00ed\u010dek.<\/li>\n\n\n\n<li>Nau\u010dte se n\u011bjak\u00e1 nov\u00e1 neobvykl\u00e1 slov\u00ed\u010dka. Pokud se u\u010d\u00edte angli\u010dtinu, <a rel=\"noreferrer noopener\" href=\"https:\/\/www.instagram.com\/wearecorrect\/\" target=\"_blank\">zav\u00edtejte na n\u00e1\u0161 Instagram<\/a>, kde se pravideln\u011b objevuj\u00ed nov\u00e9 anglick\u00e9 idiomy!<\/li>\n<\/ul>\n\n\n\n<p>Pokud byste sami pot\u0159ebovali p\u0159eklad, pod\u00edvejte se k n\u00e1m na web, <strong>p\u0159ekl\u00e1d\u00e1me z a do v\u00edce ne\u017e 40 jazyk\u016f<\/strong>! P\u0159ekl\u00e1d\u00e1me i\u00a0<strong>multilingv\u00e1ln\u011b<\/strong>, tzn. mezi ciz\u00edmi jazyky. M\u016f\u017eete se na n\u00e1s\u00a0obr\u00e1tit\u00a0jak s odborn\u00fdm p\u0159ekladem, tak se <a href=\"https:\/\/www.jc-correct.com\/soudni-preklady\">soudn\u00edm p\u0159ekladem<\/a> \u010di <a href=\"https:\/\/www.jc-correct.com\/jazykove-korektury\">jazykovou korekturou<\/a>. R\u00e1di V\u00e1m pom\u016f\u017eeme.<\/p>\n\n\n<div class=\"wp-block-image\">\n<figure class=\"aligncenter size-large is-resized\"><img loading=\"lazy\" decoding=\"async\" src=\"https:\/\/www.jc-correct.com\/blog\/wp-content\/uploads\/2019\/09\/Jazykov\u00e9-centrum-Correct-1.png\" alt=\"\" class=\"wp-image-987 lazyload\" width=\"460\" height=\"229\" data-srcset=\"https:\/\/www.jc-correct.com\/blog\/wp-content\/uploads\/2019\/09\/Jazykov\u00e9-centrum-Correct-1.png 902w, https:\/\/www.jc-correct.com\/blog\/wp-content\/uploads\/2019\/09\/Jazykov\u00e9-centrum-Correct-1-300x149.png 300w, https:\/\/www.jc-correct.com\/blog\/wp-content\/uploads\/2019\/09\/Jazykov\u00e9-centrum-Correct-1-768x382.png 768w, https:\/\/www.jc-correct.com\/blog\/wp-content\/uploads\/2019\/09\/Jazykov\u00e9-centrum-Correct-1-624x311.png 624w\" sizes=\"auto\" \/><\/figure>\n<\/div>","protected":false},"excerpt":{"rendered":"<p>Kolik knih bychom si nep\u0159e\u010detli, kdyby je nikdo nep\u0159elo\u017eil? Kolik film\u016f \u010di divadeln\u00edch p\u0159edstaven\u00ed bychom nemohli zhl\u00e9hnout, kdyby se n\u011bkdo nedok\u00e1zal zab\u00fdvat ciz\u00edm jazykem natolik do hloubky, aby n\u00e1m p\u0159edal p\u016fvodn\u00ed humor \u010di slovn\u00ed h\u0159\u00ed\u010dku? Kolik mezin\u00e1rodn\u00edch smluv by nemohlo b\u00fdt podeps\u00e1no, kdyby nebyli na sv\u011bt\u011b p\u0159ekladatel\u00e9 v&nbsp;oblasti pr\u00e1va? Kolik produkt\u016f bychom nemohli pou\u017e\u00edvat, kdyby n\u00e1m nikdo nep\u0159elo\u017eil n\u00e1vod k&nbsp;pou\u017eit\u00ed? P\u0159ekladatel\u00e9 v\u011bt\u0161inou nejsou vid\u011bt, ale jejich mraven\u010d\u00ed pr\u00e1ce skute\u010dn\u011b ovliv\u0148uje na\u0161e \u017eivoty. Zvl\u00e1\u0161t\u011b v&nbsp;dob\u011b globalizace je pot\u0159ebujeme jako s\u016fl! Poj\u010fme tedy oslavit jejich den, kter\u00fd se od roku 1991 slav\u00ed na mezin\u00e1rodn\u00ed \u00farovni. Pro\u010d pr\u00e1v\u011b 30. z\u00e1\u0159\u00ed? Tento den m\u00e1&#8230;<\/p>\n","protected":false},"author":5,"featured_media":2339,"comment_status":"closed","ping_status":"open","sticky":false,"template":"","format":"standard","meta":{"_acf_changed":false,"footnotes":""},"categories":[249,3,36,246],"tags":[235,792,790,239,234,232,791,652,236,237,115,789,788,233,37,39,238,240],"class_list":["post-2336","post","type-post","status-publish","format-standard","has-post-thumbnail","hentry","category-informujeme","category-novinky","category-vzdelavame","category-zajimavosti","tag-cizi-jazyky","tag-international-translation-day","tag-jazykove-korektury","tag-jazykove-perlicky","tag-korektury","tag-mezinarodni-den-prekladatelu","tag-mezinarodni-den-prekladu","tag-mezinarodni-dny","tag-multilingvalni","tag-multilungvalne","tag-netradicni-cizi-jazyky","tag-prekladatel","tag-prekladatele","tag-preklady","tag-soudni-preklad","tag-soudni-preklady","tag-tlumoceni","tag-zajimavosti-cizich-jazyku"],"acf":[],"yoast_head":"<!-- This site is optimized with the Yoast SEO plugin v22.3 - https:\/\/yoast.com\/wordpress\/plugins\/seo\/ -->\n<title>Mezin\u00e1rodn\u00ed den p\u0159ekladatel\u016f - 30. z\u00e1\u0159\u00ed - BLOG: Jazykov\u00e9 centrum Correct<\/title>\n<meta name=\"description\" content=\"Kdy a pro\u010d se slav\u00ed Mezin\u00e1rodn\u00ed den p\u0159ekladatel\u016f? Jak\u00e9 to je pracovat jako p\u0159ekladatel? Nejen to se dozv\u00edte v n\u00e1sleduj\u00edc\u00edm \u010dl\u00e1nku.\" \/>\n<meta name=\"robots\" content=\"index, follow, max-snippet:-1, max-image-preview:large, max-video-preview:-1\" \/>\n<link rel=\"canonical\" href=\"https:\/\/www.jc-correct.com\/blog\/mezinarodni-den-prekladatelu-30-zari\/\" \/>\n<meta property=\"og:locale\" content=\"cs_CZ\" \/>\n<meta property=\"og:type\" content=\"article\" \/>\n<meta property=\"og:title\" content=\"Mezin\u00e1rodn\u00ed den p\u0159ekladatel\u016f - 30. z\u00e1\u0159\u00ed - BLOG: Jazykov\u00e9 centrum Correct\" \/>\n<meta property=\"og:description\" content=\"Kdy a pro\u010d se slav\u00ed Mezin\u00e1rodn\u00ed den p\u0159ekladatel\u016f? Jak\u00e9 to je pracovat jako p\u0159ekladatel? Nejen to se dozv\u00edte v n\u00e1sleduj\u00edc\u00edm \u010dl\u00e1nku.\" \/>\n<meta property=\"og:url\" content=\"https:\/\/www.jc-correct.com\/blog\/mezinarodni-den-prekladatelu-30-zari\/\" \/>\n<meta property=\"og:site_name\" content=\"BLOG: Jazykov\u00e9 centrum Correct\" \/>\n<meta property=\"article:publisher\" content=\"https:\/\/www.facebook.com\/correct.jazykove.centrum\/\" \/>\n<meta property=\"article:author\" content=\"https:\/\/www.facebook.com\/correct.jazykove.centrum\/\" \/>\n<meta property=\"article:published_time\" content=\"2023-09-06T14:16:03+00:00\" \/>\n<meta property=\"article:modified_time\" content=\"2023-09-06T14:26:23+00:00\" \/>\n<meta property=\"og:image\" content=\"https:\/\/www.jc-correct.com\/blog\/wp-content\/uploads\/2020\/06\/Mezin\u00e1rodn\u00ed-den-p\u0159ekladatel\u016f-2-scaled.jpg\" \/>\n\t<meta property=\"og:image:width\" content=\"2560\" \/>\n\t<meta property=\"og:image:height\" content=\"1707\" \/>\n\t<meta property=\"og:image:type\" content=\"image\/jpeg\" \/>\n<meta name=\"author\" content=\"Jazykov\u00e9 centrum Correct\" \/>\n<meta name=\"twitter:card\" content=\"summary_large_image\" \/>\n<meta name=\"twitter:label1\" content=\"Napsal(a)\" \/>\n\t<meta name=\"twitter:data1\" content=\"Jazykov\u00e9 centrum Correct\" \/>\n\t<meta name=\"twitter:label2\" content=\"Odhadovan\u00e1 doba \u010dten\u00ed\" \/>\n\t<meta name=\"twitter:data2\" content=\"4 minuty\" \/>\n<script type=\"application\/ld+json\" class=\"yoast-schema-graph\">{\"@context\":\"https:\/\/schema.org\",\"@graph\":[{\"@type\":\"Article\",\"@id\":\"https:\/\/www.jc-correct.com\/blog\/mezinarodni-den-prekladatelu-30-zari\/#article\",\"isPartOf\":{\"@id\":\"https:\/\/www.jc-correct.com\/blog\/mezinarodni-den-prekladatelu-30-zari\/\"},\"author\":{\"name\":\"Jazykov\u00e9 centrum Correct\",\"@id\":\"https:\/\/www.jc-correct.com\/blog\/#\/schema\/person\/b9bf371b1acd1da12d78ae5cc8021d60\"},\"headline\":\"Mezin\u00e1rodn\u00ed den p\u0159ekladatel\u016f &#8211; 30. z\u00e1\u0159\u00ed\",\"datePublished\":\"2023-09-06T14:16:03+00:00\",\"dateModified\":\"2023-09-06T14:26:23+00:00\",\"mainEntityOfPage\":{\"@id\":\"https:\/\/www.jc-correct.com\/blog\/mezinarodni-den-prekladatelu-30-zari\/\"},\"wordCount\":736,\"publisher\":{\"@id\":\"https:\/\/www.jc-correct.com\/blog\/#organization\"},\"image\":{\"@id\":\"https:\/\/www.jc-correct.com\/blog\/mezinarodni-den-prekladatelu-30-zari\/#primaryimage\"},\"thumbnailUrl\":\"https:\/\/www.jc-correct.com\/blog\/wp-content\/uploads\/2020\/06\/Mezin\u00e1rodn\u00ed-den-p\u0159ekladatel\u016f-2-scaled.jpg\",\"keywords\":[\"ciz\u00ed jazyky\",\"International Translation Day\",\"jazykov\u00e9 korektury\",\"jazykov\u00e9 perli\u010dky\",\"korektury\",\"mezin\u00e1rodn\u00ed den p\u0159ekladatel\u016f\",\"Mezin\u00e1rodn\u00ed den p\u0159eklad\u016f\",\"mezin\u00e1rodn\u00ed dny\",\"multilingv\u00e1ln\u00ed\",\"multilungv\u00e1ln\u011b\",\"netradi\u010dn\u00ed ciz\u00ed jazyky\",\"p\u0159ekladatel\",\"p\u0159ekladatel\u00e9\",\"p\u0159eklady\",\"soudn\u00ed p\u0159eklad\",\"soudn\u00ed p\u0159eklady\",\"tlumo\u010den\u00ed\",\"zaj\u00edmavosti ciz\u00edch jazyk\u016f\"],\"articleSection\":[\"Informujeme\",\"Novinky\",\"Vzd\u011bl\u00e1v\u00e1me\",\"Zaj\u00edmavosti\"],\"inLanguage\":\"cs\"},{\"@type\":\"WebPage\",\"@id\":\"https:\/\/www.jc-correct.com\/blog\/mezinarodni-den-prekladatelu-30-zari\/\",\"url\":\"https:\/\/www.jc-correct.com\/blog\/mezinarodni-den-prekladatelu-30-zari\/\",\"name\":\"Mezin\u00e1rodn\u00ed den p\u0159ekladatel\u016f - 30. z\u00e1\u0159\u00ed - BLOG: Jazykov\u00e9 centrum Correct\",\"isPartOf\":{\"@id\":\"https:\/\/www.jc-correct.com\/blog\/#website\"},\"primaryImageOfPage\":{\"@id\":\"https:\/\/www.jc-correct.com\/blog\/mezinarodni-den-prekladatelu-30-zari\/#primaryimage\"},\"image\":{\"@id\":\"https:\/\/www.jc-correct.com\/blog\/mezinarodni-den-prekladatelu-30-zari\/#primaryimage\"},\"thumbnailUrl\":\"https:\/\/www.jc-correct.com\/blog\/wp-content\/uploads\/2020\/06\/Mezin\u00e1rodn\u00ed-den-p\u0159ekladatel\u016f-2-scaled.jpg\",\"datePublished\":\"2023-09-06T14:16:03+00:00\",\"dateModified\":\"2023-09-06T14:26:23+00:00\",\"description\":\"Kdy a pro\u010d se slav\u00ed Mezin\u00e1rodn\u00ed den p\u0159ekladatel\u016f? Jak\u00e9 to je pracovat jako p\u0159ekladatel? Nejen to se dozv\u00edte v n\u00e1sleduj\u00edc\u00edm \u010dl\u00e1nku.\",\"breadcrumb\":{\"@id\":\"https:\/\/www.jc-correct.com\/blog\/mezinarodni-den-prekladatelu-30-zari\/#breadcrumb\"},\"inLanguage\":\"cs\",\"potentialAction\":[{\"@type\":\"ReadAction\",\"target\":[\"https:\/\/www.jc-correct.com\/blog\/mezinarodni-den-prekladatelu-30-zari\/\"]}]},{\"@type\":\"ImageObject\",\"inLanguage\":\"cs\",\"@id\":\"https:\/\/www.jc-correct.com\/blog\/mezinarodni-den-prekladatelu-30-zari\/#primaryimage\",\"url\":\"https:\/\/www.jc-correct.com\/blog\/wp-content\/uploads\/2020\/06\/Mezin\u00e1rodn\u00ed-den-p\u0159ekladatel\u016f-2-scaled.jpg\",\"contentUrl\":\"https:\/\/www.jc-correct.com\/blog\/wp-content\/uploads\/2020\/06\/Mezin\u00e1rodn\u00ed-den-p\u0159ekladatel\u016f-2-scaled.jpg\",\"width\":2560,\"height\":1707},{\"@type\":\"BreadcrumbList\",\"@id\":\"https:\/\/www.jc-correct.com\/blog\/mezinarodni-den-prekladatelu-30-zari\/#breadcrumb\",\"itemListElement\":[{\"@type\":\"ListItem\",\"position\":1,\"name\":\"Dom\u016f\",\"item\":\"https:\/\/www.jc-correct.com\/blog\/\"},{\"@type\":\"ListItem\",\"position\":2,\"name\":\"Mezin\u00e1rodn\u00ed den p\u0159ekladatel\u016f &#8211; 30. z\u00e1\u0159\u00ed\"}]},{\"@type\":\"WebSite\",\"@id\":\"https:\/\/www.jc-correct.com\/blog\/#website\",\"url\":\"https:\/\/www.jc-correct.com\/blog\/\",\"name\":\"BLOG: Jazykov\u00e9 centrum Correct\",\"description\":\"\",\"publisher\":{\"@id\":\"https:\/\/www.jc-correct.com\/blog\/#organization\"},\"potentialAction\":[{\"@type\":\"SearchAction\",\"target\":{\"@type\":\"EntryPoint\",\"urlTemplate\":\"https:\/\/www.jc-correct.com\/blog\/?s={search_term_string}\"},\"query-input\":\"required name=search_term_string\"}],\"inLanguage\":\"cs\"},{\"@type\":\"Organization\",\"@id\":\"https:\/\/www.jc-correct.com\/blog\/#organization\",\"name\":\"Jazykov\u00e9 centrum Correct, s.r.o.\",\"url\":\"https:\/\/www.jc-correct.com\/blog\/\",\"logo\":{\"@type\":\"ImageObject\",\"inLanguage\":\"cs\",\"@id\":\"https:\/\/www.jc-correct.com\/blog\/#\/schema\/logo\/image\/\",\"url\":\"https:\/\/www.jc-correct.com\/blog\/wp-content\/uploads\/2019\/09\/logo.png\",\"contentUrl\":\"https:\/\/www.jc-correct.com\/blog\/wp-content\/uploads\/2019\/09\/logo.png\",\"width\":228,\"height\":89,\"caption\":\"Jazykov\u00e9 centrum Correct, s.r.o.\"},\"image\":{\"@id\":\"https:\/\/www.jc-correct.com\/blog\/#\/schema\/logo\/image\/\"},\"sameAs\":[\"https:\/\/www.facebook.com\/correct.jazykove.centrum\/\",\"https:\/\/www.instagram.com\/wearecorrect\/\",\"https:\/\/www.linkedin.com\/company\/correct-language-centre\/\",\"https:\/\/www.youtube.com\/channel\/UCqO47fnZwWjEqjOG57A7rZA\/featured\"]},{\"@type\":\"Person\",\"@id\":\"https:\/\/www.jc-correct.com\/blog\/#\/schema\/person\/b9bf371b1acd1da12d78ae5cc8021d60\",\"name\":\"Jazykov\u00e9 centrum Correct\",\"image\":{\"@type\":\"ImageObject\",\"inLanguage\":\"cs\",\"@id\":\"https:\/\/www.jc-correct.com\/blog\/#\/schema\/person\/image\/\",\"url\":\"https:\/\/www.jc-correct.com\/blog\/wp-content\/uploads\/2019\/09\/correct_fajfka-150x150.png\",\"contentUrl\":\"https:\/\/www.jc-correct.com\/blog\/wp-content\/uploads\/2019\/09\/correct_fajfka-150x150.png\",\"caption\":\"Jazykov\u00e9 centrum Correct\"},\"description\":\"U\u010d\u00edme jazyky, p\u0159ekl\u00e1d\u00e1me, korigujeme, tlumo\u010d\u00edme, provozujeme Knihovnu cizojazy\u010dn\u00e9 literatury, vzd\u011bl\u00e1v\u00e1me, informujeme a bav\u00edme v\u00e1s...\",\"sameAs\":[\"https:\/\/www.jc-correct.com\/\",\"https:\/\/www.facebook.com\/correct.jazykove.centrum\/\",\"https:\/\/www.instagram.com\/wearecorrect\/\",\"https:\/\/cz.linkedin.com\/company\/correct-language-centre\",\"https:\/\/www.youtube.com\/channel\/UCqO47fnZwWjEqjOG57A7rZA\/featured\"],\"url\":\"https:\/\/www.jc-correct.com\/blog\/author\/correct\/\"}]}<\/script>\n<!-- \/ Yoast SEO plugin. -->","yoast_head_json":{"title":"Mezin\u00e1rodn\u00ed den p\u0159ekladatel\u016f - 30. z\u00e1\u0159\u00ed - BLOG: Jazykov\u00e9 centrum Correct","description":"Kdy a pro\u010d se slav\u00ed Mezin\u00e1rodn\u00ed den p\u0159ekladatel\u016f? Jak\u00e9 to je pracovat jako p\u0159ekladatel? Nejen to se dozv\u00edte v n\u00e1sleduj\u00edc\u00edm \u010dl\u00e1nku.","robots":{"index":"index","follow":"follow","max-snippet":"max-snippet:-1","max-image-preview":"max-image-preview:large","max-video-preview":"max-video-preview:-1"},"canonical":"https:\/\/www.jc-correct.com\/blog\/mezinarodni-den-prekladatelu-30-zari\/","og_locale":"cs_CZ","og_type":"article","og_title":"Mezin\u00e1rodn\u00ed den p\u0159ekladatel\u016f - 30. z\u00e1\u0159\u00ed - BLOG: Jazykov\u00e9 centrum Correct","og_description":"Kdy a pro\u010d se slav\u00ed Mezin\u00e1rodn\u00ed den p\u0159ekladatel\u016f? Jak\u00e9 to je pracovat jako p\u0159ekladatel? Nejen to se dozv\u00edte v n\u00e1sleduj\u00edc\u00edm \u010dl\u00e1nku.","og_url":"https:\/\/www.jc-correct.com\/blog\/mezinarodni-den-prekladatelu-30-zari\/","og_site_name":"BLOG: Jazykov\u00e9 centrum Correct","article_publisher":"https:\/\/www.facebook.com\/correct.jazykove.centrum\/","article_author":"https:\/\/www.facebook.com\/correct.jazykove.centrum\/","article_published_time":"2023-09-06T14:16:03+00:00","article_modified_time":"2023-09-06T14:26:23+00:00","og_image":[{"width":2560,"height":1707,"url":"https:\/\/www.jc-correct.com\/blog\/wp-content\/uploads\/2020\/06\/Mezin\u00e1rodn\u00ed-den-p\u0159ekladatel\u016f-2-scaled.jpg","type":"image\/jpeg"}],"author":"Jazykov\u00e9 centrum Correct","twitter_card":"summary_large_image","twitter_misc":{"Napsal(a)":"Jazykov\u00e9 centrum Correct","Odhadovan\u00e1 doba \u010dten\u00ed":"4 minuty"},"schema":{"@context":"https:\/\/schema.org","@graph":[{"@type":"Article","@id":"https:\/\/www.jc-correct.com\/blog\/mezinarodni-den-prekladatelu-30-zari\/#article","isPartOf":{"@id":"https:\/\/www.jc-correct.com\/blog\/mezinarodni-den-prekladatelu-30-zari\/"},"author":{"name":"Jazykov\u00e9 centrum Correct","@id":"https:\/\/www.jc-correct.com\/blog\/#\/schema\/person\/b9bf371b1acd1da12d78ae5cc8021d60"},"headline":"Mezin\u00e1rodn\u00ed den p\u0159ekladatel\u016f &#8211; 30. z\u00e1\u0159\u00ed","datePublished":"2023-09-06T14:16:03+00:00","dateModified":"2023-09-06T14:26:23+00:00","mainEntityOfPage":{"@id":"https:\/\/www.jc-correct.com\/blog\/mezinarodni-den-prekladatelu-30-zari\/"},"wordCount":736,"publisher":{"@id":"https:\/\/www.jc-correct.com\/blog\/#organization"},"image":{"@id":"https:\/\/www.jc-correct.com\/blog\/mezinarodni-den-prekladatelu-30-zari\/#primaryimage"},"thumbnailUrl":"https:\/\/www.jc-correct.com\/blog\/wp-content\/uploads\/2020\/06\/Mezin\u00e1rodn\u00ed-den-p\u0159ekladatel\u016f-2-scaled.jpg","keywords":["ciz\u00ed jazyky","International Translation Day","jazykov\u00e9 korektury","jazykov\u00e9 perli\u010dky","korektury","mezin\u00e1rodn\u00ed den p\u0159ekladatel\u016f","Mezin\u00e1rodn\u00ed den p\u0159eklad\u016f","mezin\u00e1rodn\u00ed dny","multilingv\u00e1ln\u00ed","multilungv\u00e1ln\u011b","netradi\u010dn\u00ed ciz\u00ed jazyky","p\u0159ekladatel","p\u0159ekladatel\u00e9","p\u0159eklady","soudn\u00ed p\u0159eklad","soudn\u00ed p\u0159eklady","tlumo\u010den\u00ed","zaj\u00edmavosti ciz\u00edch jazyk\u016f"],"articleSection":["Informujeme","Novinky","Vzd\u011bl\u00e1v\u00e1me","Zaj\u00edmavosti"],"inLanguage":"cs"},{"@type":"WebPage","@id":"https:\/\/www.jc-correct.com\/blog\/mezinarodni-den-prekladatelu-30-zari\/","url":"https:\/\/www.jc-correct.com\/blog\/mezinarodni-den-prekladatelu-30-zari\/","name":"Mezin\u00e1rodn\u00ed den p\u0159ekladatel\u016f - 30. z\u00e1\u0159\u00ed - BLOG: Jazykov\u00e9 centrum Correct","isPartOf":{"@id":"https:\/\/www.jc-correct.com\/blog\/#website"},"primaryImageOfPage":{"@id":"https:\/\/www.jc-correct.com\/blog\/mezinarodni-den-prekladatelu-30-zari\/#primaryimage"},"image":{"@id":"https:\/\/www.jc-correct.com\/blog\/mezinarodni-den-prekladatelu-30-zari\/#primaryimage"},"thumbnailUrl":"https:\/\/www.jc-correct.com\/blog\/wp-content\/uploads\/2020\/06\/Mezin\u00e1rodn\u00ed-den-p\u0159ekladatel\u016f-2-scaled.jpg","datePublished":"2023-09-06T14:16:03+00:00","dateModified":"2023-09-06T14:26:23+00:00","description":"Kdy a pro\u010d se slav\u00ed Mezin\u00e1rodn\u00ed den p\u0159ekladatel\u016f? Jak\u00e9 to je pracovat jako p\u0159ekladatel? Nejen to se dozv\u00edte v n\u00e1sleduj\u00edc\u00edm \u010dl\u00e1nku.","breadcrumb":{"@id":"https:\/\/www.jc-correct.com\/blog\/mezinarodni-den-prekladatelu-30-zari\/#breadcrumb"},"inLanguage":"cs","potentialAction":[{"@type":"ReadAction","target":["https:\/\/www.jc-correct.com\/blog\/mezinarodni-den-prekladatelu-30-zari\/"]}]},{"@type":"ImageObject","inLanguage":"cs","@id":"https:\/\/www.jc-correct.com\/blog\/mezinarodni-den-prekladatelu-30-zari\/#primaryimage","url":"https:\/\/www.jc-correct.com\/blog\/wp-content\/uploads\/2020\/06\/Mezin\u00e1rodn\u00ed-den-p\u0159ekladatel\u016f-2-scaled.jpg","contentUrl":"https:\/\/www.jc-correct.com\/blog\/wp-content\/uploads\/2020\/06\/Mezin\u00e1rodn\u00ed-den-p\u0159ekladatel\u016f-2-scaled.jpg","width":2560,"height":1707},{"@type":"BreadcrumbList","@id":"https:\/\/www.jc-correct.com\/blog\/mezinarodni-den-prekladatelu-30-zari\/#breadcrumb","itemListElement":[{"@type":"ListItem","position":1,"name":"Dom\u016f","item":"https:\/\/www.jc-correct.com\/blog\/"},{"@type":"ListItem","position":2,"name":"Mezin\u00e1rodn\u00ed den p\u0159ekladatel\u016f &#8211; 30. z\u00e1\u0159\u00ed"}]},{"@type":"WebSite","@id":"https:\/\/www.jc-correct.com\/blog\/#website","url":"https:\/\/www.jc-correct.com\/blog\/","name":"BLOG: Jazykov\u00e9 centrum Correct","description":"","publisher":{"@id":"https:\/\/www.jc-correct.com\/blog\/#organization"},"potentialAction":[{"@type":"SearchAction","target":{"@type":"EntryPoint","urlTemplate":"https:\/\/www.jc-correct.com\/blog\/?s={search_term_string}"},"query-input":"required name=search_term_string"}],"inLanguage":"cs"},{"@type":"Organization","@id":"https:\/\/www.jc-correct.com\/blog\/#organization","name":"Jazykov\u00e9 centrum Correct, s.r.o.","url":"https:\/\/www.jc-correct.com\/blog\/","logo":{"@type":"ImageObject","inLanguage":"cs","@id":"https:\/\/www.jc-correct.com\/blog\/#\/schema\/logo\/image\/","url":"https:\/\/www.jc-correct.com\/blog\/wp-content\/uploads\/2019\/09\/logo.png","contentUrl":"https:\/\/www.jc-correct.com\/blog\/wp-content\/uploads\/2019\/09\/logo.png","width":228,"height":89,"caption":"Jazykov\u00e9 centrum Correct, s.r.o."},"image":{"@id":"https:\/\/www.jc-correct.com\/blog\/#\/schema\/logo\/image\/"},"sameAs":["https:\/\/www.facebook.com\/correct.jazykove.centrum\/","https:\/\/www.instagram.com\/wearecorrect\/","https:\/\/www.linkedin.com\/company\/correct-language-centre\/","https:\/\/www.youtube.com\/channel\/UCqO47fnZwWjEqjOG57A7rZA\/featured"]},{"@type":"Person","@id":"https:\/\/www.jc-correct.com\/blog\/#\/schema\/person\/b9bf371b1acd1da12d78ae5cc8021d60","name":"Jazykov\u00e9 centrum Correct","image":{"@type":"ImageObject","inLanguage":"cs","@id":"https:\/\/www.jc-correct.com\/blog\/#\/schema\/person\/image\/","url":"https:\/\/www.jc-correct.com\/blog\/wp-content\/uploads\/2019\/09\/correct_fajfka-150x150.png","contentUrl":"https:\/\/www.jc-correct.com\/blog\/wp-content\/uploads\/2019\/09\/correct_fajfka-150x150.png","caption":"Jazykov\u00e9 centrum Correct"},"description":"U\u010d\u00edme jazyky, p\u0159ekl\u00e1d\u00e1me, korigujeme, tlumo\u010d\u00edme, provozujeme Knihovnu cizojazy\u010dn\u00e9 literatury, vzd\u011bl\u00e1v\u00e1me, informujeme a bav\u00edme v\u00e1s...","sameAs":["https:\/\/www.jc-correct.com\/","https:\/\/www.facebook.com\/correct.jazykove.centrum\/","https:\/\/www.instagram.com\/wearecorrect\/","https:\/\/cz.linkedin.com\/company\/correct-language-centre","https:\/\/www.youtube.com\/channel\/UCqO47fnZwWjEqjOG57A7rZA\/featured"],"url":"https:\/\/www.jc-correct.com\/blog\/author\/correct\/"}]}},"_links":{"self":[{"href":"https:\/\/www.jc-correct.com\/blog\/wp-json\/wp\/v2\/posts\/2336","targetHints":{"allow":["GET"]}}],"collection":[{"href":"https:\/\/www.jc-correct.com\/blog\/wp-json\/wp\/v2\/posts"}],"about":[{"href":"https:\/\/www.jc-correct.com\/blog\/wp-json\/wp\/v2\/types\/post"}],"author":[{"embeddable":true,"href":"https:\/\/www.jc-correct.com\/blog\/wp-json\/wp\/v2\/users\/5"}],"replies":[{"embeddable":true,"href":"https:\/\/www.jc-correct.com\/blog\/wp-json\/wp\/v2\/comments?post=2336"}],"version-history":[{"count":15,"href":"https:\/\/www.jc-correct.com\/blog\/wp-json\/wp\/v2\/posts\/2336\/revisions"}],"predecessor-version":[{"id":3877,"href":"https:\/\/www.jc-correct.com\/blog\/wp-json\/wp\/v2\/posts\/2336\/revisions\/3877"}],"wp:featuredmedia":[{"embeddable":true,"href":"https:\/\/www.jc-correct.com\/blog\/wp-json\/wp\/v2\/media\/2339"}],"wp:attachment":[{"href":"https:\/\/www.jc-correct.com\/blog\/wp-json\/wp\/v2\/media?parent=2336"}],"wp:term":[{"taxonomy":"category","embeddable":true,"href":"https:\/\/www.jc-correct.com\/blog\/wp-json\/wp\/v2\/categories?post=2336"},{"taxonomy":"post_tag","embeddable":true,"href":"https:\/\/www.jc-correct.com\/blog\/wp-json\/wp\/v2\/tags?post=2336"}],"curies":[{"name":"wp","href":"https:\/\/api.w.org\/{rel}","templated":true}]}}