{"id":2243,"date":"2021-03-20T09:39:41","date_gmt":"2021-03-20T08:39:41","guid":{"rendered":"https:\/\/www.jc-correct.com\/blog\/?p=2243"},"modified":"2021-03-20T09:48:02","modified_gmt":"2021-03-20T08:48:02","slug":"den-ucitelu-28-brezna","status":"publish","type":"post","link":"https:\/\/www.jc-correct.com\/blog\/den-ucitelu-28-brezna\/","title":{"rendered":"Den u\u010ditel\u016f &#8211; 28. b\u0159ezna"},"content":{"rendered":"\n<p>Lid\u00e9, co maj\u00ed vliv. Lid\u00e9, co maj\u00ed z&nbsp;velk\u00e9 \u010d\u00e1sti v&nbsp;rukou n\u00e1\u0161 postoj k&nbsp;dan\u00e9 oblasti. Lid\u00e9, kte\u0159\u00ed n\u00e1m z\u016fst\u00e1vaj\u00ed v&nbsp;pam\u011bti na cel\u00fd \u017eivot. Lid\u00e9, kte\u0159\u00ed n\u00e1m \u010dastokr\u00e1t pomohli. Lid\u00e9, jejich\u017e obli\u010dej ji\u017e nechceme nikdy vid\u011bt. Lid\u00e9, kte\u0159\u00ed to mus\u00ed m\u00edt v&nbsp;krvi, aby byli dob\u0159\u00ed. Lid\u00e9, kte\u0159\u00ed svou pr\u00e1ci mus\u00ed d\u011blat s&nbsp;l\u00e1skou, jinak vyho\u0159\u00ed d\u0159\u00edv, ne\u017e by \u010dlov\u011bk \u0159ekl: <em>u\u010ditel je skv\u011bl\u00e9 zam\u011bstn\u00e1n\u00ed<\/em>.<\/p>\n\n\n\n<p>To v\u0161e se d\u00e1 \u0159\u00edct o r\u016fzn\u00fdch u\u010ditel\u00edch, kte\u0159\u00ed n\u00e1s prov\u00e1zeli na na\u0161\u00ed cest\u011b za vzd\u011bl\u00e1n\u00edm. Zp\u011btn\u011b si mnohdy \u0159\u00edk\u00e1me, \u017ee to s&nbsp;n\u00e1mi nem\u011bli jednoduch\u00e9. N\u011bkdy vzpom\u00edn\u00e1me na jejich hl\u00e1\u0161ky, kter\u00e9 n\u00e1m st\u00e1le zn\u00ed v&nbsp;u\u0161\u00edch. N\u011bkdy si uv\u011bdomujeme, \u017ee tam, kde jsme, jsme i d\u00edky nim. Poj\u010fme proto po\u0159\u00e1dn\u011b oslavit Den u\u010ditel\u016f. <\/p>\n\n\n\n<h4 class=\"wp-block-heading\">Odkdy slav\u00edme Den u\u010ditel\u016f?<\/h4>\n\n\n\n<p>Den u\u010ditel\u016f byl vyhl\u00e1\u0161en v\u00a0roce 1955 pr\u00e1v\u011b na 28. b\u0159ezna. Tento den je v\u00fdro\u010d\u00edm narozen\u00ed snad nejzn\u00e1m\u011bj\u0161\u00edho \u010desk\u00e9ho u\u010ditele v\u0161ech dob \u2013 <strong>Jana \u00c1mose Komensk\u00e9ho<\/strong>. Vzhledem k tomu, jak byl nad\u010dasov\u00fd, m\u016f\u017ee sv\u00fdm \u017eivotem inspirovat u\u010ditele i v\u00a0dne\u0161n\u00ed dob\u011b. <\/p>\n\n\n\n<div class=\"wp-block-image\"><figure class=\"aligncenter is-resized\"><img loading=\"lazy\" decoding=\"async\" src=\"https:\/\/www.jc-correct.com\/blog\/wp-content\/uploads\/2020\/04\/Den-u\u010ditel\u016f-1024x684.jpg\" alt=\"\" class=\"wp-image-2251 lazyload\" width=\"600\" height=\"351\"\/><\/figure><\/div>\n\n\n\n<h4 class=\"wp-block-heading\">Mezin\u00e1rodn\u00ed den u\u010ditel\u016f<\/h4>\n\n\n\n<p>Jinde ve sv\u011bt\u011b se slav\u00ed <a rel=\"noreferrer noopener\" aria-label=\" (opens in a new tab)\" href=\"https:\/\/en.unesco.org\/commemorations\/worldteachersday\" target=\"_blank\">Mezin\u00e1rodn\u00ed den u\u010ditel\u016f<\/a> 5. \u0159\u00edjna. Jako mnoho dal\u0161\u00edch v\u00fdznamn\u00fdch mezin\u00e1rodn\u00edch dn\u016f, i tento den stanovila OSN, a to v&nbsp;roce 1994 (to jsme ji\u017e u n\u00e1s dlouh\u00e1 l\u00e9ta Den u\u010ditel\u016f slavili).<\/p>\n\n\n\n<p>Pr\u00e1v\u011b 5. \u0159\u00edjna 1994 se konala mezin\u00e1rodn\u00ed konference o postaven\u00ed u\u010ditel\u016f a \u010dlenov\u00e9 OSN ten den p\u0159ijali tzv. <strong>Chartu u\u010ditel\u016f<\/strong>. Je to soubor doporu\u010den\u00ed, kter\u00e1 by m\u011bly n\u00e1sledovat v\u0161echny zem\u011b, kter\u00e9 do OSN pat\u0159\u00ed. Tehdy to byl pokus sjednotit principy a my\u0161lenky pedagogiky na mezin\u00e1rodn\u00ed \u00farovni, ale jak dnes vid\u00edme, tato oblast z\u016fst\u00e1v\u00e1 v\u00a0kompetenci jednotliv\u00fdch st\u00e1t\u016f.<\/p>\n\n\n\n<div class=\"wp-block-image\"><figure class=\"aligncenter is-resized\"><img loading=\"lazy\" decoding=\"async\" src=\"https:\/\/www.jc-correct.com\/blog\/wp-content\/uploads\/2020\/04\/Den-u\u010ditel\u016f2-1-1024x684.jpg\" alt=\"\" class=\"wp-image-2258 lazyload\" width=\"600\" height=\"456\"\/><\/figure><\/div>\n\n\n\n<h4 class=\"wp-block-heading\">Jak oslavit Den u\u010ditel\u016f?<\/h4>\n\n\n\n<p>To byla \u0161petka historie. Jak ale oslavit Den u\u010ditel\u016f dnes? M\u00e1me pro v\u00e1s jeden tip. Vzpome\u0148te si na sv\u00e9 obl\u00edben\u00e9 u\u010ditele a napi\u0161te jim p\u0159\u00e1n\u00ed ke Dni u\u010ditel\u016f. Napi\u0161te jim, \u017ee jste r\u00e1di za to, co v\u00e1m p\u0159edali a co v\u00e1s nau\u010dili. U n\u00e1s v Jazykov\u00e9m centru Correct pracuje mnoho u\u010ditel\u016f, kter\u00e9 dob\u0159e zn\u00e1me. M\u016f\u017eeme zaru\u010dit, \u017ee kdykoli je n\u011bjak\u00fd student pochv\u00e1l\u00ed a pod\u011bkuje jim, tak jim to nejen ud\u011bl\u00e1 velkou radost, ale motivuje je to i do dal\u0161\u00ed pr\u00e1ce.<\/p>\n\n\n\n<p>Proto se nebojte a povzbu\u010fte na\u0161e \u010desk\u00e9 u\u010ditele, zvl\u00e1\u0161t\u011b ty, kte\u0159\u00ed pracuj\u00ed ve st\u00e1tn\u00edm \u0161kolstv\u00ed. Ty dobr\u00e9 pot\u0159ebujeme jako s\u016fl. I v Correctu uv\u00edt\u00e1me nov\u00e9 tv\u00e1\u0159e, <a href=\"https:\/\/www.jc-correct.com\/hledame-lektory\">p\u0159idejte se<\/a>.<\/p>\n\n\n\n<p>Na jak\u00e9ho u\u010ditele nejrad\u011bji vzpom\u00edn\u00e1te? Pod\u011blte se s\u00a0n\u00e1mi v\u00a0koment\u00e1\u0159\u00edch. Jestli je\u0161t\u011b nezn\u00e1te <a href=\"https:\/\/www.jc-correct.com\/nas-tym\/lektori-jazykovych-kurzu\">lektory z\u00a0Correctu<\/a>, m\u016f\u017eete se pod\u00edvat na n\u00e1\u0161 web, kde o sob\u011b ka\u017ed\u00fd n\u011bco prozradil. A kdy\u017e <a href=\"https:\/\/www.jc-correct.com\/kurzy-pro-verejnost\">zabrouzd\u00e1te v na\u0161ich nab\u00eddk\u00e1ch kurz\u016f<\/a>, uvid\u00edte nav\u00edc, kdo jak\u00e9 kurzy u\u010d\u00ed &#x1f60a;.<\/p>\n\n\n\n<p>A pokud jste sami u\u010ditelem nebo u\u010ditelkou, lektorem nebo lektorkou, p\u0159ejeme v\u00e1m v\u0161e nejlep\u0161\u00ed ke Dni u\u010ditel\u016f! A\u0165 v\u00e1s va\u0161e pr\u00e1ce nikdy nep\u0159estane bavit &#x1f60a;.<\/p>\n\n\n\n<div class=\"wp-block-image\"><figure class=\"aligncenter is-resized\"><img loading=\"lazy\" decoding=\"async\" src=\"https:\/\/www.jc-correct.com\/blog\/wp-content\/uploads\/2019\/09\/Jazykov\u00e9-centrum-Correct-1.png\" alt=\"\" class=\"wp-image-987 lazyload\" width=\"510\" height=\"254\" data-srcset=\"https:\/\/www.jc-correct.com\/blog\/wp-content\/uploads\/2019\/09\/Jazykov\u00e9-centrum-Correct-1.png 902w, https:\/\/www.jc-correct.com\/blog\/wp-content\/uploads\/2019\/09\/Jazykov\u00e9-centrum-Correct-1-300x149.png 300w, https:\/\/www.jc-correct.com\/blog\/wp-content\/uploads\/2019\/09\/Jazykov\u00e9-centrum-Correct-1-768x382.png 768w, https:\/\/www.jc-correct.com\/blog\/wp-content\/uploads\/2019\/09\/Jazykov\u00e9-centrum-Correct-1-624x311.png 624w\" sizes=\"auto\" \/><\/figure><\/div>\n","protected":false},"excerpt":{"rendered":"<p>Lid\u00e9, co maj\u00ed vliv. Lid\u00e9, co maj\u00ed z&nbsp;velk\u00e9 \u010d\u00e1sti v&nbsp;rukou n\u00e1\u0161 postoj k&nbsp;dan\u00e9 oblasti. Lid\u00e9, kte\u0159\u00ed n\u00e1m z\u016fst\u00e1vaj\u00ed v&nbsp;pam\u011bti na cel\u00fd \u017eivot. Lid\u00e9, kte\u0159\u00ed n\u00e1m \u010dastokr\u00e1t pomohli. Lid\u00e9, jejich\u017e obli\u010dej ji\u017e nechceme nikdy vid\u011bt. Lid\u00e9, kte\u0159\u00ed to mus\u00ed m\u00edt v&nbsp;krvi, aby byli dob\u0159\u00ed. Lid\u00e9, kte\u0159\u00ed svou pr\u00e1ci mus\u00ed d\u011blat s&nbsp;l\u00e1skou, jinak vyho\u0159\u00ed d\u0159\u00edv, ne\u017e by \u010dlov\u011bk \u0159ekl: u\u010ditel je skv\u011bl\u00e9 zam\u011bstn\u00e1n\u00ed. To v\u0161e se d\u00e1 \u0159\u00edct o r\u016fzn\u00fdch u\u010ditel\u00edch, kte\u0159\u00ed n\u00e1s prov\u00e1zeli na na\u0161\u00ed cest\u011b za vzd\u011bl\u00e1n\u00edm. Zp\u011btn\u011b si mnohdy \u0159\u00edk\u00e1me, \u017ee to s&nbsp;n\u00e1mi nem\u011bli jednoduch\u00e9. N\u011bkdy vzpom\u00edn\u00e1me na jejich hl\u00e1\u0161ky, kter\u00e9 n\u00e1m st\u00e1le zn\u00ed v&nbsp;u\u0161\u00edch. N\u011bkdy si uv\u011bdomujeme, \u017ee&#8230;<\/p>\n","protected":false},"author":7,"featured_media":2245,"comment_status":"closed","ping_status":"open","sticky":false,"template":"","format":"standard","meta":{"_acf_changed":false,"footnotes":""},"categories":[249,3,36,246],"tags":[761,755,749,760,758,487,756,750,752,754,650,759,748,751,753],"class_list":["post-2243","post","type-post","status-publish","format-standard","has-post-thumbnail","hentry","category-informujeme","category-novinky","category-vzdelavame","category-zajimavosti","tag-28-brezna","tag-ceske-skolstvi","tag-den-ucitelu","tag-jan-amos-komensky","tag-jazykova-skola","tag-jazykove-kurzy","tag-kurzy-cizich-jazyku","tag-lektor","tag-lektorka","tag-motivace","tag-skolstvi","tag-studenti","tag-svatek-ucitelu","tag-ucitel","tag-ucitelka"],"acf":[],"yoast_head":"<!-- This site is optimized with the Yoast SEO plugin v22.3 - https:\/\/yoast.com\/wordpress\/plugins\/seo\/ -->\n<title>Den u\u010ditel\u016f - 28. b\u0159ezna - BLOG: Jazykov\u00e9 centrum Correct<\/title>\n<meta name=\"description\" content=\"Jak a pro\u010d se slav\u00ed Den u\u010ditel\u016f? Kdy se slav\u00ed v zahrani\u010d\u00ed a kdy u n\u00e1s? Jak ho m\u016f\u017eete oslavit i vy? To a mnoh\u00e9 dal\u0161\u00ed se dozv\u00edte v na\u0161em \u010dl\u00e1nku.\" \/>\n<meta name=\"robots\" content=\"index, follow, max-snippet:-1, max-image-preview:large, max-video-preview:-1\" \/>\n<link rel=\"canonical\" href=\"https:\/\/www.jc-correct.com\/blog\/den-ucitelu-28-brezna\/\" \/>\n<meta property=\"og:locale\" content=\"cs_CZ\" \/>\n<meta property=\"og:type\" content=\"article\" \/>\n<meta property=\"og:title\" content=\"Den u\u010ditel\u016f - 28. b\u0159ezna - BLOG: Jazykov\u00e9 centrum Correct\" \/>\n<meta property=\"og:description\" content=\"Jak a pro\u010d se slav\u00ed Den u\u010ditel\u016f? Kdy se slav\u00ed v zahrani\u010d\u00ed a kdy u n\u00e1s? Jak ho m\u016f\u017eete oslavit i vy? To a mnoh\u00e9 dal\u0161\u00ed se dozv\u00edte v na\u0161em \u010dl\u00e1nku.\" \/>\n<meta property=\"og:url\" content=\"https:\/\/www.jc-correct.com\/blog\/den-ucitelu-28-brezna\/\" \/>\n<meta property=\"og:site_name\" content=\"BLOG: Jazykov\u00e9 centrum Correct\" \/>\n<meta property=\"article:publisher\" content=\"https:\/\/www.facebook.com\/correct.jazykove.centrum\/\" \/>\n<meta property=\"article:published_time\" content=\"2021-03-20T08:39:41+00:00\" \/>\n<meta property=\"article:modified_time\" content=\"2021-03-20T08:48:02+00:00\" \/>\n<meta property=\"og:image\" content=\"https:\/\/www.jc-correct.com\/blog\/wp-content\/uploads\/2020\/04\/sv\u00e1tek-u\u010ditel\u016f-1024x683.jpg\" \/>\n\t<meta property=\"og:image:width\" content=\"1024\" \/>\n\t<meta property=\"og:image:height\" content=\"683\" \/>\n\t<meta property=\"og:image:type\" content=\"image\/jpeg\" \/>\n<meta name=\"author\" content=\"Mark\u00e9ta Lorencov\u00e1\" \/>\n<meta name=\"twitter:card\" content=\"summary_large_image\" \/>\n<meta name=\"twitter:label1\" content=\"Napsal(a)\" \/>\n\t<meta name=\"twitter:data1\" content=\"Mark\u00e9ta Lorencov\u00e1\" \/>\n\t<meta name=\"twitter:label2\" content=\"Odhadovan\u00e1 doba \u010dten\u00ed\" \/>\n\t<meta name=\"twitter:data2\" content=\"3 minuty\" \/>\n<script type=\"application\/ld+json\" class=\"yoast-schema-graph\">{\"@context\":\"https:\/\/schema.org\",\"@graph\":[{\"@type\":\"Article\",\"@id\":\"https:\/\/www.jc-correct.com\/blog\/den-ucitelu-28-brezna\/#article\",\"isPartOf\":{\"@id\":\"https:\/\/www.jc-correct.com\/blog\/den-ucitelu-28-brezna\/\"},\"author\":{\"name\":\"Mark\u00e9ta Lorencov\u00e1\",\"@id\":\"https:\/\/www.jc-correct.com\/blog\/#\/schema\/person\/c98283a8e08ad197801e2b0193748e13\"},\"headline\":\"Den u\u010ditel\u016f &#8211; 28. b\u0159ezna\",\"datePublished\":\"2021-03-20T08:39:41+00:00\",\"dateModified\":\"2021-03-20T08:48:02+00:00\",\"mainEntityOfPage\":{\"@id\":\"https:\/\/www.jc-correct.com\/blog\/den-ucitelu-28-brezna\/\"},\"wordCount\":618,\"publisher\":{\"@id\":\"https:\/\/www.jc-correct.com\/blog\/#organization\"},\"image\":{\"@id\":\"https:\/\/www.jc-correct.com\/blog\/den-ucitelu-28-brezna\/#primaryimage\"},\"thumbnailUrl\":\"https:\/\/www.jc-correct.com\/blog\/wp-content\/uploads\/2020\/04\/sv\u00e1tek-u\u010ditel\u016f.jpg\",\"keywords\":[\"28. b\u0159ezna\",\"\u010desk\u00e9 \u0161kolstv\u00ed\",\"Den u\u010ditel\u016f\",\"Jan Amos Komensk\u00fd\",\"jazykov\u00e1 \u0161kola\",\"jazykov\u00e9 kurzy\",\"kurzy ciz\u00edch jazyk\u016f\",\"lektor\",\"lektorka\",\"motivace\",\"\u0161kolstv\u00ed\",\"studenti\",\"sv\u00e1tek u\u010ditel\u016f\",\"u\u010ditel\",\"u\u010ditelka\"],\"articleSection\":[\"Informujeme\",\"Novinky\",\"Vzd\u011bl\u00e1v\u00e1me\",\"Zaj\u00edmavosti\"],\"inLanguage\":\"cs\"},{\"@type\":\"WebPage\",\"@id\":\"https:\/\/www.jc-correct.com\/blog\/den-ucitelu-28-brezna\/\",\"url\":\"https:\/\/www.jc-correct.com\/blog\/den-ucitelu-28-brezna\/\",\"name\":\"Den u\u010ditel\u016f - 28. b\u0159ezna - BLOG: Jazykov\u00e9 centrum Correct\",\"isPartOf\":{\"@id\":\"https:\/\/www.jc-correct.com\/blog\/#website\"},\"primaryImageOfPage\":{\"@id\":\"https:\/\/www.jc-correct.com\/blog\/den-ucitelu-28-brezna\/#primaryimage\"},\"image\":{\"@id\":\"https:\/\/www.jc-correct.com\/blog\/den-ucitelu-28-brezna\/#primaryimage\"},\"thumbnailUrl\":\"https:\/\/www.jc-correct.com\/blog\/wp-content\/uploads\/2020\/04\/sv\u00e1tek-u\u010ditel\u016f.jpg\",\"datePublished\":\"2021-03-20T08:39:41+00:00\",\"dateModified\":\"2021-03-20T08:48:02+00:00\",\"description\":\"Jak a pro\u010d se slav\u00ed Den u\u010ditel\u016f? Kdy se slav\u00ed v zahrani\u010d\u00ed a kdy u n\u00e1s? Jak ho m\u016f\u017eete oslavit i vy? To a mnoh\u00e9 dal\u0161\u00ed se dozv\u00edte v na\u0161em \u010dl\u00e1nku.\",\"breadcrumb\":{\"@id\":\"https:\/\/www.jc-correct.com\/blog\/den-ucitelu-28-brezna\/#breadcrumb\"},\"inLanguage\":\"cs\",\"potentialAction\":[{\"@type\":\"ReadAction\",\"target\":[\"https:\/\/www.jc-correct.com\/blog\/den-ucitelu-28-brezna\/\"]}]},{\"@type\":\"ImageObject\",\"inLanguage\":\"cs\",\"@id\":\"https:\/\/www.jc-correct.com\/blog\/den-ucitelu-28-brezna\/#primaryimage\",\"url\":\"https:\/\/www.jc-correct.com\/blog\/wp-content\/uploads\/2020\/04\/sv\u00e1tek-u\u010ditel\u016f.jpg\",\"contentUrl\":\"https:\/\/www.jc-correct.com\/blog\/wp-content\/uploads\/2020\/04\/sv\u00e1tek-u\u010ditel\u016f.jpg\",\"width\":10800,\"height\":7200},{\"@type\":\"BreadcrumbList\",\"@id\":\"https:\/\/www.jc-correct.com\/blog\/den-ucitelu-28-brezna\/#breadcrumb\",\"itemListElement\":[{\"@type\":\"ListItem\",\"position\":1,\"name\":\"Dom\u016f\",\"item\":\"https:\/\/www.jc-correct.com\/blog\/\"},{\"@type\":\"ListItem\",\"position\":2,\"name\":\"Den u\u010ditel\u016f &#8211; 28. b\u0159ezna\"}]},{\"@type\":\"WebSite\",\"@id\":\"https:\/\/www.jc-correct.com\/blog\/#website\",\"url\":\"https:\/\/www.jc-correct.com\/blog\/\",\"name\":\"BLOG: Jazykov\u00e9 centrum Correct\",\"description\":\"\",\"publisher\":{\"@id\":\"https:\/\/www.jc-correct.com\/blog\/#organization\"},\"potentialAction\":[{\"@type\":\"SearchAction\",\"target\":{\"@type\":\"EntryPoint\",\"urlTemplate\":\"https:\/\/www.jc-correct.com\/blog\/?s={search_term_string}\"},\"query-input\":\"required name=search_term_string\"}],\"inLanguage\":\"cs\"},{\"@type\":\"Organization\",\"@id\":\"https:\/\/www.jc-correct.com\/blog\/#organization\",\"name\":\"Jazykov\u00e9 centrum Correct, s.r.o.\",\"url\":\"https:\/\/www.jc-correct.com\/blog\/\",\"logo\":{\"@type\":\"ImageObject\",\"inLanguage\":\"cs\",\"@id\":\"https:\/\/www.jc-correct.com\/blog\/#\/schema\/logo\/image\/\",\"url\":\"https:\/\/www.jc-correct.com\/blog\/wp-content\/uploads\/2019\/09\/logo.png\",\"contentUrl\":\"https:\/\/www.jc-correct.com\/blog\/wp-content\/uploads\/2019\/09\/logo.png\",\"width\":228,\"height\":89,\"caption\":\"Jazykov\u00e9 centrum Correct, s.r.o.\"},\"image\":{\"@id\":\"https:\/\/www.jc-correct.com\/blog\/#\/schema\/logo\/image\/\"},\"sameAs\":[\"https:\/\/www.facebook.com\/correct.jazykove.centrum\/\",\"https:\/\/www.instagram.com\/wearecorrect\/\",\"https:\/\/www.linkedin.com\/company\/correct-language-centre\/\",\"https:\/\/www.youtube.com\/channel\/UCqO47fnZwWjEqjOG57A7rZA\/featured\"]},{\"@type\":\"Person\",\"@id\":\"https:\/\/www.jc-correct.com\/blog\/#\/schema\/person\/c98283a8e08ad197801e2b0193748e13\",\"name\":\"Mark\u00e9ta Lorencov\u00e1\",\"image\":{\"@type\":\"ImageObject\",\"inLanguage\":\"cs\",\"@id\":\"https:\/\/www.jc-correct.com\/blog\/#\/schema\/person\/image\/\",\"url\":\"https:\/\/www.jc-correct.com\/blog\/wp-content\/uploads\/2019\/10\/Mark\u00e9ta_L-150x150.jpg\",\"contentUrl\":\"https:\/\/www.jc-correct.com\/blog\/wp-content\/uploads\/2019\/10\/Mark\u00e9ta_L-150x150.jpg\",\"caption\":\"Mark\u00e9ta Lorencov\u00e1\"},\"url\":\"https:\/\/www.jc-correct.com\/blog\/author\/marketa\/\"}]}<\/script>\n<!-- \/ Yoast SEO plugin. -->","yoast_head_json":{"title":"Den u\u010ditel\u016f - 28. b\u0159ezna - BLOG: Jazykov\u00e9 centrum Correct","description":"Jak a pro\u010d se slav\u00ed Den u\u010ditel\u016f? Kdy se slav\u00ed v zahrani\u010d\u00ed a kdy u n\u00e1s? Jak ho m\u016f\u017eete oslavit i vy? To a mnoh\u00e9 dal\u0161\u00ed se dozv\u00edte v na\u0161em \u010dl\u00e1nku.","robots":{"index":"index","follow":"follow","max-snippet":"max-snippet:-1","max-image-preview":"max-image-preview:large","max-video-preview":"max-video-preview:-1"},"canonical":"https:\/\/www.jc-correct.com\/blog\/den-ucitelu-28-brezna\/","og_locale":"cs_CZ","og_type":"article","og_title":"Den u\u010ditel\u016f - 28. b\u0159ezna - BLOG: Jazykov\u00e9 centrum Correct","og_description":"Jak a pro\u010d se slav\u00ed Den u\u010ditel\u016f? Kdy se slav\u00ed v zahrani\u010d\u00ed a kdy u n\u00e1s? Jak ho m\u016f\u017eete oslavit i vy? To a mnoh\u00e9 dal\u0161\u00ed se dozv\u00edte v na\u0161em \u010dl\u00e1nku.","og_url":"https:\/\/www.jc-correct.com\/blog\/den-ucitelu-28-brezna\/","og_site_name":"BLOG: Jazykov\u00e9 centrum Correct","article_publisher":"https:\/\/www.facebook.com\/correct.jazykove.centrum\/","article_published_time":"2021-03-20T08:39:41+00:00","article_modified_time":"2021-03-20T08:48:02+00:00","og_image":[{"width":1024,"height":683,"url":"https:\/\/www.jc-correct.com\/blog\/wp-content\/uploads\/2020\/04\/sv\u00e1tek-u\u010ditel\u016f-1024x683.jpg","type":"image\/jpeg"}],"author":"Mark\u00e9ta Lorencov\u00e1","twitter_card":"summary_large_image","twitter_misc":{"Napsal(a)":"Mark\u00e9ta Lorencov\u00e1","Odhadovan\u00e1 doba \u010dten\u00ed":"3 minuty"},"schema":{"@context":"https:\/\/schema.org","@graph":[{"@type":"Article","@id":"https:\/\/www.jc-correct.com\/blog\/den-ucitelu-28-brezna\/#article","isPartOf":{"@id":"https:\/\/www.jc-correct.com\/blog\/den-ucitelu-28-brezna\/"},"author":{"name":"Mark\u00e9ta Lorencov\u00e1","@id":"https:\/\/www.jc-correct.com\/blog\/#\/schema\/person\/c98283a8e08ad197801e2b0193748e13"},"headline":"Den u\u010ditel\u016f &#8211; 28. b\u0159ezna","datePublished":"2021-03-20T08:39:41+00:00","dateModified":"2021-03-20T08:48:02+00:00","mainEntityOfPage":{"@id":"https:\/\/www.jc-correct.com\/blog\/den-ucitelu-28-brezna\/"},"wordCount":618,"publisher":{"@id":"https:\/\/www.jc-correct.com\/blog\/#organization"},"image":{"@id":"https:\/\/www.jc-correct.com\/blog\/den-ucitelu-28-brezna\/#primaryimage"},"thumbnailUrl":"https:\/\/www.jc-correct.com\/blog\/wp-content\/uploads\/2020\/04\/sv\u00e1tek-u\u010ditel\u016f.jpg","keywords":["28. b\u0159ezna","\u010desk\u00e9 \u0161kolstv\u00ed","Den u\u010ditel\u016f","Jan Amos Komensk\u00fd","jazykov\u00e1 \u0161kola","jazykov\u00e9 kurzy","kurzy ciz\u00edch jazyk\u016f","lektor","lektorka","motivace","\u0161kolstv\u00ed","studenti","sv\u00e1tek u\u010ditel\u016f","u\u010ditel","u\u010ditelka"],"articleSection":["Informujeme","Novinky","Vzd\u011bl\u00e1v\u00e1me","Zaj\u00edmavosti"],"inLanguage":"cs"},{"@type":"WebPage","@id":"https:\/\/www.jc-correct.com\/blog\/den-ucitelu-28-brezna\/","url":"https:\/\/www.jc-correct.com\/blog\/den-ucitelu-28-brezna\/","name":"Den u\u010ditel\u016f - 28. b\u0159ezna - BLOG: Jazykov\u00e9 centrum Correct","isPartOf":{"@id":"https:\/\/www.jc-correct.com\/blog\/#website"},"primaryImageOfPage":{"@id":"https:\/\/www.jc-correct.com\/blog\/den-ucitelu-28-brezna\/#primaryimage"},"image":{"@id":"https:\/\/www.jc-correct.com\/blog\/den-ucitelu-28-brezna\/#primaryimage"},"thumbnailUrl":"https:\/\/www.jc-correct.com\/blog\/wp-content\/uploads\/2020\/04\/sv\u00e1tek-u\u010ditel\u016f.jpg","datePublished":"2021-03-20T08:39:41+00:00","dateModified":"2021-03-20T08:48:02+00:00","description":"Jak a pro\u010d se slav\u00ed Den u\u010ditel\u016f? Kdy se slav\u00ed v zahrani\u010d\u00ed a kdy u n\u00e1s? Jak ho m\u016f\u017eete oslavit i vy? To a mnoh\u00e9 dal\u0161\u00ed se dozv\u00edte v na\u0161em \u010dl\u00e1nku.","breadcrumb":{"@id":"https:\/\/www.jc-correct.com\/blog\/den-ucitelu-28-brezna\/#breadcrumb"},"inLanguage":"cs","potentialAction":[{"@type":"ReadAction","target":["https:\/\/www.jc-correct.com\/blog\/den-ucitelu-28-brezna\/"]}]},{"@type":"ImageObject","inLanguage":"cs","@id":"https:\/\/www.jc-correct.com\/blog\/den-ucitelu-28-brezna\/#primaryimage","url":"https:\/\/www.jc-correct.com\/blog\/wp-content\/uploads\/2020\/04\/sv\u00e1tek-u\u010ditel\u016f.jpg","contentUrl":"https:\/\/www.jc-correct.com\/blog\/wp-content\/uploads\/2020\/04\/sv\u00e1tek-u\u010ditel\u016f.jpg","width":10800,"height":7200},{"@type":"BreadcrumbList","@id":"https:\/\/www.jc-correct.com\/blog\/den-ucitelu-28-brezna\/#breadcrumb","itemListElement":[{"@type":"ListItem","position":1,"name":"Dom\u016f","item":"https:\/\/www.jc-correct.com\/blog\/"},{"@type":"ListItem","position":2,"name":"Den u\u010ditel\u016f &#8211; 28. b\u0159ezna"}]},{"@type":"WebSite","@id":"https:\/\/www.jc-correct.com\/blog\/#website","url":"https:\/\/www.jc-correct.com\/blog\/","name":"BLOG: Jazykov\u00e9 centrum Correct","description":"","publisher":{"@id":"https:\/\/www.jc-correct.com\/blog\/#organization"},"potentialAction":[{"@type":"SearchAction","target":{"@type":"EntryPoint","urlTemplate":"https:\/\/www.jc-correct.com\/blog\/?s={search_term_string}"},"query-input":"required name=search_term_string"}],"inLanguage":"cs"},{"@type":"Organization","@id":"https:\/\/www.jc-correct.com\/blog\/#organization","name":"Jazykov\u00e9 centrum Correct, s.r.o.","url":"https:\/\/www.jc-correct.com\/blog\/","logo":{"@type":"ImageObject","inLanguage":"cs","@id":"https:\/\/www.jc-correct.com\/blog\/#\/schema\/logo\/image\/","url":"https:\/\/www.jc-correct.com\/blog\/wp-content\/uploads\/2019\/09\/logo.png","contentUrl":"https:\/\/www.jc-correct.com\/blog\/wp-content\/uploads\/2019\/09\/logo.png","width":228,"height":89,"caption":"Jazykov\u00e9 centrum Correct, s.r.o."},"image":{"@id":"https:\/\/www.jc-correct.com\/blog\/#\/schema\/logo\/image\/"},"sameAs":["https:\/\/www.facebook.com\/correct.jazykove.centrum\/","https:\/\/www.instagram.com\/wearecorrect\/","https:\/\/www.linkedin.com\/company\/correct-language-centre\/","https:\/\/www.youtube.com\/channel\/UCqO47fnZwWjEqjOG57A7rZA\/featured"]},{"@type":"Person","@id":"https:\/\/www.jc-correct.com\/blog\/#\/schema\/person\/c98283a8e08ad197801e2b0193748e13","name":"Mark\u00e9ta Lorencov\u00e1","image":{"@type":"ImageObject","inLanguage":"cs","@id":"https:\/\/www.jc-correct.com\/blog\/#\/schema\/person\/image\/","url":"https:\/\/www.jc-correct.com\/blog\/wp-content\/uploads\/2019\/10\/Mark\u00e9ta_L-150x150.jpg","contentUrl":"https:\/\/www.jc-correct.com\/blog\/wp-content\/uploads\/2019\/10\/Mark\u00e9ta_L-150x150.jpg","caption":"Mark\u00e9ta Lorencov\u00e1"},"url":"https:\/\/www.jc-correct.com\/blog\/author\/marketa\/"}]}},"_links":{"self":[{"href":"https:\/\/www.jc-correct.com\/blog\/wp-json\/wp\/v2\/posts\/2243","targetHints":{"allow":["GET"]}}],"collection":[{"href":"https:\/\/www.jc-correct.com\/blog\/wp-json\/wp\/v2\/posts"}],"about":[{"href":"https:\/\/www.jc-correct.com\/blog\/wp-json\/wp\/v2\/types\/post"}],"author":[{"embeddable":true,"href":"https:\/\/www.jc-correct.com\/blog\/wp-json\/wp\/v2\/users\/7"}],"replies":[{"embeddable":true,"href":"https:\/\/www.jc-correct.com\/blog\/wp-json\/wp\/v2\/comments?post=2243"}],"version-history":[{"count":9,"href":"https:\/\/www.jc-correct.com\/blog\/wp-json\/wp\/v2\/posts\/2243\/revisions"}],"predecessor-version":[{"id":3146,"href":"https:\/\/www.jc-correct.com\/blog\/wp-json\/wp\/v2\/posts\/2243\/revisions\/3146"}],"wp:featuredmedia":[{"embeddable":true,"href":"https:\/\/www.jc-correct.com\/blog\/wp-json\/wp\/v2\/media\/2245"}],"wp:attachment":[{"href":"https:\/\/www.jc-correct.com\/blog\/wp-json\/wp\/v2\/media?parent=2243"}],"wp:term":[{"taxonomy":"category","embeddable":true,"href":"https:\/\/www.jc-correct.com\/blog\/wp-json\/wp\/v2\/categories?post=2243"},{"taxonomy":"post_tag","embeddable":true,"href":"https:\/\/www.jc-correct.com\/blog\/wp-json\/wp\/v2\/tags?post=2243"}],"curies":[{"name":"wp","href":"https:\/\/api.w.org\/{rel}","templated":true}]}}