{"id":2041,"date":"2025-02-07T17:16:18","date_gmt":"2025-02-07T16:16:18","guid":{"rendered":"https:\/\/www.jc-correct.com\/blog\/?p=2041"},"modified":"2025-06-02T17:22:10","modified_gmt":"2025-06-02T15:22:10","slug":"mezinarodni-den-materskeho-jazyka-21-unora","status":"publish","type":"post","link":"https:\/\/www.jc-correct.com\/blog\/mezinarodni-den-materskeho-jazyka-21-unora\/","title":{"rendered":"Mezin\u00e1rodn\u00ed den mate\u0159sk\u00e9ho jazyka &#8211; 21. \u00fanora"},"content":{"rendered":"\n<p>My, \u010ce\u0161i, bychom m\u011bli b\u00fdt zajist\u00e9 vd\u011b\u010dn\u00ed, \u017ee \u010de\u0161tina je na\u0161\u00edm mate\u0159sk\u00fdm jazykem. Milujete n\u00e1\u0161 mate\u0159sk\u00fd jazyk? Pak v\u00e1\u0161 d\u016fvod pro vd\u011b\u010dnost bude pravd\u011bpodobn\u011b ten, \u017ee je \u010de\u0161tina nekone\u010dn\u011b barvit\u00fdm a malebn\u00fdm jazykem, kter\u00fd v\u00a0sob\u011b skr\u00fdv\u00e1 \u010d\u00e1st na\u0161\u00ed \u010desk\u00e9 kultury. D\u011bl\u00e1 se v\u00e1m p\u0159i pomy\u0161len\u00ed na hodiny \u010de\u0161tiny v\u00a0dob\u00e1ch va\u0161ich studi\u00ed nevolno? Jste r\u00e1di, \u017ee snad u\u017e nikdy nebudete muset ps\u00e1t dikt\u00e1t? I vy m\u00e1te d\u016fvod k\u00a0vd\u011b\u010dnosti. P\u0159edstavte si, \u017ee byste se m\u00edsto takov\u00e9 angli\u010dtiny nebo n\u011bm\u010diny museli u\u010dit \u010desky. P\u0159iznejme si, \u017ee by to pro mnoh\u00e9 z n\u00e1s byla celkem v\u00fdzva. P\u0159esto se na sv\u011bt\u011b najdou state\u010dn\u00ed jedinci, <a href=\"https:\/\/www.jc-correct.com\/kurzy-cestiny-brno\">kte\u0159\u00ed se \u010desky u\u010d\u00ed<\/a>. U n\u00e1s v <a href=\"https:\/\/www.jc-correct.com\/\">Jazykov\u00e9m centru Correct<\/a> m\u00e1me tu \u010dest jich potk\u00e1vat nespo\u010det. A\u0165 u\u017e \u010de\u0161tinu milujete nebo s n\u00ed trochu z\u00e1pas\u00edte, oslavte s n\u00e1mi i vy <strong>Mezin\u00e1rodn\u00ed den mate\u0159sk\u00e9ho jazyka<\/strong>.<\/p>\n\n\n\n<h3 class=\"wp-block-heading\">\u010ce\u0161tina je v\u00fdzva<\/h3>\n\n\n\n<p>Pro\u010d je vlastn\u011b \u010de\u0161tina takov\u00fdm o\u0159\u00ed\u0161kem? \u017deb\u0159\u00ed\u010dky nejt\u011b\u017e\u0161\u00edch jazyk\u016f sv\u011bta se r\u016fzn\u00ed, \u010de\u0161tina (spole\u010dn\u011b s ru\u0161tinou \u010di pol\u0161tinou) se v\u0161ak pohybuj\u00ed v\u00a0prvn\u00ed des\u00edtce. Jako absolutn\u011b nejt\u011b\u017e\u0161\u00ed jazyk se v\u011bt\u0161inou vn\u00edm\u00e1 ugrofinsk\u00fd jazyk fin\u0161tina, d\u00e1le pak ma\u010far\u0161tina, <a href=\"https:\/\/www.jc-correct.com\/cinsky-jazyk\" target=\"_blank\" rel=\"noreferrer noopener\">\u010d\u00edn\u0161tina<\/a> \u010di japon\u0161tina.<\/p>\n\n\n\n<p>Z\u00e1le\u017e\u00ed v\u0161ak tak\u00e9 na tom, kdo se \u010de\u0161tinu u\u010d\u00ed. Pro lidi z&nbsp;Ruska to nebude tak n\u00e1ro\u010dn\u00fd \u00fakol, a\u010dkoli se mus\u00ed nau\u010dit na\u0161i abecedu. \u010ce\u0161tina i&nbsp;ru\u0161tina jsou slovansk\u00e9 jazyky a maj\u00ed podobn\u00fd z\u00e1klad. Pro anglicky nebo n\u011bmecky mluv\u00edc\u00ed \u010di pro znalce rom\u00e1nsk\u00fdch jazyk\u016f je v\u0161ak \u010de\u0161tina velkou nezn\u00e1mou. Sedm p\u00e1d\u016f, ve kter\u00fdch mus\u00ed sklo\u0148ovat nejen podstatn\u00e1 jm\u00e9na, ale i z\u00e1jmena a p\u0159\u00eddavn\u00e1 jm\u00e9na, jim d\u00e1v\u00e1 zabrat. A co teprve nau\u010dit se v\u0161echny rody? A to se je\u0161t\u011b mu\u017esk\u00fd rod d\u011bl\u00ed na \u017eivotn\u00fd a ne\u017eivotn\u00fd. Dokonav\u00fd a nedokonav\u00fd vid je takovou \u201ekyselou t\u0159e\u0161ni\u010dkou na dortu\u201c. <\/p>\n\n\n\n<h3 class=\"wp-block-heading\">\u010ce\u0161tina je jazykolam<\/h3>\n\n\n\n<p>Jen si p\u0159edstavte, jak matouc\u00ed mus\u00ed b\u00fdt, kdy\u017e takov\u00fd Angli\u010dan vid\u00ed ve v\u011bt\u011b slovo Jana. Mysl\u00ed si, \u017ee je to \u017eena, ale on je to ve skute\u010dnosti Jan ve 4. p\u00e1d\u011b. Zkuste p\u0159esv\u011bd\u010dit t\u0159eba Francouze, aby v\u00e1m p\u0159e\u010detl \u201e<em>Str\u010d prst skrz krk<\/em>\u201c. Nebo poproste N\u011bmce, aby \u0159ekl \u201e<em>\u0159e\u0159icha<\/em>\u201c. Ostatn\u011b o \u0159e\u0159ichu m\u016f\u017eete poprosit kohokoli, i Slov\u00e1k v\u00e1s pobav\u00ed sv\u00fdm \u201e\u017ee\u017eicha\u201c. P\u00edsmeno <strong>\u0158<\/strong> je \u010dist\u011b \u010deskou specialitou.<\/p>\n\n\n\n<h3 class=\"wp-block-heading\">\u010ce\u0161tina je jedn\u00edm z 7000 sv\u011btov\u00fdch jazyk\u016f<\/h3>\n\n\n\n<p>Jak vid\u00edte, i n\u00e1\u0161 mate\u0159sk\u00fd jazyk si zaslou\u017e\u00ed sv\u016fj den. V&nbsp;roce 1999 proto organizace UNESCO ustanovila den 21. \u00fanora jako Mezin\u00e1rodn\u00ed den mate\u0159sk\u00e9ho jazyka za \u00fa\u010delem, abychom si p\u0159ipomn\u011bli, \u017ee t\u011bch zhruba <strong>7000<\/strong> jazyk\u016f, kter\u00e9 na sv\u011bt\u011b m\u00e1me, stoj\u00ed za to chr\u00e1nit a u\u010dit se je. V\u011bd\u011bli jste, \u017ee asi <strong>2400<\/strong> z&nbsp;nich hroz\u00ed vyhynut\u00ed, proto\u017ee nemaj\u00ed p\u00edsemnou formu a budou \u017e\u00edt jen tak dlouho, dokud budou \u017e\u00edt lid\u00e9, kte\u0159\u00ed t\u00edmto jazykem mluv\u00ed? <\/p>\n\n\n\n<p>Mate\u0159sk\u00fd jazyk je nevyhnuteln\u011b sou\u010d\u00e1st na\u0161\u00ed identity a najdeme v&nbsp;n\u011bm kulturn\u00ed d\u011bdictv\u00ed, o kter\u00e9 se mus\u00edme starat. Proto se ka\u017ed\u00fd rok na Mezin\u00e1rodn\u00ed den mate\u0159sk\u00e9ho jazyka po\u0159\u00e1d\u00e1 spousta kulturn\u00edch a vzd\u011bl\u00e1vac\u00edch akc\u00ed po cel\u00e9m sv\u011bt\u011b. Jak Mezin\u00e1rodn\u00ed den mate\u0159sk\u00e9ho jazyka oslav\u00edte vy? Zkuste zap\u00e1trat po n\u011bjak\u00e9 specialit\u011b \u010desk\u00e9ho jazyka a pochlubte se s&nbsp;n\u00ed v&nbsp;koment\u00e1\u0159\u00edch.<\/p>\n\n\n<div class=\"wp-block-image\">\n<figure class=\"aligncenter\"><img loading=\"lazy\" decoding=\"async\" width=\"940\" height=\"620\" src=\"https:\/\/www.jc-correct.com\/blog\/wp-content\/uploads\/2020\/03\/mezin\u00e1rodn\u00ed-den-mate\u0159sk\u00e9ho-jazyka-strom.jpg\" alt=\"\" class=\"wp-image-2050 lazyload\" data-srcset=\"https:\/\/www.jc-correct.com\/blog\/wp-content\/uploads\/2020\/03\/mezin\u00e1rodn\u00ed-den-mate\u0159sk\u00e9ho-jazyka-strom.jpg 940w, https:\/\/www.jc-correct.com\/blog\/wp-content\/uploads\/2020\/03\/mezin\u00e1rodn\u00ed-den-mate\u0159sk\u00e9ho-jazyka-strom-300x198.jpg 300w, https:\/\/www.jc-correct.com\/blog\/wp-content\/uploads\/2020\/03\/mezin\u00e1rodn\u00ed-den-mate\u0159sk\u00e9ho-jazyka-strom-768x507.jpg 768w\" sizes=\"auto\" \/><figcaption class=\"wp-element-caption\">Strom jazykov\u00fdch rodin<\/figcaption><\/figure>\n<\/div>\n\n\n<h3 class=\"wp-block-heading\"> <strong>I am not smelling myself in my leather today<\/strong> <\/h3>\n\n\n\n<p>Nakonec tu m\u00e1me n\u011bco pro legraci. Autor nen\u00ed zn\u00e1m, ale d\u011bkujeme mu za pobaven\u00ed. P\u0159ipomn\u011bl n\u00e1m t\u00edm, jak je \u010de\u0161tina nenahraditeln\u00e1 a \u017ee ji nelze p\u0159ekl\u00e1dat doslovn\u011b, jinak vznikne \u00fapln\u00fd nesmysl.<\/p>\n\n\n\n<p class=\"has-text-align-center\">\u0161koda mluvit = <strong>damage to speak<\/strong><br> nebu\u010f labu\u0165 = <strong>don&#8217;t wake up a swan<\/strong><br> odpo\u010d\u00edvej v&nbsp;pokoji = <strong>relax in the living room<\/strong><br> kde se vzala, tu se vzala = <strong>where she married herself, here she married herself<\/strong><br> ta\u017en\u00ed pt\u00e1ci = <strong>pulling birds<\/strong><br> tr\u00e1vic\u00ed \u00fastroj\u00ed = <strong>poisoning mechanism<\/strong><br> v\u00fdb\u011brov\u00e9 \u0159\u00edzen\u00ed = <strong>selective driving<\/strong><br> vinn\u00e9 sklepy = <strong>guilty basements<\/strong><br> p\u00e1rek milenc\u016f = <strong>sausage of lovers<\/strong><br> je mazan\u00e1 jako li\u0161ka = <strong>she is lubricated like a fox<\/strong><br> vrhl na ni dlouh\u00fd pohled =<strong> he vomitted a long postcard on her&nbsp;<\/strong><br> tv\u00e9 o\u010di z\u00e1\u0159\u00ed = <strong>your eyes September<\/strong><br> nec\u00edt\u00edm se dnes ve sv\u00e9 k\u016f\u017ei = <strong>I am not smelling myself in my leather today<\/strong><br> p\u0159esta\u0148 mi pl\u00e9st hlavu = <strong>stop knitting my head<\/strong><br> mistr sv\u011bta v tanc\u00edch na led\u011b = <strong>world champion in tanks on ice&nbsp;<\/strong> <br> <\/p>\n\n\n\n<p>\u010ce\u0161tina je n\u011bkdy o\u0159\u00ed\u0161kem i pro n\u00e1s, \u010cechy. P\u0159ihlaste se na n\u00e1\u0161 <a href=\"https:\/\/www.jc-correct.com\/cestina-pro-cechy\/\">kurz \u010de\u0161tiny pro \u010cechy<\/a> a p\u0159ipome\u0148te si z\u00e1ludn\u00e1 m\u00edsta na\u0161eho mate\u0159sk\u00e9ho jazyka. Pokud pot\u0159ebujete t\u0159eba p\u0159i psan\u00ed e-mail\u016f ov\u011b\u0159it spr\u00e1vnost slov, skv\u011ble v\u00e1m porad\u00ed <a rel=\"noreferrer noopener\" aria-label=\"Internetov\u00e1 p\u0159\u00edru\u010dka \u010desk\u00e9ho jazyka (opens in a new tab)\" href=\"https:\/\/prirucka.ujc.cas.cz\/\" target=\"_blank\">Internetov\u00e1 p\u0159\u00edru\u010dka \u010desk\u00e9ho jazyka<\/a>.<\/p>\n\n\n\n<p>Pokud m\u00e1te v&nbsp;bl\u00edzkosti n\u011bkoho, kdo se k&nbsp;n\u00e1m p\u0159ist\u011bhoval ze zahrani\u010d\u00ed a cht\u011bl by se \u010de\u0161tinu u\u010dit pravideln\u011b, m\u016f\u017eete mu poslat odkaz na <a href=\"https:\/\/www.jc-correct.com\/kurzy-cestiny-brno\">kurzy \u010de\u0161tiny pro cizince<\/a>, kter\u00e9 se u n\u00e1s t\u011b\u0161\u00ed velk\u00e9 oblib\u011b. <a href=\"https:\/\/www.jc-correct.com\/kontaktni-informace\">Nev\u00e1hejte<\/a> se na n\u00e1s obr\u00e1tit a jak\u00fdmkoli dotazem. <\/p>\n","protected":false},"excerpt":{"rendered":"<p>My, \u010ce\u0161i, bychom m\u011bli b\u00fdt zajist\u00e9 vd\u011b\u010dn\u00ed, \u017ee \u010de\u0161tina je na\u0161\u00edm mate\u0159sk\u00fdm jazykem. Milujete n\u00e1\u0161 mate\u0159sk\u00fd jazyk? Pak v\u00e1\u0161 d\u016fvod pro vd\u011b\u010dnost bude pravd\u011bpodobn\u011b ten, \u017ee je \u010de\u0161tina nekone\u010dn\u011b barvit\u00fdm a malebn\u00fdm jazykem, kter\u00fd v\u00a0sob\u011b skr\u00fdv\u00e1 \u010d\u00e1st na\u0161\u00ed \u010desk\u00e9 kultury. D\u011bl\u00e1 se v\u00e1m p\u0159i pomy\u0161len\u00ed na hodiny \u010de\u0161tiny v\u00a0dob\u00e1ch va\u0161ich studi\u00ed nevolno? Jste r\u00e1di, \u017ee snad u\u017e nikdy nebudete muset ps\u00e1t dikt\u00e1t? I vy m\u00e1te d\u016fvod k\u00a0vd\u011b\u010dnosti. P\u0159edstavte si, \u017ee byste se m\u00edsto takov\u00e9 angli\u010dtiny nebo n\u011bm\u010diny museli u\u010dit \u010desky. P\u0159iznejme si, \u017ee by to pro mnoh\u00e9 z n\u00e1s byla celkem v\u00fdzva. P\u0159esto se na sv\u011bt\u011b najdou state\u010dn\u00ed jedinci, kte\u0159\u00ed&#8230;<\/p>\n","protected":false},"author":5,"featured_media":2049,"comment_status":"closed","ping_status":"open","sticky":false,"template":"","format":"standard","meta":{"_acf_changed":false,"footnotes":""},"categories":[249,36],"tags":[657,584,655,582,17,660,661,663,656,658,659,664,662,336],"class_list":["post-2041","post","type-post","status-publish","format-standard","has-post-thumbnail","hentry","category-informujeme","category-vzdelavame","tag-21-unor","tag-cesky-jazyk","tag-cesky-jazyk-pro-cechy","tag-cestina","tag-cestina-pro-cizince","tag-jazykolam","tag-jazykolamy","tag-matersky-jazyk","tag-mezinarodni-den-materskeho-jazyka","tag-pravopis","tag-pravopisne-chyby","tag-svetove-jazyky","tag-unesco","tag-zajimavosti-ceskeho-jazyka"],"acf":[],"yoast_head":"<!-- This site is optimized with the Yoast SEO plugin v22.3 - https:\/\/yoast.com\/wordpress\/plugins\/seo\/ -->\n<title>Mezin\u00e1rodn\u00ed den mate\u0159sk\u00e9ho jazyka - 21. \u00fanora - BLOG: Jazykov\u00e9 centrum Correct<\/title>\n<meta name=\"description\" content=\"M\u00e1te r\u00e1di n\u00e1\u0161 mate\u0159sk\u00fd jazyk? \u010c\u00edm je pro cizince \u010de\u0161tina n\u00e1ro\u010dn\u00e1? Kdy a pro\u010d se slav\u00ed Mezin\u00e1rodn\u00ed den mate\u0159sk\u00e9ho jazyka? Odpov\u011bdi naleznete v na\u0161em \u010dl\u00e1nku.\" \/>\n<meta name=\"robots\" content=\"index, follow, max-snippet:-1, max-image-preview:large, max-video-preview:-1\" \/>\n<link rel=\"canonical\" href=\"https:\/\/www.jc-correct.com\/blog\/mezinarodni-den-materskeho-jazyka-21-unora\/\" \/>\n<meta property=\"og:locale\" content=\"cs_CZ\" \/>\n<meta property=\"og:type\" content=\"article\" \/>\n<meta property=\"og:title\" content=\"Mezin\u00e1rodn\u00ed den mate\u0159sk\u00e9ho jazyka - 21. \u00fanora - BLOG: Jazykov\u00e9 centrum Correct\" \/>\n<meta property=\"og:description\" content=\"M\u00e1te r\u00e1di n\u00e1\u0161 mate\u0159sk\u00fd jazyk? \u010c\u00edm je pro cizince \u010de\u0161tina n\u00e1ro\u010dn\u00e1? Kdy a pro\u010d se slav\u00ed Mezin\u00e1rodn\u00ed den mate\u0159sk\u00e9ho jazyka? Odpov\u011bdi naleznete v na\u0161em \u010dl\u00e1nku.\" \/>\n<meta property=\"og:url\" content=\"https:\/\/www.jc-correct.com\/blog\/mezinarodni-den-materskeho-jazyka-21-unora\/\" \/>\n<meta property=\"og:site_name\" content=\"BLOG: Jazykov\u00e9 centrum Correct\" \/>\n<meta property=\"article:publisher\" content=\"https:\/\/www.facebook.com\/correct.jazykove.centrum\/\" \/>\n<meta property=\"article:author\" content=\"https:\/\/www.facebook.com\/correct.jazykove.centrum\/\" \/>\n<meta property=\"article:published_time\" content=\"2025-02-07T16:16:18+00:00\" \/>\n<meta property=\"article:modified_time\" content=\"2025-06-02T15:22:10+00:00\" \/>\n<meta property=\"og:image\" content=\"https:\/\/www.jc-correct.com\/blog\/wp-content\/uploads\/2020\/03\/mezin\u00e1rodn\u00ed-den-mate\u0159sk\u00e9ho-jazyka.jpg\" \/>\n\t<meta property=\"og:image:width\" content=\"4928\" \/>\n\t<meta property=\"og:image:height\" content=\"3264\" \/>\n\t<meta property=\"og:image:type\" content=\"image\/jpeg\" \/>\n<meta name=\"author\" content=\"Jazykov\u00e9 centrum Correct\" \/>\n<meta name=\"twitter:card\" content=\"summary_large_image\" \/>\n<meta name=\"twitter:label1\" content=\"Napsal(a)\" \/>\n\t<meta name=\"twitter:data1\" content=\"Jazykov\u00e9 centrum Correct\" \/>\n\t<meta name=\"twitter:label2\" content=\"Odhadovan\u00e1 doba \u010dten\u00ed\" \/>\n\t<meta name=\"twitter:data2\" content=\"5 minut\" \/>\n<script type=\"application\/ld+json\" class=\"yoast-schema-graph\">{\"@context\":\"https:\/\/schema.org\",\"@graph\":[{\"@type\":\"Article\",\"@id\":\"https:\/\/www.jc-correct.com\/blog\/mezinarodni-den-materskeho-jazyka-21-unora\/#article\",\"isPartOf\":{\"@id\":\"https:\/\/www.jc-correct.com\/blog\/mezinarodni-den-materskeho-jazyka-21-unora\/\"},\"author\":{\"name\":\"Jazykov\u00e9 centrum Correct\",\"@id\":\"https:\/\/www.jc-correct.com\/blog\/#\/schema\/person\/b9bf371b1acd1da12d78ae5cc8021d60\"},\"headline\":\"Mezin\u00e1rodn\u00ed den mate\u0159sk\u00e9ho jazyka &#8211; 21. \u00fanora\",\"datePublished\":\"2025-02-07T16:16:18+00:00\",\"dateModified\":\"2025-06-02T15:22:10+00:00\",\"mainEntityOfPage\":{\"@id\":\"https:\/\/www.jc-correct.com\/blog\/mezinarodni-den-materskeho-jazyka-21-unora\/\"},\"wordCount\":988,\"publisher\":{\"@id\":\"https:\/\/www.jc-correct.com\/blog\/#organization\"},\"image\":{\"@id\":\"https:\/\/www.jc-correct.com\/blog\/mezinarodni-den-materskeho-jazyka-21-unora\/#primaryimage\"},\"thumbnailUrl\":\"https:\/\/www.jc-correct.com\/blog\/wp-content\/uploads\/2020\/03\/mezin\u00e1rodn\u00ed-den-mate\u0159sk\u00e9ho-jazyka.jpg\",\"keywords\":[\"21. \u00fanor\",\"\u010desk\u00fd jazyk\",\"\u010desk\u00fd jazyk pro \u010cechy\",\"\u010de\u0161tina\",\"\u010de\u0161tina pro cizince\",\"jazykolam\",\"jazykolamy\",\"mate\u0159sk\u00fd jazyk\",\"Mezin\u00e1rodn\u00ed den mate\u0159sk\u00e9ho jazyka\",\"pravopis\",\"pravopisn\u00e9 chyby\",\"sv\u011btov\u00e9 jazyky\",\"UNESCO\",\"zaj\u00edmavosti \u010desk\u00e9ho jazyka\"],\"articleSection\":[\"Informujeme\",\"Vzd\u011bl\u00e1v\u00e1me\"],\"inLanguage\":\"cs\"},{\"@type\":\"WebPage\",\"@id\":\"https:\/\/www.jc-correct.com\/blog\/mezinarodni-den-materskeho-jazyka-21-unora\/\",\"url\":\"https:\/\/www.jc-correct.com\/blog\/mezinarodni-den-materskeho-jazyka-21-unora\/\",\"name\":\"Mezin\u00e1rodn\u00ed den mate\u0159sk\u00e9ho jazyka - 21. \u00fanora - BLOG: Jazykov\u00e9 centrum Correct\",\"isPartOf\":{\"@id\":\"https:\/\/www.jc-correct.com\/blog\/#website\"},\"primaryImageOfPage\":{\"@id\":\"https:\/\/www.jc-correct.com\/blog\/mezinarodni-den-materskeho-jazyka-21-unora\/#primaryimage\"},\"image\":{\"@id\":\"https:\/\/www.jc-correct.com\/blog\/mezinarodni-den-materskeho-jazyka-21-unora\/#primaryimage\"},\"thumbnailUrl\":\"https:\/\/www.jc-correct.com\/blog\/wp-content\/uploads\/2020\/03\/mezin\u00e1rodn\u00ed-den-mate\u0159sk\u00e9ho-jazyka.jpg\",\"datePublished\":\"2025-02-07T16:16:18+00:00\",\"dateModified\":\"2025-06-02T15:22:10+00:00\",\"description\":\"M\u00e1te r\u00e1di n\u00e1\u0161 mate\u0159sk\u00fd jazyk? \u010c\u00edm je pro cizince \u010de\u0161tina n\u00e1ro\u010dn\u00e1? Kdy a pro\u010d se slav\u00ed Mezin\u00e1rodn\u00ed den mate\u0159sk\u00e9ho jazyka? Odpov\u011bdi naleznete v na\u0161em \u010dl\u00e1nku.\",\"breadcrumb\":{\"@id\":\"https:\/\/www.jc-correct.com\/blog\/mezinarodni-den-materskeho-jazyka-21-unora\/#breadcrumb\"},\"inLanguage\":\"cs\",\"potentialAction\":[{\"@type\":\"ReadAction\",\"target\":[\"https:\/\/www.jc-correct.com\/blog\/mezinarodni-den-materskeho-jazyka-21-unora\/\"]}]},{\"@type\":\"ImageObject\",\"inLanguage\":\"cs\",\"@id\":\"https:\/\/www.jc-correct.com\/blog\/mezinarodni-den-materskeho-jazyka-21-unora\/#primaryimage\",\"url\":\"https:\/\/www.jc-correct.com\/blog\/wp-content\/uploads\/2020\/03\/mezin\u00e1rodn\u00ed-den-mate\u0159sk\u00e9ho-jazyka.jpg\",\"contentUrl\":\"https:\/\/www.jc-correct.com\/blog\/wp-content\/uploads\/2020\/03\/mezin\u00e1rodn\u00ed-den-mate\u0159sk\u00e9ho-jazyka.jpg\",\"width\":4928,\"height\":3264},{\"@type\":\"BreadcrumbList\",\"@id\":\"https:\/\/www.jc-correct.com\/blog\/mezinarodni-den-materskeho-jazyka-21-unora\/#breadcrumb\",\"itemListElement\":[{\"@type\":\"ListItem\",\"position\":1,\"name\":\"Dom\u016f\",\"item\":\"https:\/\/www.jc-correct.com\/blog\/\"},{\"@type\":\"ListItem\",\"position\":2,\"name\":\"Mezin\u00e1rodn\u00ed den mate\u0159sk\u00e9ho jazyka &#8211; 21. \u00fanora\"}]},{\"@type\":\"WebSite\",\"@id\":\"https:\/\/www.jc-correct.com\/blog\/#website\",\"url\":\"https:\/\/www.jc-correct.com\/blog\/\",\"name\":\"BLOG: Jazykov\u00e9 centrum Correct\",\"description\":\"\",\"publisher\":{\"@id\":\"https:\/\/www.jc-correct.com\/blog\/#organization\"},\"potentialAction\":[{\"@type\":\"SearchAction\",\"target\":{\"@type\":\"EntryPoint\",\"urlTemplate\":\"https:\/\/www.jc-correct.com\/blog\/?s={search_term_string}\"},\"query-input\":\"required name=search_term_string\"}],\"inLanguage\":\"cs\"},{\"@type\":\"Organization\",\"@id\":\"https:\/\/www.jc-correct.com\/blog\/#organization\",\"name\":\"Jazykov\u00e9 centrum Correct, s.r.o.\",\"url\":\"https:\/\/www.jc-correct.com\/blog\/\",\"logo\":{\"@type\":\"ImageObject\",\"inLanguage\":\"cs\",\"@id\":\"https:\/\/www.jc-correct.com\/blog\/#\/schema\/logo\/image\/\",\"url\":\"https:\/\/www.jc-correct.com\/blog\/wp-content\/uploads\/2019\/09\/logo.png\",\"contentUrl\":\"https:\/\/www.jc-correct.com\/blog\/wp-content\/uploads\/2019\/09\/logo.png\",\"width\":228,\"height\":89,\"caption\":\"Jazykov\u00e9 centrum Correct, s.r.o.\"},\"image\":{\"@id\":\"https:\/\/www.jc-correct.com\/blog\/#\/schema\/logo\/image\/\"},\"sameAs\":[\"https:\/\/www.facebook.com\/correct.jazykove.centrum\/\",\"https:\/\/www.instagram.com\/wearecorrect\/\",\"https:\/\/www.linkedin.com\/company\/correct-language-centre\/\",\"https:\/\/www.youtube.com\/channel\/UCqO47fnZwWjEqjOG57A7rZA\/featured\"]},{\"@type\":\"Person\",\"@id\":\"https:\/\/www.jc-correct.com\/blog\/#\/schema\/person\/b9bf371b1acd1da12d78ae5cc8021d60\",\"name\":\"Jazykov\u00e9 centrum Correct\",\"image\":{\"@type\":\"ImageObject\",\"inLanguage\":\"cs\",\"@id\":\"https:\/\/www.jc-correct.com\/blog\/#\/schema\/person\/image\/\",\"url\":\"https:\/\/www.jc-correct.com\/blog\/wp-content\/uploads\/2019\/09\/correct_fajfka-150x150.png\",\"contentUrl\":\"https:\/\/www.jc-correct.com\/blog\/wp-content\/uploads\/2019\/09\/correct_fajfka-150x150.png\",\"caption\":\"Jazykov\u00e9 centrum Correct\"},\"description\":\"U\u010d\u00edme jazyky, p\u0159ekl\u00e1d\u00e1me, korigujeme, tlumo\u010d\u00edme, provozujeme Knihovnu cizojazy\u010dn\u00e9 literatury, vzd\u011bl\u00e1v\u00e1me, informujeme a bav\u00edme v\u00e1s...\",\"sameAs\":[\"https:\/\/www.jc-correct.com\/\",\"https:\/\/www.facebook.com\/correct.jazykove.centrum\/\",\"https:\/\/www.instagram.com\/wearecorrect\/\",\"https:\/\/cz.linkedin.com\/company\/correct-language-centre\",\"https:\/\/www.youtube.com\/channel\/UCqO47fnZwWjEqjOG57A7rZA\/featured\"],\"url\":\"https:\/\/www.jc-correct.com\/blog\/author\/correct\/\"}]}<\/script>\n<!-- \/ Yoast SEO plugin. -->","yoast_head_json":{"title":"Mezin\u00e1rodn\u00ed den mate\u0159sk\u00e9ho jazyka - 21. \u00fanora - BLOG: Jazykov\u00e9 centrum Correct","description":"M\u00e1te r\u00e1di n\u00e1\u0161 mate\u0159sk\u00fd jazyk? \u010c\u00edm je pro cizince \u010de\u0161tina n\u00e1ro\u010dn\u00e1? Kdy a pro\u010d se slav\u00ed Mezin\u00e1rodn\u00ed den mate\u0159sk\u00e9ho jazyka? Odpov\u011bdi naleznete v na\u0161em \u010dl\u00e1nku.","robots":{"index":"index","follow":"follow","max-snippet":"max-snippet:-1","max-image-preview":"max-image-preview:large","max-video-preview":"max-video-preview:-1"},"canonical":"https:\/\/www.jc-correct.com\/blog\/mezinarodni-den-materskeho-jazyka-21-unora\/","og_locale":"cs_CZ","og_type":"article","og_title":"Mezin\u00e1rodn\u00ed den mate\u0159sk\u00e9ho jazyka - 21. \u00fanora - BLOG: Jazykov\u00e9 centrum Correct","og_description":"M\u00e1te r\u00e1di n\u00e1\u0161 mate\u0159sk\u00fd jazyk? \u010c\u00edm je pro cizince \u010de\u0161tina n\u00e1ro\u010dn\u00e1? Kdy a pro\u010d se slav\u00ed Mezin\u00e1rodn\u00ed den mate\u0159sk\u00e9ho jazyka? Odpov\u011bdi naleznete v na\u0161em \u010dl\u00e1nku.","og_url":"https:\/\/www.jc-correct.com\/blog\/mezinarodni-den-materskeho-jazyka-21-unora\/","og_site_name":"BLOG: Jazykov\u00e9 centrum Correct","article_publisher":"https:\/\/www.facebook.com\/correct.jazykove.centrum\/","article_author":"https:\/\/www.facebook.com\/correct.jazykove.centrum\/","article_published_time":"2025-02-07T16:16:18+00:00","article_modified_time":"2025-06-02T15:22:10+00:00","og_image":[{"width":4928,"height":3264,"url":"https:\/\/www.jc-correct.com\/blog\/wp-content\/uploads\/2020\/03\/mezin\u00e1rodn\u00ed-den-mate\u0159sk\u00e9ho-jazyka.jpg","type":"image\/jpeg"}],"author":"Jazykov\u00e9 centrum Correct","twitter_card":"summary_large_image","twitter_misc":{"Napsal(a)":"Jazykov\u00e9 centrum Correct","Odhadovan\u00e1 doba \u010dten\u00ed":"5 minut"},"schema":{"@context":"https:\/\/schema.org","@graph":[{"@type":"Article","@id":"https:\/\/www.jc-correct.com\/blog\/mezinarodni-den-materskeho-jazyka-21-unora\/#article","isPartOf":{"@id":"https:\/\/www.jc-correct.com\/blog\/mezinarodni-den-materskeho-jazyka-21-unora\/"},"author":{"name":"Jazykov\u00e9 centrum Correct","@id":"https:\/\/www.jc-correct.com\/blog\/#\/schema\/person\/b9bf371b1acd1da12d78ae5cc8021d60"},"headline":"Mezin\u00e1rodn\u00ed den mate\u0159sk\u00e9ho jazyka &#8211; 21. \u00fanora","datePublished":"2025-02-07T16:16:18+00:00","dateModified":"2025-06-02T15:22:10+00:00","mainEntityOfPage":{"@id":"https:\/\/www.jc-correct.com\/blog\/mezinarodni-den-materskeho-jazyka-21-unora\/"},"wordCount":988,"publisher":{"@id":"https:\/\/www.jc-correct.com\/blog\/#organization"},"image":{"@id":"https:\/\/www.jc-correct.com\/blog\/mezinarodni-den-materskeho-jazyka-21-unora\/#primaryimage"},"thumbnailUrl":"https:\/\/www.jc-correct.com\/blog\/wp-content\/uploads\/2020\/03\/mezin\u00e1rodn\u00ed-den-mate\u0159sk\u00e9ho-jazyka.jpg","keywords":["21. \u00fanor","\u010desk\u00fd jazyk","\u010desk\u00fd jazyk pro \u010cechy","\u010de\u0161tina","\u010de\u0161tina pro cizince","jazykolam","jazykolamy","mate\u0159sk\u00fd jazyk","Mezin\u00e1rodn\u00ed den mate\u0159sk\u00e9ho jazyka","pravopis","pravopisn\u00e9 chyby","sv\u011btov\u00e9 jazyky","UNESCO","zaj\u00edmavosti \u010desk\u00e9ho jazyka"],"articleSection":["Informujeme","Vzd\u011bl\u00e1v\u00e1me"],"inLanguage":"cs"},{"@type":"WebPage","@id":"https:\/\/www.jc-correct.com\/blog\/mezinarodni-den-materskeho-jazyka-21-unora\/","url":"https:\/\/www.jc-correct.com\/blog\/mezinarodni-den-materskeho-jazyka-21-unora\/","name":"Mezin\u00e1rodn\u00ed den mate\u0159sk\u00e9ho jazyka - 21. \u00fanora - BLOG: Jazykov\u00e9 centrum Correct","isPartOf":{"@id":"https:\/\/www.jc-correct.com\/blog\/#website"},"primaryImageOfPage":{"@id":"https:\/\/www.jc-correct.com\/blog\/mezinarodni-den-materskeho-jazyka-21-unora\/#primaryimage"},"image":{"@id":"https:\/\/www.jc-correct.com\/blog\/mezinarodni-den-materskeho-jazyka-21-unora\/#primaryimage"},"thumbnailUrl":"https:\/\/www.jc-correct.com\/blog\/wp-content\/uploads\/2020\/03\/mezin\u00e1rodn\u00ed-den-mate\u0159sk\u00e9ho-jazyka.jpg","datePublished":"2025-02-07T16:16:18+00:00","dateModified":"2025-06-02T15:22:10+00:00","description":"M\u00e1te r\u00e1di n\u00e1\u0161 mate\u0159sk\u00fd jazyk? \u010c\u00edm je pro cizince \u010de\u0161tina n\u00e1ro\u010dn\u00e1? Kdy a pro\u010d se slav\u00ed Mezin\u00e1rodn\u00ed den mate\u0159sk\u00e9ho jazyka? Odpov\u011bdi naleznete v na\u0161em \u010dl\u00e1nku.","breadcrumb":{"@id":"https:\/\/www.jc-correct.com\/blog\/mezinarodni-den-materskeho-jazyka-21-unora\/#breadcrumb"},"inLanguage":"cs","potentialAction":[{"@type":"ReadAction","target":["https:\/\/www.jc-correct.com\/blog\/mezinarodni-den-materskeho-jazyka-21-unora\/"]}]},{"@type":"ImageObject","inLanguage":"cs","@id":"https:\/\/www.jc-correct.com\/blog\/mezinarodni-den-materskeho-jazyka-21-unora\/#primaryimage","url":"https:\/\/www.jc-correct.com\/blog\/wp-content\/uploads\/2020\/03\/mezin\u00e1rodn\u00ed-den-mate\u0159sk\u00e9ho-jazyka.jpg","contentUrl":"https:\/\/www.jc-correct.com\/blog\/wp-content\/uploads\/2020\/03\/mezin\u00e1rodn\u00ed-den-mate\u0159sk\u00e9ho-jazyka.jpg","width":4928,"height":3264},{"@type":"BreadcrumbList","@id":"https:\/\/www.jc-correct.com\/blog\/mezinarodni-den-materskeho-jazyka-21-unora\/#breadcrumb","itemListElement":[{"@type":"ListItem","position":1,"name":"Dom\u016f","item":"https:\/\/www.jc-correct.com\/blog\/"},{"@type":"ListItem","position":2,"name":"Mezin\u00e1rodn\u00ed den mate\u0159sk\u00e9ho jazyka &#8211; 21. \u00fanora"}]},{"@type":"WebSite","@id":"https:\/\/www.jc-correct.com\/blog\/#website","url":"https:\/\/www.jc-correct.com\/blog\/","name":"BLOG: Jazykov\u00e9 centrum Correct","description":"","publisher":{"@id":"https:\/\/www.jc-correct.com\/blog\/#organization"},"potentialAction":[{"@type":"SearchAction","target":{"@type":"EntryPoint","urlTemplate":"https:\/\/www.jc-correct.com\/blog\/?s={search_term_string}"},"query-input":"required name=search_term_string"}],"inLanguage":"cs"},{"@type":"Organization","@id":"https:\/\/www.jc-correct.com\/blog\/#organization","name":"Jazykov\u00e9 centrum Correct, s.r.o.","url":"https:\/\/www.jc-correct.com\/blog\/","logo":{"@type":"ImageObject","inLanguage":"cs","@id":"https:\/\/www.jc-correct.com\/blog\/#\/schema\/logo\/image\/","url":"https:\/\/www.jc-correct.com\/blog\/wp-content\/uploads\/2019\/09\/logo.png","contentUrl":"https:\/\/www.jc-correct.com\/blog\/wp-content\/uploads\/2019\/09\/logo.png","width":228,"height":89,"caption":"Jazykov\u00e9 centrum Correct, s.r.o."},"image":{"@id":"https:\/\/www.jc-correct.com\/blog\/#\/schema\/logo\/image\/"},"sameAs":["https:\/\/www.facebook.com\/correct.jazykove.centrum\/","https:\/\/www.instagram.com\/wearecorrect\/","https:\/\/www.linkedin.com\/company\/correct-language-centre\/","https:\/\/www.youtube.com\/channel\/UCqO47fnZwWjEqjOG57A7rZA\/featured"]},{"@type":"Person","@id":"https:\/\/www.jc-correct.com\/blog\/#\/schema\/person\/b9bf371b1acd1da12d78ae5cc8021d60","name":"Jazykov\u00e9 centrum Correct","image":{"@type":"ImageObject","inLanguage":"cs","@id":"https:\/\/www.jc-correct.com\/blog\/#\/schema\/person\/image\/","url":"https:\/\/www.jc-correct.com\/blog\/wp-content\/uploads\/2019\/09\/correct_fajfka-150x150.png","contentUrl":"https:\/\/www.jc-correct.com\/blog\/wp-content\/uploads\/2019\/09\/correct_fajfka-150x150.png","caption":"Jazykov\u00e9 centrum Correct"},"description":"U\u010d\u00edme jazyky, p\u0159ekl\u00e1d\u00e1me, korigujeme, tlumo\u010d\u00edme, provozujeme Knihovnu cizojazy\u010dn\u00e9 literatury, vzd\u011bl\u00e1v\u00e1me, informujeme a bav\u00edme v\u00e1s...","sameAs":["https:\/\/www.jc-correct.com\/","https:\/\/www.facebook.com\/correct.jazykove.centrum\/","https:\/\/www.instagram.com\/wearecorrect\/","https:\/\/cz.linkedin.com\/company\/correct-language-centre","https:\/\/www.youtube.com\/channel\/UCqO47fnZwWjEqjOG57A7rZA\/featured"],"url":"https:\/\/www.jc-correct.com\/blog\/author\/correct\/"}]}},"_links":{"self":[{"href":"https:\/\/www.jc-correct.com\/blog\/wp-json\/wp\/v2\/posts\/2041","targetHints":{"allow":["GET"]}}],"collection":[{"href":"https:\/\/www.jc-correct.com\/blog\/wp-json\/wp\/v2\/posts"}],"about":[{"href":"https:\/\/www.jc-correct.com\/blog\/wp-json\/wp\/v2\/types\/post"}],"author":[{"embeddable":true,"href":"https:\/\/www.jc-correct.com\/blog\/wp-json\/wp\/v2\/users\/5"}],"replies":[{"embeddable":true,"href":"https:\/\/www.jc-correct.com\/blog\/wp-json\/wp\/v2\/comments?post=2041"}],"version-history":[{"count":21,"href":"https:\/\/www.jc-correct.com\/blog\/wp-json\/wp\/v2\/posts\/2041\/revisions"}],"predecessor-version":[{"id":3979,"href":"https:\/\/www.jc-correct.com\/blog\/wp-json\/wp\/v2\/posts\/2041\/revisions\/3979"}],"wp:featuredmedia":[{"embeddable":true,"href":"https:\/\/www.jc-correct.com\/blog\/wp-json\/wp\/v2\/media\/2049"}],"wp:attachment":[{"href":"https:\/\/www.jc-correct.com\/blog\/wp-json\/wp\/v2\/media?parent=2041"}],"wp:term":[{"taxonomy":"category","embeddable":true,"href":"https:\/\/www.jc-correct.com\/blog\/wp-json\/wp\/v2\/categories?post=2041"},{"taxonomy":"post_tag","embeddable":true,"href":"https:\/\/www.jc-correct.com\/blog\/wp-json\/wp\/v2\/tags?post=2041"}],"curies":[{"name":"wp","href":"https:\/\/api.w.org\/{rel}","templated":true}]}}