{"id":1629,"date":"2019-12-04T14:19:45","date_gmt":"2019-12-04T13:19:45","guid":{"rendered":"https:\/\/www.jc-correct.com\/blog\/?p=1629"},"modified":"2023-01-03T10:20:33","modified_gmt":"2023-01-03T09:20:33","slug":"jak-se-slavi-vanoce-ve-francii","status":"publish","type":"post","link":"https:\/\/www.jc-correct.com\/blog\/jak-se-slavi-vanoce-ve-francii\/","title":{"rendered":"Jak se slav\u00ed V\u00e1noce ve Francii, aneb pod strome\u010dkem Je\u017e\u00ed\u0161ek nebo poleno?"},"content":{"rendered":"\n<p>Pokud byste cht\u011bli str\u00e1vit V\u00e1noce \u201epo francouzsku\u201c, moc by se to neli\u0161ilo od t\u011bch \u010desk\u00fdch. Tedy krom\u011b j\u00eddla, ale o tom pozd\u011bji. 24. prosince (le r\u00e9veillon de No\u00ebl) byste museli pravd\u011bpodobn\u011b do pr\u00e1ce, proto\u017ee st\u00e1tn\u00edm sv\u00e1tkem je pouze 25. prosinec. Ten je hlavn\u00edm v\u00e1no\u010dn\u00edm sv\u00e1tkem. <\/p>\n\n\n\n<div class=\"wp-block-image\"><figure class=\"aligncenter is-resized\"><img loading=\"lazy\" decoding=\"async\" src=\"https:\/\/www.jc-correct.com\/blog\/wp-content\/uploads\/2019\/12\/Dinde-1.jpg\" alt=\"\" class=\"wp-image-1647 lazyload\" width=\"560\" height=\"417\"\/><figcaption>Pe\u010den\u00e1 kr\u016fta<br>metro.ca<br><\/figcaption><\/figure><\/div>\n\n\n\n<p>24. prosince po pr\u00e1ci by v\u00e1s \u010dekala bohat\u00e1 ve\u010de\u0159e a n\u011bkte\u0159\u00ed by se vydali na p\u016flno\u010dn\u00ed m\u0161i (la messe de minuit) do nejbli\u017e\u0161\u00edho kostela nebo by str\u00e1vili ve\u010der s&nbsp;rodinou. N\u00e1sleduj\u00edc\u00ed den r\u00e1no by v\u00e1s pod strome\u010dkem \u010dekala hromada d\u00e1rk\u016f, kter\u00e9 nos\u00ed p\u00e8re No\u00ebl. D\u00e1rky se mu nos\u00ed l\u00e9pe ne\u017e Je\u017e\u00edskovi, proto\u017ee je to statn\u00fd mu\u017e a\u017e n\u00e1padn\u011b podobn\u00fd americk\u00e9mu Santa Clausovi (n\u011bkde se \u201eamerick\u00e9\u201c tradice p\u0159ece musely vz\u00edt). <\/p>\n\n\n\n<p><strong><span class=\"has-inline-color has-vivid-red-color\">N\u00c1\u0160 TIP:<\/span> <\/strong><a href=\"https:\/\/www.jc-correct.com\/darkovy-poukaz\" target=\"_blank\" rel=\"noreferrer noopener\"><strong>d\u00e1rkov\u00fd poukaz<\/strong><\/a> na<strong> <a href=\"https:\/\/www.jc-correct.com\/cestina-pro-cechy\" target=\"_blank\" rel=\"noreferrer noopener\">kurz \u010desk\u00e9ho pravopisu<\/a><\/strong> \u010di p\u00e1r <strong><a href=\"https:\/\/www.jc-correct.com\/online-vyuka-cizich-jazyku\" target=\"_blank\" rel=\"noreferrer noopener\">online<\/a>\/<a href=\"https:\/\/www.jc-correct.com\/individualni-vyuka\" target=\"_blank\" rel=\"noreferrer noopener\">offline lekc\u00ed libovoln\u00e9ho jazyka<\/a><\/strong>?<\/p>\n\n\n\n<div class=\"wp-block-image\"><figure class=\"aligncenter is-resized\"><img loading=\"lazy\" decoding=\"async\" src=\"https:\/\/www.jc-correct.com\/blog\/wp-content\/uploads\/2019\/12\/Foie-Gras-1.jpg\" alt=\"\" class=\"wp-image-1646 lazyload\" width=\"560\" height=\"502\"\/><figcaption>Foie gras<br>cz.pinterest.com<\/figcaption><\/figure><\/div>\n\n\n\n<p>Francie je zem\u00ed dobr\u00e9 gastronomie a stoly na konci roku se o to v\u00edce proh\u00fdbaj\u00ed pod vybran\u00fdmi lah\u016fdkami a lahvemi drah\u00fdch v\u00edn. Na sv\u00e1te\u010dn\u00edm menu najdete tak\u00e9 rybu jako u n\u00e1s, ale trochu jin\u00e9ho druhu \u2013 nej\u010dast\u011bji je to uzen\u00fd losos. Z&nbsp;mo\u0159e si tak\u00e9 Francouzi dop\u0159ej\u00ed humra nebo \u00fast\u0159ice. Kdo nem\u00e1 r\u00e1d mo\u0159sk\u00e9 plody, tak si d\u00e1 jist\u011b r\u00e1d jako p\u0159edkrm kachn\u00ed nebo hus\u00ed j\u00e1tra (foie gras). Jako hlavn\u00ed chod se pod\u00e1v\u00e1 pe\u010den\u00e1 kr\u016fta nad\u00edvan\u00e1 ka\u0161tany, kterou m\u016f\u017eete prolo\u017eit \u0161neky s&nbsp;bylinkov\u00fdm m\u00e1slem. S&nbsp;\u010deskou \u201eskromnou\u201c ve\u010de\u0159\u00ed to m\u00e1 pram\u00e1lo spole\u010dn\u00e9ho. <\/p>\n\n\n\n<div class=\"wp-block-image\"><figure class=\"aligncenter is-resized\"><img loading=\"lazy\" decoding=\"async\" src=\"https:\/\/www.jc-correct.com\/blog\/wp-content\/uploads\/2019\/12\/huitres-\u00fast\u0159ice-1024x761.jpg\" alt=\"\" class=\"wp-image-1643 lazyload\" width=\"560\" height=\"415\" data-srcset=\"https:\/\/www.jc-correct.com\/blog\/wp-content\/uploads\/2019\/12\/huitres-\u00fast\u0159ice-1024x761.jpg 1024w, https:\/\/www.jc-correct.com\/blog\/wp-content\/uploads\/2019\/12\/huitres-\u00fast\u0159ice-300x223.jpg 300w, https:\/\/www.jc-correct.com\/blog\/wp-content\/uploads\/2019\/12\/huitres-\u00fast\u0159ice-768x571.jpg 768w, https:\/\/www.jc-correct.com\/blog\/wp-content\/uploads\/2019\/12\/huitres-\u00fast\u0159ice.jpg 1900w\" sizes=\"auto\" \/><figcaption>\u00dast\u0159ice<br>madame.lefigaro.fr<\/figcaption><\/figure><\/div>\n\n\n\n<p>Celou hostinu zavr\u0161\u00ed tradi\u010dn\u00ed dezert, kter\u00fd se jmenuje \u201ev\u00e1no\u010dn\u00ed poleno\u201c (la b\u00fbche de No\u00ebl) \u2013 v&nbsp;podstat\u011b se jedn\u00e1 o rol\u00e1du z&nbsp;pi\u0161kotov\u00e9ho t\u011bsta nazdobenou do podoby kusu d\u0159eva. Ka\u017ed\u00e1 rodina m\u00e1 samoz\u0159ejm\u011b sv\u016fj recept na tu nejlep\u0161\u00ed n\u00e1pl\u0148 a polevu. <\/p>\n\n\n\n<div class=\"wp-block-image\"><figure class=\"aligncenter is-resized\"><img loading=\"lazy\" decoding=\"async\" src=\"https:\/\/www.jc-correct.com\/blog\/wp-content\/uploads\/2019\/12\/v\u00e1no\u010dn\u00ed-poleno.jpg\" alt=\"\" class=\"wp-image-1636 lazyload\" width=\"560\" height=\"536\"\/><figcaption>V\u00e1no\u010dn\u00ed poleno<br>bakefromscratch.com<\/figcaption><\/figure><\/div>\n\n\n\n<p>A kdy\u017e u\u017e se p\u0159ipravuje takov\u00e1 hostina, ani na v\u00edn\u011b se samoz\u0159ejm\u011b ne\u0161et\u0159\u00ed. V\u0161emu kraluje \u0161ampa\u0148sk\u00e9 (samoz\u0159ejm\u011b to prav\u00e9 ze Champagne); b\u011bhem opulentn\u00ed hostiny se pod\u00e1v\u00e1 r\u016fzn\u00e9 v\u00edno podle toho, co zrovna m\u00e1te na tal\u00ed\u0159i \u2013 k\u00a0foie gras nej\u010dast\u011bji slad\u0161\u00ed b\u00edl\u00e9, ale n\u011bkdo rad\u011bji \u010derven\u00e9, k\u00a0\u00fast\u0159ic\u00edm b\u00edl\u00e9 such\u00e9, k\u00a0humrovi b\u00edl\u00e9 aromatick\u00e9 atd. Zkr\u00e1tka z\u00e1kladem je um\u011bt snoubit spr\u00e1vn\u00e9 v\u00edno k\u00a0va\u0161emu chodu a v\u0161e prob\u011bhne podle va\u0161ich p\u0159edstav. A mo\u017en\u00e1 ke spokojenosti rad\u011bji nepo\u010d\u00edtat kalorie a nesledovat \u00fa\u010dty z\u00a0obchod\u016f &#x1f60a;. <\/p>\n\n\n\n<p>Tak \u0161\u0165astn\u00e9 a <a href=\"https:\/\/www.jc-correct.com\/francouzsky-jazyk\">francouzsk\u00e9<\/a>!<\/p>\n\n\n\n<hr class=\"wp-block-separator\"\/>\n\n\n<p><!-- \/wp:post-content --><!-- wp:paragraph --><\/p>\n<p>Probudilo se ve v\u00e1s po po p\u0159e\u010dten\u00ed \u010dl\u00e1nku studijn\u00ed nad\u0161en\u00ed a r\u00e1di byste se za\u010dali u\u010dit francouzsky? \u017d\u00e1dn\u00fd probl\u00e9m. Sta\u010d\u00ed vyplnit n\u00e1\u0161 <a href=\"https:\/\/www.jc-correct.com\/individualni-vyuka-francouzstiny-brno\">formul\u00e1\u0159 pro individu\u00e1ln\u00ed v\u00fduku<\/a> a m\u016f\u017eete za\u010d\u00edt studovat bu\u010f p\u0159\u00edmo v u\u010debn\u00e1ch Correctu, nebo pohodln\u011b doma <a href=\"https:\/\/www.jc-correct.com\/online-vyuka-francouzstiny\">online<\/a>. \u017de byste d\u00e1vali p\u0159ednost skupinov\u00e9 v\u00fduce? R\u00e1di v\u00e1s uvid\u00edme na na\u0161ich <a href=\"https:\/\/www.jc-correct.com\/kurzy-francouzstiny-brno\">skupinov\u00fdch kurzech francouz\u0161tiny<\/a>.<\/p>\n<p><!-- \/wp:paragraph --><\/p>\n<p class=\"MsoNormal\">\n<\/p><p><!-- wp:image {\"align\":\"center\",\"id\":972,\"width\":420,\"height\":209} --><\/p>\n<div class=\"wp-block-image\">\n<figure class=\"aligncenter is-resized\"><img loading=\"lazy\" decoding=\"async\" src=\"https:\/\/www.jc-correct.com\/blog\/wp-content\/uploads\/2019\/09\/Jazykov\u00e9-centrum-Correct.png\" alt=\"\" class=\"wp-image-972 lazyload\" width=\"420\" height=\"209\" data-srcset=\"https:\/\/www.jc-correct.com\/blog\/wp-content\/uploads\/2019\/09\/Jazykov\u00e9-centrum-Correct.png 902w, https:\/\/www.jc-correct.com\/blog\/wp-content\/uploads\/2019\/09\/Jazykov\u00e9-centrum-Correct-300x149.png 300w, https:\/\/www.jc-correct.com\/blog\/wp-content\/uploads\/2019\/09\/Jazykov\u00e9-centrum-Correct-768x382.png 768w, https:\/\/www.jc-correct.com\/blog\/wp-content\/uploads\/2019\/09\/Jazykov\u00e9-centrum-Correct-624x311.png 624w\" sizes=\"auto\" \/><\/figure>\n<\/div>\n<p><!-- \/wp:image --><\/p>","protected":false},"excerpt":{"rendered":"<p>Pokud byste cht\u011bli str\u00e1vit V\u00e1noce \u201epo francouzsku\u201c, moc by se to neli\u0161ilo od t\u011bch \u010desk\u00fdch. Tedy krom\u011b j\u00eddla, ale o tom pozd\u011bji. 24. prosince (le r\u00e9veillon de No\u00ebl) byste museli pravd\u011bpodobn\u011b do pr\u00e1ce, proto\u017ee st\u00e1tn\u00edm sv\u00e1tkem je pouze 25. prosinec. Ten je hlavn\u00edm v\u00e1no\u010dn\u00edm sv\u00e1tkem. 24. prosince po pr\u00e1ci by v\u00e1s \u010dekala bohat\u00e1 ve\u010de\u0159e a n\u011bkte\u0159\u00ed by se vydali na p\u016flno\u010dn\u00ed m\u0161i (la messe de minuit) do nejbli\u017e\u0161\u00edho kostela nebo by str\u00e1vili ve\u010der s&nbsp;rodinou. N\u00e1sleduj\u00edc\u00ed den r\u00e1no by v\u00e1s pod strome\u010dkem \u010dekala hromada d\u00e1rk\u016f, kter\u00e9 nos\u00ed p\u00e8re No\u00ebl. D\u00e1rky se mu nos\u00ed l\u00e9pe ne\u017e Je\u017e\u00edskovi, proto\u017ee je to statn\u00fd mu\u017e&#8230;<\/p>\n","protected":false},"author":5,"featured_media":1632,"comment_status":"closed","ping_status":"open","sticky":false,"template":"","format":"standard","meta":{"_acf_changed":false,"footnotes":""},"categories":[3,242,559],"tags":[533,535,536,538,537,524,534],"class_list":["post-1629","post","type-post","status-publish","format-standard","has-post-thumbnail","hentry","category-novinky","category-tipy-ke-studiu","category-tipy-ke-studiu-francouzstiny","tag-francouzske-vanoce","tag-francouzske-vanocni-dezerty","tag-francouzske-vanocni-speciality","tag-francouzske-vanocni-zvyky","tag-stedry-den-ve-francii","tag-vanoce-ve-francii","tag-vanocni-poleno"],"acf":[],"yoast_head":"<!-- This site is optimized with the Yoast SEO plugin v22.3 - https:\/\/yoast.com\/wordpress\/plugins\/seo\/ -->\n<title>Jak se slav\u00ed V\u00e1noce ve Francii, aneb pod strome\u010dkem Je\u017e\u00ed\u0161ek nebo poleno? - BLOG: Jazykov\u00e9 centrum Correct<\/title>\n<meta name=\"robots\" content=\"index, follow, max-snippet:-1, max-image-preview:large, max-video-preview:-1\" \/>\n<link rel=\"canonical\" href=\"https:\/\/www.jc-correct.com\/blog\/jak-se-slavi-vanoce-ve-francii\/\" \/>\n<meta property=\"og:locale\" content=\"cs_CZ\" \/>\n<meta property=\"og:type\" content=\"article\" \/>\n<meta property=\"og:title\" content=\"Jak se slav\u00ed V\u00e1noce ve Francii, aneb pod strome\u010dkem Je\u017e\u00ed\u0161ek nebo poleno? - BLOG: Jazykov\u00e9 centrum Correct\" \/>\n<meta property=\"og:description\" content=\"Pokud byste cht\u011bli str\u00e1vit V\u00e1noce \u201epo francouzsku\u201c, moc by se to neli\u0161ilo od t\u011bch \u010desk\u00fdch. Tedy krom\u011b j\u00eddla, ale o tom pozd\u011bji. 24. prosince (le r\u00e9veillon de No\u00ebl) byste museli pravd\u011bpodobn\u011b do pr\u00e1ce, proto\u017ee st\u00e1tn\u00edm sv\u00e1tkem je pouze 25. prosinec. Ten je hlavn\u00edm v\u00e1no\u010dn\u00edm sv\u00e1tkem. 24. prosince po pr\u00e1ci by v\u00e1s \u010dekala bohat\u00e1 ve\u010de\u0159e a n\u011bkte\u0159\u00ed by se vydali na p\u016flno\u010dn\u00ed m\u0161i (la messe de minuit) do nejbli\u017e\u0161\u00edho kostela nebo by str\u00e1vili ve\u010der s&nbsp;rodinou. N\u00e1sleduj\u00edc\u00ed den r\u00e1no by v\u00e1s pod strome\u010dkem \u010dekala hromada d\u00e1rk\u016f, kter\u00e9 nos\u00ed p\u00e8re No\u00ebl. D\u00e1rky se mu nos\u00ed l\u00e9pe ne\u017e Je\u017e\u00edskovi, proto\u017ee je to statn\u00fd mu\u017e...\" \/>\n<meta property=\"og:url\" content=\"https:\/\/www.jc-correct.com\/blog\/jak-se-slavi-vanoce-ve-francii\/\" \/>\n<meta property=\"og:site_name\" content=\"BLOG: Jazykov\u00e9 centrum Correct\" \/>\n<meta property=\"article:publisher\" content=\"https:\/\/www.facebook.com\/correct.jazykove.centrum\/\" \/>\n<meta property=\"article:author\" content=\"https:\/\/www.facebook.com\/correct.jazykove.centrum\/\" \/>\n<meta property=\"article:published_time\" content=\"2019-12-04T13:19:45+00:00\" \/>\n<meta property=\"article:modified_time\" content=\"2023-01-03T09:20:33+00:00\" \/>\n<meta property=\"og:image\" content=\"https:\/\/www.jc-correct.com\/blog\/wp-content\/uploads\/2019\/12\/v\u00e1no\u010dn\u00ed-poleno2.jpg\" \/>\n\t<meta property=\"og:image:width\" content=\"1024\" \/>\n\t<meta property=\"og:image:height\" content=\"683\" \/>\n\t<meta property=\"og:image:type\" content=\"image\/jpeg\" \/>\n<meta name=\"author\" content=\"Jazykov\u00e9 centrum Correct\" \/>\n<meta name=\"twitter:card\" content=\"summary_large_image\" \/>\n<meta name=\"twitter:label1\" content=\"Napsal(a)\" \/>\n\t<meta name=\"twitter:data1\" content=\"Jazykov\u00e9 centrum Correct\" \/>\n\t<meta name=\"twitter:label2\" content=\"Odhadovan\u00e1 doba \u010dten\u00ed\" \/>\n\t<meta name=\"twitter:data2\" content=\"4 minuty\" \/>\n<script type=\"application\/ld+json\" class=\"yoast-schema-graph\">{\"@context\":\"https:\/\/schema.org\",\"@graph\":[{\"@type\":\"Article\",\"@id\":\"https:\/\/www.jc-correct.com\/blog\/jak-se-slavi-vanoce-ve-francii\/#article\",\"isPartOf\":{\"@id\":\"https:\/\/www.jc-correct.com\/blog\/jak-se-slavi-vanoce-ve-francii\/\"},\"author\":{\"name\":\"Jazykov\u00e9 centrum Correct\",\"@id\":\"https:\/\/www.jc-correct.com\/blog\/#\/schema\/person\/b9bf371b1acd1da12d78ae5cc8021d60\"},\"headline\":\"Jak se slav\u00ed V\u00e1noce ve Francii, aneb pod strome\u010dkem Je\u017e\u00ed\u0161ek nebo poleno?\",\"datePublished\":\"2019-12-04T13:19:45+00:00\",\"dateModified\":\"2023-01-03T09:20:33+00:00\",\"mainEntityOfPage\":{\"@id\":\"https:\/\/www.jc-correct.com\/blog\/jak-se-slavi-vanoce-ve-francii\/\"},\"wordCount\":599,\"publisher\":{\"@id\":\"https:\/\/www.jc-correct.com\/blog\/#organization\"},\"image\":{\"@id\":\"https:\/\/www.jc-correct.com\/blog\/jak-se-slavi-vanoce-ve-francii\/#primaryimage\"},\"thumbnailUrl\":\"https:\/\/www.jc-correct.com\/blog\/wp-content\/uploads\/2019\/12\/v\u00e1no\u010dn\u00ed-poleno2.jpg\",\"keywords\":[\"francouzsk\u00e9 V\u00e1noce\",\"francouzsk\u00e9 v\u00e1no\u010dn\u00ed dezerty\",\"francouzsk\u00e9 v\u00e1no\u010dn\u00ed speciality\",\"francouzsk\u00e9 v\u00e1no\u010dn\u00ed zvyky\",\"\u0160t\u011bdr\u00fd den ve Francii\",\"V\u00e1noce ve Francii\",\"v\u00e1no\u010dn\u00ed poleno\"],\"articleSection\":[\"Novinky\",\"Tipy ke studiu\",\"Tipy ke studiu francouz\u0161tiny\"],\"inLanguage\":\"cs\"},{\"@type\":\"WebPage\",\"@id\":\"https:\/\/www.jc-correct.com\/blog\/jak-se-slavi-vanoce-ve-francii\/\",\"url\":\"https:\/\/www.jc-correct.com\/blog\/jak-se-slavi-vanoce-ve-francii\/\",\"name\":\"Jak se slav\u00ed V\u00e1noce ve Francii, aneb pod strome\u010dkem Je\u017e\u00ed\u0161ek nebo poleno? - BLOG: Jazykov\u00e9 centrum Correct\",\"isPartOf\":{\"@id\":\"https:\/\/www.jc-correct.com\/blog\/#website\"},\"primaryImageOfPage\":{\"@id\":\"https:\/\/www.jc-correct.com\/blog\/jak-se-slavi-vanoce-ve-francii\/#primaryimage\"},\"image\":{\"@id\":\"https:\/\/www.jc-correct.com\/blog\/jak-se-slavi-vanoce-ve-francii\/#primaryimage\"},\"thumbnailUrl\":\"https:\/\/www.jc-correct.com\/blog\/wp-content\/uploads\/2019\/12\/v\u00e1no\u010dn\u00ed-poleno2.jpg\",\"datePublished\":\"2019-12-04T13:19:45+00:00\",\"dateModified\":\"2023-01-03T09:20:33+00:00\",\"breadcrumb\":{\"@id\":\"https:\/\/www.jc-correct.com\/blog\/jak-se-slavi-vanoce-ve-francii\/#breadcrumb\"},\"inLanguage\":\"cs\",\"potentialAction\":[{\"@type\":\"ReadAction\",\"target\":[\"https:\/\/www.jc-correct.com\/blog\/jak-se-slavi-vanoce-ve-francii\/\"]}]},{\"@type\":\"ImageObject\",\"inLanguage\":\"cs\",\"@id\":\"https:\/\/www.jc-correct.com\/blog\/jak-se-slavi-vanoce-ve-francii\/#primaryimage\",\"url\":\"https:\/\/www.jc-correct.com\/blog\/wp-content\/uploads\/2019\/12\/v\u00e1no\u010dn\u00ed-poleno2.jpg\",\"contentUrl\":\"https:\/\/www.jc-correct.com\/blog\/wp-content\/uploads\/2019\/12\/v\u00e1no\u010dn\u00ed-poleno2.jpg\",\"width\":1024,\"height\":683},{\"@type\":\"BreadcrumbList\",\"@id\":\"https:\/\/www.jc-correct.com\/blog\/jak-se-slavi-vanoce-ve-francii\/#breadcrumb\",\"itemListElement\":[{\"@type\":\"ListItem\",\"position\":1,\"name\":\"Dom\u016f\",\"item\":\"https:\/\/www.jc-correct.com\/blog\/\"},{\"@type\":\"ListItem\",\"position\":2,\"name\":\"Jak se slav\u00ed V\u00e1noce ve Francii, aneb pod strome\u010dkem Je\u017e\u00ed\u0161ek nebo poleno?\"}]},{\"@type\":\"WebSite\",\"@id\":\"https:\/\/www.jc-correct.com\/blog\/#website\",\"url\":\"https:\/\/www.jc-correct.com\/blog\/\",\"name\":\"BLOG: Jazykov\u00e9 centrum Correct\",\"description\":\"\",\"publisher\":{\"@id\":\"https:\/\/www.jc-correct.com\/blog\/#organization\"},\"potentialAction\":[{\"@type\":\"SearchAction\",\"target\":{\"@type\":\"EntryPoint\",\"urlTemplate\":\"https:\/\/www.jc-correct.com\/blog\/?s={search_term_string}\"},\"query-input\":\"required name=search_term_string\"}],\"inLanguage\":\"cs\"},{\"@type\":\"Organization\",\"@id\":\"https:\/\/www.jc-correct.com\/blog\/#organization\",\"name\":\"Jazykov\u00e9 centrum Correct, s.r.o.\",\"url\":\"https:\/\/www.jc-correct.com\/blog\/\",\"logo\":{\"@type\":\"ImageObject\",\"inLanguage\":\"cs\",\"@id\":\"https:\/\/www.jc-correct.com\/blog\/#\/schema\/logo\/image\/\",\"url\":\"https:\/\/www.jc-correct.com\/blog\/wp-content\/uploads\/2019\/09\/logo.png\",\"contentUrl\":\"https:\/\/www.jc-correct.com\/blog\/wp-content\/uploads\/2019\/09\/logo.png\",\"width\":228,\"height\":89,\"caption\":\"Jazykov\u00e9 centrum Correct, s.r.o.\"},\"image\":{\"@id\":\"https:\/\/www.jc-correct.com\/blog\/#\/schema\/logo\/image\/\"},\"sameAs\":[\"https:\/\/www.facebook.com\/correct.jazykove.centrum\/\",\"https:\/\/www.instagram.com\/wearecorrect\/\",\"https:\/\/www.linkedin.com\/company\/correct-language-centre\/\",\"https:\/\/www.youtube.com\/channel\/UCqO47fnZwWjEqjOG57A7rZA\/featured\"]},{\"@type\":\"Person\",\"@id\":\"https:\/\/www.jc-correct.com\/blog\/#\/schema\/person\/b9bf371b1acd1da12d78ae5cc8021d60\",\"name\":\"Jazykov\u00e9 centrum Correct\",\"image\":{\"@type\":\"ImageObject\",\"inLanguage\":\"cs\",\"@id\":\"https:\/\/www.jc-correct.com\/blog\/#\/schema\/person\/image\/\",\"url\":\"https:\/\/www.jc-correct.com\/blog\/wp-content\/uploads\/2019\/09\/correct_fajfka-150x150.png\",\"contentUrl\":\"https:\/\/www.jc-correct.com\/blog\/wp-content\/uploads\/2019\/09\/correct_fajfka-150x150.png\",\"caption\":\"Jazykov\u00e9 centrum Correct\"},\"description\":\"U\u010d\u00edme jazyky, p\u0159ekl\u00e1d\u00e1me, korigujeme, tlumo\u010d\u00edme, provozujeme Knihovnu cizojazy\u010dn\u00e9 literatury, vzd\u011bl\u00e1v\u00e1me, informujeme a bav\u00edme v\u00e1s...\",\"sameAs\":[\"https:\/\/www.jc-correct.com\/\",\"https:\/\/www.facebook.com\/correct.jazykove.centrum\/\",\"https:\/\/www.instagram.com\/wearecorrect\/\",\"https:\/\/cz.linkedin.com\/company\/correct-language-centre\",\"https:\/\/www.youtube.com\/channel\/UCqO47fnZwWjEqjOG57A7rZA\/featured\"],\"url\":\"https:\/\/www.jc-correct.com\/blog\/author\/correct\/\"}]}<\/script>\n<!-- \/ Yoast SEO plugin. -->","yoast_head_json":{"title":"Jak se slav\u00ed V\u00e1noce ve Francii, aneb pod strome\u010dkem Je\u017e\u00ed\u0161ek nebo poleno? - BLOG: Jazykov\u00e9 centrum Correct","robots":{"index":"index","follow":"follow","max-snippet":"max-snippet:-1","max-image-preview":"max-image-preview:large","max-video-preview":"max-video-preview:-1"},"canonical":"https:\/\/www.jc-correct.com\/blog\/jak-se-slavi-vanoce-ve-francii\/","og_locale":"cs_CZ","og_type":"article","og_title":"Jak se slav\u00ed V\u00e1noce ve Francii, aneb pod strome\u010dkem Je\u017e\u00ed\u0161ek nebo poleno? - BLOG: Jazykov\u00e9 centrum Correct","og_description":"Pokud byste cht\u011bli str\u00e1vit V\u00e1noce \u201epo francouzsku\u201c, moc by se to neli\u0161ilo od t\u011bch \u010desk\u00fdch. Tedy krom\u011b j\u00eddla, ale o tom pozd\u011bji. 24. prosince (le r\u00e9veillon de No\u00ebl) byste museli pravd\u011bpodobn\u011b do pr\u00e1ce, proto\u017ee st\u00e1tn\u00edm sv\u00e1tkem je pouze 25. prosinec. Ten je hlavn\u00edm v\u00e1no\u010dn\u00edm sv\u00e1tkem. 24. prosince po pr\u00e1ci by v\u00e1s \u010dekala bohat\u00e1 ve\u010de\u0159e a n\u011bkte\u0159\u00ed by se vydali na p\u016flno\u010dn\u00ed m\u0161i (la messe de minuit) do nejbli\u017e\u0161\u00edho kostela nebo by str\u00e1vili ve\u010der s&nbsp;rodinou. N\u00e1sleduj\u00edc\u00ed den r\u00e1no by v\u00e1s pod strome\u010dkem \u010dekala hromada d\u00e1rk\u016f, kter\u00e9 nos\u00ed p\u00e8re No\u00ebl. D\u00e1rky se mu nos\u00ed l\u00e9pe ne\u017e Je\u017e\u00edskovi, proto\u017ee je to statn\u00fd mu\u017e...","og_url":"https:\/\/www.jc-correct.com\/blog\/jak-se-slavi-vanoce-ve-francii\/","og_site_name":"BLOG: Jazykov\u00e9 centrum Correct","article_publisher":"https:\/\/www.facebook.com\/correct.jazykove.centrum\/","article_author":"https:\/\/www.facebook.com\/correct.jazykove.centrum\/","article_published_time":"2019-12-04T13:19:45+00:00","article_modified_time":"2023-01-03T09:20:33+00:00","og_image":[{"width":1024,"height":683,"url":"https:\/\/www.jc-correct.com\/blog\/wp-content\/uploads\/2019\/12\/v\u00e1no\u010dn\u00ed-poleno2.jpg","type":"image\/jpeg"}],"author":"Jazykov\u00e9 centrum Correct","twitter_card":"summary_large_image","twitter_misc":{"Napsal(a)":"Jazykov\u00e9 centrum Correct","Odhadovan\u00e1 doba \u010dten\u00ed":"4 minuty"},"schema":{"@context":"https:\/\/schema.org","@graph":[{"@type":"Article","@id":"https:\/\/www.jc-correct.com\/blog\/jak-se-slavi-vanoce-ve-francii\/#article","isPartOf":{"@id":"https:\/\/www.jc-correct.com\/blog\/jak-se-slavi-vanoce-ve-francii\/"},"author":{"name":"Jazykov\u00e9 centrum Correct","@id":"https:\/\/www.jc-correct.com\/blog\/#\/schema\/person\/b9bf371b1acd1da12d78ae5cc8021d60"},"headline":"Jak se slav\u00ed V\u00e1noce ve Francii, aneb pod strome\u010dkem Je\u017e\u00ed\u0161ek nebo poleno?","datePublished":"2019-12-04T13:19:45+00:00","dateModified":"2023-01-03T09:20:33+00:00","mainEntityOfPage":{"@id":"https:\/\/www.jc-correct.com\/blog\/jak-se-slavi-vanoce-ve-francii\/"},"wordCount":599,"publisher":{"@id":"https:\/\/www.jc-correct.com\/blog\/#organization"},"image":{"@id":"https:\/\/www.jc-correct.com\/blog\/jak-se-slavi-vanoce-ve-francii\/#primaryimage"},"thumbnailUrl":"https:\/\/www.jc-correct.com\/blog\/wp-content\/uploads\/2019\/12\/v\u00e1no\u010dn\u00ed-poleno2.jpg","keywords":["francouzsk\u00e9 V\u00e1noce","francouzsk\u00e9 v\u00e1no\u010dn\u00ed dezerty","francouzsk\u00e9 v\u00e1no\u010dn\u00ed speciality","francouzsk\u00e9 v\u00e1no\u010dn\u00ed zvyky","\u0160t\u011bdr\u00fd den ve Francii","V\u00e1noce ve Francii","v\u00e1no\u010dn\u00ed poleno"],"articleSection":["Novinky","Tipy ke studiu","Tipy ke studiu francouz\u0161tiny"],"inLanguage":"cs"},{"@type":"WebPage","@id":"https:\/\/www.jc-correct.com\/blog\/jak-se-slavi-vanoce-ve-francii\/","url":"https:\/\/www.jc-correct.com\/blog\/jak-se-slavi-vanoce-ve-francii\/","name":"Jak se slav\u00ed V\u00e1noce ve Francii, aneb pod strome\u010dkem Je\u017e\u00ed\u0161ek nebo poleno? - BLOG: Jazykov\u00e9 centrum Correct","isPartOf":{"@id":"https:\/\/www.jc-correct.com\/blog\/#website"},"primaryImageOfPage":{"@id":"https:\/\/www.jc-correct.com\/blog\/jak-se-slavi-vanoce-ve-francii\/#primaryimage"},"image":{"@id":"https:\/\/www.jc-correct.com\/blog\/jak-se-slavi-vanoce-ve-francii\/#primaryimage"},"thumbnailUrl":"https:\/\/www.jc-correct.com\/blog\/wp-content\/uploads\/2019\/12\/v\u00e1no\u010dn\u00ed-poleno2.jpg","datePublished":"2019-12-04T13:19:45+00:00","dateModified":"2023-01-03T09:20:33+00:00","breadcrumb":{"@id":"https:\/\/www.jc-correct.com\/blog\/jak-se-slavi-vanoce-ve-francii\/#breadcrumb"},"inLanguage":"cs","potentialAction":[{"@type":"ReadAction","target":["https:\/\/www.jc-correct.com\/blog\/jak-se-slavi-vanoce-ve-francii\/"]}]},{"@type":"ImageObject","inLanguage":"cs","@id":"https:\/\/www.jc-correct.com\/blog\/jak-se-slavi-vanoce-ve-francii\/#primaryimage","url":"https:\/\/www.jc-correct.com\/blog\/wp-content\/uploads\/2019\/12\/v\u00e1no\u010dn\u00ed-poleno2.jpg","contentUrl":"https:\/\/www.jc-correct.com\/blog\/wp-content\/uploads\/2019\/12\/v\u00e1no\u010dn\u00ed-poleno2.jpg","width":1024,"height":683},{"@type":"BreadcrumbList","@id":"https:\/\/www.jc-correct.com\/blog\/jak-se-slavi-vanoce-ve-francii\/#breadcrumb","itemListElement":[{"@type":"ListItem","position":1,"name":"Dom\u016f","item":"https:\/\/www.jc-correct.com\/blog\/"},{"@type":"ListItem","position":2,"name":"Jak se slav\u00ed V\u00e1noce ve Francii, aneb pod strome\u010dkem Je\u017e\u00ed\u0161ek nebo poleno?"}]},{"@type":"WebSite","@id":"https:\/\/www.jc-correct.com\/blog\/#website","url":"https:\/\/www.jc-correct.com\/blog\/","name":"BLOG: Jazykov\u00e9 centrum Correct","description":"","publisher":{"@id":"https:\/\/www.jc-correct.com\/blog\/#organization"},"potentialAction":[{"@type":"SearchAction","target":{"@type":"EntryPoint","urlTemplate":"https:\/\/www.jc-correct.com\/blog\/?s={search_term_string}"},"query-input":"required name=search_term_string"}],"inLanguage":"cs"},{"@type":"Organization","@id":"https:\/\/www.jc-correct.com\/blog\/#organization","name":"Jazykov\u00e9 centrum Correct, s.r.o.","url":"https:\/\/www.jc-correct.com\/blog\/","logo":{"@type":"ImageObject","inLanguage":"cs","@id":"https:\/\/www.jc-correct.com\/blog\/#\/schema\/logo\/image\/","url":"https:\/\/www.jc-correct.com\/blog\/wp-content\/uploads\/2019\/09\/logo.png","contentUrl":"https:\/\/www.jc-correct.com\/blog\/wp-content\/uploads\/2019\/09\/logo.png","width":228,"height":89,"caption":"Jazykov\u00e9 centrum Correct, s.r.o."},"image":{"@id":"https:\/\/www.jc-correct.com\/blog\/#\/schema\/logo\/image\/"},"sameAs":["https:\/\/www.facebook.com\/correct.jazykove.centrum\/","https:\/\/www.instagram.com\/wearecorrect\/","https:\/\/www.linkedin.com\/company\/correct-language-centre\/","https:\/\/www.youtube.com\/channel\/UCqO47fnZwWjEqjOG57A7rZA\/featured"]},{"@type":"Person","@id":"https:\/\/www.jc-correct.com\/blog\/#\/schema\/person\/b9bf371b1acd1da12d78ae5cc8021d60","name":"Jazykov\u00e9 centrum Correct","image":{"@type":"ImageObject","inLanguage":"cs","@id":"https:\/\/www.jc-correct.com\/blog\/#\/schema\/person\/image\/","url":"https:\/\/www.jc-correct.com\/blog\/wp-content\/uploads\/2019\/09\/correct_fajfka-150x150.png","contentUrl":"https:\/\/www.jc-correct.com\/blog\/wp-content\/uploads\/2019\/09\/correct_fajfka-150x150.png","caption":"Jazykov\u00e9 centrum Correct"},"description":"U\u010d\u00edme jazyky, p\u0159ekl\u00e1d\u00e1me, korigujeme, tlumo\u010d\u00edme, provozujeme Knihovnu cizojazy\u010dn\u00e9 literatury, vzd\u011bl\u00e1v\u00e1me, informujeme a bav\u00edme v\u00e1s...","sameAs":["https:\/\/www.jc-correct.com\/","https:\/\/www.facebook.com\/correct.jazykove.centrum\/","https:\/\/www.instagram.com\/wearecorrect\/","https:\/\/cz.linkedin.com\/company\/correct-language-centre","https:\/\/www.youtube.com\/channel\/UCqO47fnZwWjEqjOG57A7rZA\/featured"],"url":"https:\/\/www.jc-correct.com\/blog\/author\/correct\/"}]}},"_links":{"self":[{"href":"https:\/\/www.jc-correct.com\/blog\/wp-json\/wp\/v2\/posts\/1629","targetHints":{"allow":["GET"]}}],"collection":[{"href":"https:\/\/www.jc-correct.com\/blog\/wp-json\/wp\/v2\/posts"}],"about":[{"href":"https:\/\/www.jc-correct.com\/blog\/wp-json\/wp\/v2\/types\/post"}],"author":[{"embeddable":true,"href":"https:\/\/www.jc-correct.com\/blog\/wp-json\/wp\/v2\/users\/5"}],"replies":[{"embeddable":true,"href":"https:\/\/www.jc-correct.com\/blog\/wp-json\/wp\/v2\/comments?post=1629"}],"version-history":[{"count":21,"href":"https:\/\/www.jc-correct.com\/blog\/wp-json\/wp\/v2\/posts\/1629\/revisions"}],"predecessor-version":[{"id":3661,"href":"https:\/\/www.jc-correct.com\/blog\/wp-json\/wp\/v2\/posts\/1629\/revisions\/3661"}],"wp:featuredmedia":[{"embeddable":true,"href":"https:\/\/www.jc-correct.com\/blog\/wp-json\/wp\/v2\/media\/1632"}],"wp:attachment":[{"href":"https:\/\/www.jc-correct.com\/blog\/wp-json\/wp\/v2\/media?parent=1629"}],"wp:term":[{"taxonomy":"category","embeddable":true,"href":"https:\/\/www.jc-correct.com\/blog\/wp-json\/wp\/v2\/categories?post=1629"},{"taxonomy":"post_tag","embeddable":true,"href":"https:\/\/www.jc-correct.com\/blog\/wp-json\/wp\/v2\/tags?post=1629"}],"curies":[{"name":"wp","href":"https:\/\/api.w.org\/{rel}","templated":true}]}}