{"id":1619,"date":"2019-12-04T14:19:59","date_gmt":"2019-12-04T13:19:59","guid":{"rendered":"https:\/\/www.jc-correct.com\/blog\/?p=1619"},"modified":"2023-01-03T10:23:47","modified_gmt":"2023-01-03T09:23:47","slug":"jak-se-slavi-vanoce-ve-francii-vyzdoba","status":"publish","type":"post","link":"https:\/\/www.jc-correct.com\/blog\/jak-se-slavi-vanoce-ve-francii-vyzdoba\/","title":{"rendered":"P\u0159edv\u00e1no\u010dn\u00ed Francie &#8211; kdy\u017e se rozsv\u00edt\u00ed m\u011bsto sv\u011btel"},"content":{"rendered":"\n<p class=\"wp-block-paragraph\">Sv\u00e1tky na konci roku jsou ve Francii, tak jako v&nbsp;jin\u00fdch evropsk\u00fdch st\u00e1tech, spojen\u00e9 s&nbsp;k\u0159es\u0165anskou tradic\u00ed. T\u00e9m\u011b\u0159 v&nbsp;ka\u017ed\u00e9 dom\u00e1cnosti najdete v\u00e1no\u010dn\u00ed strome\u010dek (le sapin) a pod strome\u010dkem betl\u00e9m (la cr\u00e8che). V\u0161ude kolem usly\u0161\u00edte v\u00e1no\u010dn\u00ed koledy, kter\u00e9 zn\u011bj\u00ed z&nbsp;obchod\u016f od prvn\u00edho momentu, kdy obchodn\u00edk\u016fm p\u0159ijde vhodn\u00fd moment za\u010d\u00edt p\u016fsobit na pen\u011b\u017eenky z\u00e1kazn\u00edk\u016f v\u00e1no\u010dn\u00edmi zp\u011bvy. <\/p>\n\n\n\n<p class=\"wp-block-paragraph\">V\u00e1no\u010dn\u00ed obdob\u00ed je \u201eofici\u00e1ln\u011b\u201c zah\u00e1jeno 5. prosince, kdy, podobn\u011b jako u n\u00e1s, p\u0159ich\u00e1z\u00ed Mikul\u00e1\u0161, aby d\u011btem rozdal sladkosti. Ti, kte\u0159\u00ed mysl\u00ed na druh\u00e9, nechaj\u00ed v pr\u00e1zdn\u00e9 bot\u011b nebo pono\u017ece na d\u00e1rky tak\u00e9 cukr a mrkev pro osl\u00edka, kter\u00fd Mikul\u00e1\u0161e doprov\u00e1z\u00ed. <\/p>\n\n\n\n<h4 class=\"wp-block-heading\">Budi\u017e sv\u011btlo!<\/h4>\n\n\n\n<p class=\"wp-block-paragraph\">Pokud se ka\u017ed\u00fd rok t\u011b\u0161\u00edte na prvn\u00ed v\u00e1no\u010dn\u00ed sv\u011bt\u00fdlka, tak pro v\u00e1s bude ur\u010dit\u011b zaj\u00edmav\u00fdm momentem rozsv\u00edcen\u00ed hlavn\u00edho bulv\u00e1ru Pa\u0159\u00ed\u017ee \u2013 Champs-Elys\u00e9es, kter\u00e9 je v\u017edy hlavn\u00ed ud\u00e1lost\u00ed pro m\u011bsto sv\u011btel v&nbsp;p\u0159edv\u00e1no\u010dn\u00edm obdob\u00ed. T\u00edmto dnem tak\u00e9 za\u010d\u00ednaj\u00ed v\u00e1no\u010dn\u00ed trhy na Elysejsk\u00fdch pol\u00edch a v&nbsp;modern\u00ed \u010dtvrti La D\u00e9fense. <\/p>\n\n\n\n<p class=\"wp-block-paragraph\">P\u0159es to, \u017ee je Pa\u0159\u00ed\u017e m\u011bsto sv\u011btel, se podle m\u00e9ho m\u00edn\u011bn\u00ed v\u00e1no\u010dn\u00ed st\u00e1nky hod\u00ed sp\u00ed\u0161e do \u0160trasburku nebo V\u00eddn\u011b. V&nbsp;Pa\u0159\u00ed\u017ei si rad\u011bji zajdu do tradi\u010dn\u00edho bistra nebo kav\u00e1rny, a st\u00e1nky se sva\u0159en\u00fdm v\u00ednem nech\u00e1m turist\u016fm. <\/p>\n\n\n\n<div class=\"wp-block-image\"><figure class=\"aligncenter is-resized\"><img loading=\"lazy\" decoding=\"async\" src=\"https:\/\/www.jc-correct.com\/blog\/wp-content\/uploads\/2019\/12\/v\u00e1no\u010dn\u00ed-v\u00fdzdoba-z\u00e1mek-Vaux-le-Vicomte.jpg\" alt=\"\" class=\"wp-image-1622 lazyload\" width=\"773\" height=\"502\"\/><figcaption> V\u00fdzdoba na z\u00e1mku Vaux-le-Vicomte <br>sortiraparis.com<\/figcaption><\/figure><\/div>\n\n\n\n<p class=\"wp-block-paragraph\">Vkusn\u011bj\u0161\u00ed \u010dasto b\u00fdv\u00e1 v\u00e1no\u010dn\u00ed v\u00fdzdoba na r\u016fzn\u00fdch z\u00e1mc\u00edch po cel\u00e9 Francii \u2013 osobn\u011b doporu\u010duji z\u00e1mek Vaux-le-Vicomte (asi 60 km od Pa\u0159\u00ed\u017ee). <\/p>\n\n\n\n<figure class=\"wp-block-image is-resized\"><img loading=\"lazy\" decoding=\"async\" src=\"https:\/\/www.jc-correct.com\/blog\/wp-content\/uploads\/2019\/12\/v\u00e1no\u010dn\u00ed-v\u00fdzdoba-v-Galerie-Lafayette.jpg\" alt=\"\" class=\"wp-image-1623 lazyload\" width=\"773\" height=\"419\"\/><figcaption>V\u00fdzdoba v galerii Lafayette <br>parissecret.com<\/figcaption><\/figure>\n\n\n\n<p class=\"wp-block-paragraph\">Jestli se ocitnete v&nbsp;adventn\u00edm \u010dase v&nbsp;hlavn\u00edm m\u011bst\u011b, ur\u010dit\u011b se proderte davy turist\u016f a zajd\u011bte se pod\u00edvat na v\u00e1no\u010dn\u00ed v\u00fdzdobu do obchodn\u00ed galerie Lafayette (n\u011bco jako hodn\u011b luxusn\u00ed brn\u011bnsk\u00e1 Va\u0148kovka, kter\u00e1 ov\u0161em pot\u011b\u0161\u00ed i oko milovn\u00edka architektury, proto\u017ee budova byla postavena na p\u0159elomu 19. a 20. stolet\u00ed a na secesn\u00ed v\u00fdzdob\u011b se opravdu ne\u0161et\u0159ilo). O v\u00e1no\u010dn\u00edm strome\u010dku, kter\u00fd je ka\u017ed\u00fd rok n\u011b\u010d\u00edm netradi\u010dn\u00ed, se mluv\u00ed minim\u00e1ln\u011b v&nbsp;cel\u00e9m regionu \u2013 letos je t\u00e9matem \u201ev\u00e1no\u010dn\u00ed \u00fal\u201c, tak\u017ee strom zav\u011b\u0161en\u00fd nad hlavami turist\u016f je vyzdoben spoustou kv\u011bt\u016f, nad kter\u00fdmi tr\u016fn\u00ed obrovsk\u00e1 v\u010dela. <\/p>\n\n\n\n<p class=\"wp-block-paragraph\">Jak oslavit V\u00e1noce po francouzsku? <a href=\"https:\/\/www.jc-correct.com\/blog\/pod-stromeckem-jezisek-nebo-poleno-aneb-jak-se-slavi-vanoce-ve-francii\/\">\u010ct\u011bte d\u00e1le<\/a>.<\/p>\n\n\n\n<hr class=\"wp-block-separator\"\/>\n\n\n\n<p class=\"wp-block-paragraph\">Cht\u011bli byste se za\u010d\u00edt u\u010dit francouzsky? \u017d\u00e1dn\u00fd probl\u00e9m. Sta\u010d\u00ed vyplnit n\u00e1\u0161 <a href=\"https:\/\/www.jc-correct.com\/individualni-vyuka-francouzstiny-brno\">formul\u00e1\u0159 pro individu\u00e1ln\u00ed v\u00fduku<\/a> a m\u016f\u017eete za\u010d\u00edt studovat bu\u010f p\u0159\u00edmo v u\u010debn\u00e1ch Correctu, nebo pohodln\u011b doma <a href=\"https:\/\/www.jc-correct.com\/online-vyuka-francouzstiny\">online<\/a>. \u017de byste d\u00e1vali p\u0159ednost skupinov\u00e9 v\u00fduce? R\u00e1di v\u00e1s uvid\u00edme na na\u0161ich <a href=\"https:\/\/www.jc-correct.com\/kurzy-francouzstiny-brno\">skupinov\u00fdch kurzech francouz\u0161tiny.<\/a> \ud83d\ude42 <\/p>\n\n\n\n<div class=\"wp-block-image\"><figure class=\"aligncenter is-resized\"><img loading=\"lazy\" decoding=\"async\" src=\"https:\/\/www.jc-correct.com\/blog\/wp-content\/uploads\/2019\/09\/Jazykov\u00e9-centrum-Correct-1.png\" alt=\"\" class=\"wp-image-987 lazyload\" width=\"576\" height=\"286\" data-srcset=\"https:\/\/www.jc-correct.com\/blog\/wp-content\/uploads\/2019\/09\/Jazykov\u00e9-centrum-Correct-1.png 902w, https:\/\/www.jc-correct.com\/blog\/wp-content\/uploads\/2019\/09\/Jazykov\u00e9-centrum-Correct-1-300x149.png 300w, https:\/\/www.jc-correct.com\/blog\/wp-content\/uploads\/2019\/09\/Jazykov\u00e9-centrum-Correct-1-768x382.png 768w, https:\/\/www.jc-correct.com\/blog\/wp-content\/uploads\/2019\/09\/Jazykov\u00e9-centrum-Correct-1-624x311.png 624w\" sizes=\"auto\" \/><\/figure><\/div>\n","protected":false},"excerpt":{"rendered":"<p>Sv\u00e1tky na konci roku jsou ve Francii, tak jako v&nbsp;jin\u00fdch evropsk\u00fdch st\u00e1tech, spojen\u00e9 s&nbsp;k\u0159es\u0165anskou tradic\u00ed. T\u00e9m\u011b\u0159 v&nbsp;ka\u017ed\u00e9 dom\u00e1cnosti najdete v\u00e1no\u010dn\u00ed strome\u010dek (le sapin) a pod strome\u010dkem betl\u00e9m (la cr\u00e8che). V\u0161ude kolem usly\u0161\u00edte v\u00e1no\u010dn\u00ed koledy, kter\u00e9 zn\u011bj\u00ed z&nbsp;obchod\u016f od prvn\u00edho momentu, kdy obchodn\u00edk\u016fm p\u0159ijde vhodn\u00fd moment za\u010d\u00edt p\u016fsobit na pen\u011b\u017eenky z\u00e1kazn\u00edk\u016f v\u00e1no\u010dn\u00edmi zp\u011bvy. V\u00e1no\u010dn\u00ed obdob\u00ed je \u201eofici\u00e1ln\u011b\u201c zah\u00e1jeno 5. prosince, kdy, podobn\u011b jako u n\u00e1s, p\u0159ich\u00e1z\u00ed Mikul\u00e1\u0161, aby d\u011btem rozdal sladkosti. Ti, kte\u0159\u00ed mysl\u00ed na druh\u00e9, nechaj\u00ed v pr\u00e1zdn\u00e9 bot\u011b nebo pono\u017ece na d\u00e1rky tak\u00e9 cukr a mrkev pro osl\u00edka, kter\u00fd Mikul\u00e1\u0161e doprov\u00e1z\u00ed. Budi\u017e sv\u011btlo! Pokud se ka\u017ed\u00fd rok t\u011b\u0161\u00edte na&#8230;<\/p>\n","protected":false},"author":5,"featured_media":1626,"comment_status":"closed","ping_status":"open","sticky":false,"template":"","format":"standard","meta":{"_acf_changed":false,"footnotes":""},"categories":[3,242,559],"tags":[531,530,527,528,524,525,532,526,529],"class_list":["post-1619","post","type-post","status-publish","format-standard","has-post-thumbnail","hentry","category-novinky","category-tipy-ke-studiu","category-tipy-ke-studiu-francouzstiny","tag-champs-elysees","tag-galerie-lafayette","tag-predvanocni-pariz","tag-vanoce-v-parizi","tag-vanoce-ve-francii","tag-vanocni-pariz","tag-vanocni-trhy-ve-francii","tag-vanocni-vyzdoba-ve-francii","tag-vanocni-zamek-vaux-le-vicomte"],"acf":[],"yoast_head":"<!-- This site is optimized with the Yoast SEO plugin v28.0 - https:\/\/yoast.com\/product\/yoast-seo-wordpress\/ -->\n<title>P\u0159edv\u00e1no\u010dn\u00ed Francie - kdy\u017e se rozsv\u00edt\u00ed m\u011bsto sv\u011btel - BLOG: Jazykov\u00e9 centrum Correct<\/title>\n<meta name=\"robots\" content=\"index, follow, max-snippet:-1, max-image-preview:large, max-video-preview:-1\" \/>\n<link rel=\"canonical\" href=\"https:\/\/www.jc-correct.com\/blog\/jak-se-slavi-vanoce-ve-francii-vyzdoba\/\" \/>\n<meta property=\"og:locale\" content=\"cs_CZ\" \/>\n<meta property=\"og:type\" content=\"article\" \/>\n<meta property=\"og:title\" content=\"P\u0159edv\u00e1no\u010dn\u00ed Francie - kdy\u017e se rozsv\u00edt\u00ed m\u011bsto sv\u011btel - BLOG: Jazykov\u00e9 centrum Correct\" \/>\n<meta property=\"og:description\" content=\"Sv\u00e1tky na konci roku jsou ve Francii, tak jako v&nbsp;jin\u00fdch evropsk\u00fdch st\u00e1tech, spojen\u00e9 s&nbsp;k\u0159es\u0165anskou tradic\u00ed. T\u00e9m\u011b\u0159 v&nbsp;ka\u017ed\u00e9 dom\u00e1cnosti najdete v\u00e1no\u010dn\u00ed strome\u010dek (le sapin) a pod strome\u010dkem betl\u00e9m (la cr\u00e8che). V\u0161ude kolem usly\u0161\u00edte v\u00e1no\u010dn\u00ed koledy, kter\u00e9 zn\u011bj\u00ed z&nbsp;obchod\u016f od prvn\u00edho momentu, kdy obchodn\u00edk\u016fm p\u0159ijde vhodn\u00fd moment za\u010d\u00edt p\u016fsobit na pen\u011b\u017eenky z\u00e1kazn\u00edk\u016f v\u00e1no\u010dn\u00edmi zp\u011bvy. V\u00e1no\u010dn\u00ed obdob\u00ed je \u201eofici\u00e1ln\u011b\u201c zah\u00e1jeno 5. prosince, kdy, podobn\u011b jako u n\u00e1s, p\u0159ich\u00e1z\u00ed Mikul\u00e1\u0161, aby d\u011btem rozdal sladkosti. Ti, kte\u0159\u00ed mysl\u00ed na druh\u00e9, nechaj\u00ed v pr\u00e1zdn\u00e9 bot\u011b nebo pono\u017ece na d\u00e1rky tak\u00e9 cukr a mrkev pro osl\u00edka, kter\u00fd Mikul\u00e1\u0161e doprov\u00e1z\u00ed. Budi\u017e sv\u011btlo! Pokud se ka\u017ed\u00fd rok t\u011b\u0161\u00edte na...\" \/>\n<meta property=\"og:url\" content=\"https:\/\/www.jc-correct.com\/blog\/jak-se-slavi-vanoce-ve-francii-vyzdoba\/\" \/>\n<meta property=\"og:site_name\" content=\"BLOG: Jazykov\u00e9 centrum Correct\" \/>\n<meta property=\"article:publisher\" content=\"https:\/\/www.facebook.com\/correct.jazykove.centrum\/\" \/>\n<meta property=\"article:author\" content=\"https:\/\/www.facebook.com\/correct.jazykove.centrum\/\" \/>\n<meta property=\"article:published_time\" content=\"2019-12-04T13:19:59+00:00\" \/>\n<meta property=\"article:modified_time\" content=\"2023-01-03T09:23:47+00:00\" \/>\n<meta property=\"og:image\" content=\"https:\/\/www.jc-correct.com\/blog\/wp-content\/uploads\/2019\/12\/V\u00e1noce-ve-Francii.jpg\" \/>\n\t<meta property=\"og:image:width\" content=\"633\" \/>\n\t<meta property=\"og:image:height\" content=\"434\" \/>\n\t<meta property=\"og:image:type\" content=\"image\/jpeg\" \/>\n<meta name=\"author\" content=\"Jazykov\u00e9 centrum Correct\" \/>\n<meta name=\"twitter:card\" content=\"summary_large_image\" \/>\n<meta name=\"twitter:label1\" content=\"Napsal(a)\" \/>\n\t<meta name=\"twitter:data1\" content=\"Jazykov\u00e9 centrum Correct\" \/>\n\t<meta name=\"twitter:label2\" content=\"Odhadovan\u00e1 doba \u010dten\u00ed\" \/>\n\t<meta name=\"twitter:data2\" content=\"3 minuty\" \/>\n<script type=\"application\/ld+json\" class=\"yoast-schema-graph\">{\"@context\":\"https:\\\/\\\/schema.org\",\"@graph\":[{\"@type\":\"Article\",\"@id\":\"https:\\\/\\\/www.jc-correct.com\\\/blog\\\/jak-se-slavi-vanoce-ve-francii-vyzdoba\\\/#article\",\"isPartOf\":{\"@id\":\"https:\\\/\\\/www.jc-correct.com\\\/blog\\\/jak-se-slavi-vanoce-ve-francii-vyzdoba\\\/\"},\"author\":{\"name\":\"Jazykov\u00e9 centrum Correct\",\"@id\":\"https:\\\/\\\/www.jc-correct.com\\\/blog\\\/#\\\/schema\\\/person\\\/b9bf371b1acd1da12d78ae5cc8021d60\"},\"headline\":\"P\u0159edv\u00e1no\u010dn\u00ed Francie &#8211; kdy\u017e se rozsv\u00edt\u00ed m\u011bsto sv\u011btel\",\"datePublished\":\"2019-12-04T13:19:59+00:00\",\"dateModified\":\"2023-01-03T09:23:47+00:00\",\"mainEntityOfPage\":{\"@id\":\"https:\\\/\\\/www.jc-correct.com\\\/blog\\\/jak-se-slavi-vanoce-ve-francii-vyzdoba\\\/\"},\"wordCount\":547,\"publisher\":{\"@id\":\"https:\\\/\\\/www.jc-correct.com\\\/blog\\\/#organization\"},\"image\":{\"@id\":\"https:\\\/\\\/www.jc-correct.com\\\/blog\\\/jak-se-slavi-vanoce-ve-francii-vyzdoba\\\/#primaryimage\"},\"thumbnailUrl\":\"https:\\\/\\\/www.jc-correct.com\\\/blog\\\/wp-content\\\/uploads\\\/2019\\\/12\\\/V\u00e1noce-ve-Francii.jpg\",\"keywords\":[\"Champs-Elys\u00e9es\",\"galerie Lafayette\",\"p\u0159edv\u00e1no\u010dn\u00ed Pa\u0159\u00ed\u017e\",\"V\u00e1noce v Pa\u0159\u00ed\u017ei\",\"V\u00e1noce ve Francii\",\"v\u00e1no\u010dn\u00ed Pa\u0159\u00ed\u017e\",\"v\u00e1no\u010dn\u00ed trhy ve Francii\",\"v\u00e1no\u010dn\u00ed v\u00fdzdoba ve Francii\",\"v\u00e1no\u010dn\u00ed z\u00e1mek Vaux-le-Vicomte\"],\"articleSection\":[\"Novinky\",\"Tipy ke studiu\",\"Tipy ke studiu francouz\u0161tiny\"],\"inLanguage\":\"cs\"},{\"@type\":\"WebPage\",\"@id\":\"https:\\\/\\\/www.jc-correct.com\\\/blog\\\/jak-se-slavi-vanoce-ve-francii-vyzdoba\\\/\",\"url\":\"https:\\\/\\\/www.jc-correct.com\\\/blog\\\/jak-se-slavi-vanoce-ve-francii-vyzdoba\\\/\",\"name\":\"P\u0159edv\u00e1no\u010dn\u00ed Francie - kdy\u017e se rozsv\u00edt\u00ed m\u011bsto sv\u011btel - BLOG: Jazykov\u00e9 centrum Correct\",\"isPartOf\":{\"@id\":\"https:\\\/\\\/www.jc-correct.com\\\/blog\\\/#website\"},\"primaryImageOfPage\":{\"@id\":\"https:\\\/\\\/www.jc-correct.com\\\/blog\\\/jak-se-slavi-vanoce-ve-francii-vyzdoba\\\/#primaryimage\"},\"image\":{\"@id\":\"https:\\\/\\\/www.jc-correct.com\\\/blog\\\/jak-se-slavi-vanoce-ve-francii-vyzdoba\\\/#primaryimage\"},\"thumbnailUrl\":\"https:\\\/\\\/www.jc-correct.com\\\/blog\\\/wp-content\\\/uploads\\\/2019\\\/12\\\/V\u00e1noce-ve-Francii.jpg\",\"datePublished\":\"2019-12-04T13:19:59+00:00\",\"dateModified\":\"2023-01-03T09:23:47+00:00\",\"breadcrumb\":{\"@id\":\"https:\\\/\\\/www.jc-correct.com\\\/blog\\\/jak-se-slavi-vanoce-ve-francii-vyzdoba\\\/#breadcrumb\"},\"inLanguage\":\"cs\",\"potentialAction\":[{\"@type\":\"ReadAction\",\"target\":[\"https:\\\/\\\/www.jc-correct.com\\\/blog\\\/jak-se-slavi-vanoce-ve-francii-vyzdoba\\\/\"]}]},{\"@type\":\"ImageObject\",\"inLanguage\":\"cs\",\"@id\":\"https:\\\/\\\/www.jc-correct.com\\\/blog\\\/jak-se-slavi-vanoce-ve-francii-vyzdoba\\\/#primaryimage\",\"url\":\"https:\\\/\\\/www.jc-correct.com\\\/blog\\\/wp-content\\\/uploads\\\/2019\\\/12\\\/V\u00e1noce-ve-Francii.jpg\",\"contentUrl\":\"https:\\\/\\\/www.jc-correct.com\\\/blog\\\/wp-content\\\/uploads\\\/2019\\\/12\\\/V\u00e1noce-ve-Francii.jpg\",\"width\":633,\"height\":434},{\"@type\":\"BreadcrumbList\",\"@id\":\"https:\\\/\\\/www.jc-correct.com\\\/blog\\\/jak-se-slavi-vanoce-ve-francii-vyzdoba\\\/#breadcrumb\",\"itemListElement\":[{\"@type\":\"ListItem\",\"position\":1,\"name\":\"Dom\u016f\",\"item\":\"https:\\\/\\\/www.jc-correct.com\\\/blog\\\/\"},{\"@type\":\"ListItem\",\"position\":2,\"name\":\"P\u0159edv\u00e1no\u010dn\u00ed Francie &#8211; kdy\u017e se rozsv\u00edt\u00ed m\u011bsto sv\u011btel\"}]},{\"@type\":\"WebSite\",\"@id\":\"https:\\\/\\\/www.jc-correct.com\\\/blog\\\/#website\",\"url\":\"https:\\\/\\\/www.jc-correct.com\\\/blog\\\/\",\"name\":\"BLOG: Jazykov\u00e9 centrum Correct\",\"description\":\"\",\"publisher\":{\"@id\":\"https:\\\/\\\/www.jc-correct.com\\\/blog\\\/#organization\"},\"potentialAction\":[{\"@type\":\"SearchAction\",\"target\":{\"@type\":\"EntryPoint\",\"urlTemplate\":\"https:\\\/\\\/www.jc-correct.com\\\/blog\\\/?s={search_term_string}\"},\"query-input\":{\"@type\":\"PropertyValueSpecification\",\"valueRequired\":true,\"valueName\":\"search_term_string\"}}],\"inLanguage\":\"cs\"},{\"@type\":\"Organization\",\"@id\":\"https:\\\/\\\/www.jc-correct.com\\\/blog\\\/#organization\",\"name\":\"Jazykov\u00e9 centrum Correct, s.r.o.\",\"url\":\"https:\\\/\\\/www.jc-correct.com\\\/blog\\\/\",\"logo\":{\"@type\":\"ImageObject\",\"inLanguage\":\"cs\",\"@id\":\"https:\\\/\\\/www.jc-correct.com\\\/blog\\\/#\\\/schema\\\/logo\\\/image\\\/\",\"url\":\"https:\\\/\\\/www.jc-correct.com\\\/blog\\\/wp-content\\\/uploads\\\/2019\\\/09\\\/logo.png\",\"contentUrl\":\"https:\\\/\\\/www.jc-correct.com\\\/blog\\\/wp-content\\\/uploads\\\/2019\\\/09\\\/logo.png\",\"width\":228,\"height\":89,\"caption\":\"Jazykov\u00e9 centrum Correct, s.r.o.\"},\"image\":{\"@id\":\"https:\\\/\\\/www.jc-correct.com\\\/blog\\\/#\\\/schema\\\/logo\\\/image\\\/\"},\"sameAs\":[\"https:\\\/\\\/www.facebook.com\\\/correct.jazykove.centrum\\\/\",\"https:\\\/\\\/www.instagram.com\\\/wearecorrect\\\/\",\"https:\\\/\\\/www.linkedin.com\\\/company\\\/correct-language-centre\\\/\",\"https:\\\/\\\/www.youtube.com\\\/channel\\\/UCqO47fnZwWjEqjOG57A7rZA\\\/featured\"]},{\"@type\":\"Person\",\"@id\":\"https:\\\/\\\/www.jc-correct.com\\\/blog\\\/#\\\/schema\\\/person\\\/b9bf371b1acd1da12d78ae5cc8021d60\",\"name\":\"Jazykov\u00e9 centrum Correct\",\"image\":{\"@type\":\"ImageObject\",\"inLanguage\":\"cs\",\"@id\":\"https:\\\/\\\/www.jc-correct.com\\\/blog\\\/wp-content\\\/uploads\\\/2019\\\/09\\\/correct_fajfka-150x150.png\",\"url\":\"https:\\\/\\\/www.jc-correct.com\\\/blog\\\/wp-content\\\/uploads\\\/2019\\\/09\\\/correct_fajfka-150x150.png\",\"contentUrl\":\"https:\\\/\\\/www.jc-correct.com\\\/blog\\\/wp-content\\\/uploads\\\/2019\\\/09\\\/correct_fajfka-150x150.png\",\"caption\":\"Jazykov\u00e9 centrum Correct\"},\"description\":\"U\u010d\u00edme jazyky, p\u0159ekl\u00e1d\u00e1me, korigujeme, tlumo\u010d\u00edme, provozujeme Knihovnu cizojazy\u010dn\u00e9 literatury, vzd\u011bl\u00e1v\u00e1me, informujeme a bav\u00edme v\u00e1s...\",\"sameAs\":[\"https:\\\/\\\/www.jc-correct.com\\\/\",\"https:\\\/\\\/www.facebook.com\\\/correct.jazykove.centrum\\\/\",\"https:\\\/\\\/www.instagram.com\\\/wearecorrect\\\/\",\"https:\\\/\\\/cz.linkedin.com\\\/company\\\/correct-language-centre\",\"https:\\\/\\\/www.youtube.com\\\/channel\\\/UCqO47fnZwWjEqjOG57A7rZA\\\/featured\"],\"url\":\"https:\\\/\\\/www.jc-correct.com\\\/blog\\\/author\\\/correct\\\/\"}]}<\/script>\n<!-- \/ Yoast SEO plugin. -->","yoast_head_json":{"title":"P\u0159edv\u00e1no\u010dn\u00ed Francie - kdy\u017e se rozsv\u00edt\u00ed m\u011bsto sv\u011btel - BLOG: Jazykov\u00e9 centrum Correct","robots":{"index":"index","follow":"follow","max-snippet":"max-snippet:-1","max-image-preview":"max-image-preview:large","max-video-preview":"max-video-preview:-1"},"canonical":"https:\/\/www.jc-correct.com\/blog\/jak-se-slavi-vanoce-ve-francii-vyzdoba\/","og_locale":"cs_CZ","og_type":"article","og_title":"P\u0159edv\u00e1no\u010dn\u00ed Francie - kdy\u017e se rozsv\u00edt\u00ed m\u011bsto sv\u011btel - BLOG: Jazykov\u00e9 centrum Correct","og_description":"Sv\u00e1tky na konci roku jsou ve Francii, tak jako v&nbsp;jin\u00fdch evropsk\u00fdch st\u00e1tech, spojen\u00e9 s&nbsp;k\u0159es\u0165anskou tradic\u00ed. T\u00e9m\u011b\u0159 v&nbsp;ka\u017ed\u00e9 dom\u00e1cnosti najdete v\u00e1no\u010dn\u00ed strome\u010dek (le sapin) a pod strome\u010dkem betl\u00e9m (la cr\u00e8che). V\u0161ude kolem usly\u0161\u00edte v\u00e1no\u010dn\u00ed koledy, kter\u00e9 zn\u011bj\u00ed z&nbsp;obchod\u016f od prvn\u00edho momentu, kdy obchodn\u00edk\u016fm p\u0159ijde vhodn\u00fd moment za\u010d\u00edt p\u016fsobit na pen\u011b\u017eenky z\u00e1kazn\u00edk\u016f v\u00e1no\u010dn\u00edmi zp\u011bvy. V\u00e1no\u010dn\u00ed obdob\u00ed je \u201eofici\u00e1ln\u011b\u201c zah\u00e1jeno 5. prosince, kdy, podobn\u011b jako u n\u00e1s, p\u0159ich\u00e1z\u00ed Mikul\u00e1\u0161, aby d\u011btem rozdal sladkosti. Ti, kte\u0159\u00ed mysl\u00ed na druh\u00e9, nechaj\u00ed v pr\u00e1zdn\u00e9 bot\u011b nebo pono\u017ece na d\u00e1rky tak\u00e9 cukr a mrkev pro osl\u00edka, kter\u00fd Mikul\u00e1\u0161e doprov\u00e1z\u00ed. Budi\u017e sv\u011btlo! Pokud se ka\u017ed\u00fd rok t\u011b\u0161\u00edte na...","og_url":"https:\/\/www.jc-correct.com\/blog\/jak-se-slavi-vanoce-ve-francii-vyzdoba\/","og_site_name":"BLOG: Jazykov\u00e9 centrum Correct","article_publisher":"https:\/\/www.facebook.com\/correct.jazykove.centrum\/","article_author":"https:\/\/www.facebook.com\/correct.jazykove.centrum\/","article_published_time":"2019-12-04T13:19:59+00:00","article_modified_time":"2023-01-03T09:23:47+00:00","og_image":[{"width":633,"height":434,"url":"https:\/\/www.jc-correct.com\/blog\/wp-content\/uploads\/2019\/12\/V\u00e1noce-ve-Francii.jpg","type":"image\/jpeg"}],"author":"Jazykov\u00e9 centrum Correct","twitter_card":"summary_large_image","twitter_misc":{"Napsal(a)":"Jazykov\u00e9 centrum Correct","Odhadovan\u00e1 doba \u010dten\u00ed":"3 minuty"},"schema":{"@context":"https:\/\/schema.org","@graph":[{"@type":"Article","@id":"https:\/\/www.jc-correct.com\/blog\/jak-se-slavi-vanoce-ve-francii-vyzdoba\/#article","isPartOf":{"@id":"https:\/\/www.jc-correct.com\/blog\/jak-se-slavi-vanoce-ve-francii-vyzdoba\/"},"author":{"name":"Jazykov\u00e9 centrum Correct","@id":"https:\/\/www.jc-correct.com\/blog\/#\/schema\/person\/b9bf371b1acd1da12d78ae5cc8021d60"},"headline":"P\u0159edv\u00e1no\u010dn\u00ed Francie &#8211; kdy\u017e se rozsv\u00edt\u00ed m\u011bsto sv\u011btel","datePublished":"2019-12-04T13:19:59+00:00","dateModified":"2023-01-03T09:23:47+00:00","mainEntityOfPage":{"@id":"https:\/\/www.jc-correct.com\/blog\/jak-se-slavi-vanoce-ve-francii-vyzdoba\/"},"wordCount":547,"publisher":{"@id":"https:\/\/www.jc-correct.com\/blog\/#organization"},"image":{"@id":"https:\/\/www.jc-correct.com\/blog\/jak-se-slavi-vanoce-ve-francii-vyzdoba\/#primaryimage"},"thumbnailUrl":"https:\/\/www.jc-correct.com\/blog\/wp-content\/uploads\/2019\/12\/V\u00e1noce-ve-Francii.jpg","keywords":["Champs-Elys\u00e9es","galerie Lafayette","p\u0159edv\u00e1no\u010dn\u00ed Pa\u0159\u00ed\u017e","V\u00e1noce v Pa\u0159\u00ed\u017ei","V\u00e1noce ve Francii","v\u00e1no\u010dn\u00ed Pa\u0159\u00ed\u017e","v\u00e1no\u010dn\u00ed trhy ve Francii","v\u00e1no\u010dn\u00ed v\u00fdzdoba ve Francii","v\u00e1no\u010dn\u00ed z\u00e1mek Vaux-le-Vicomte"],"articleSection":["Novinky","Tipy ke studiu","Tipy ke studiu francouz\u0161tiny"],"inLanguage":"cs"},{"@type":"WebPage","@id":"https:\/\/www.jc-correct.com\/blog\/jak-se-slavi-vanoce-ve-francii-vyzdoba\/","url":"https:\/\/www.jc-correct.com\/blog\/jak-se-slavi-vanoce-ve-francii-vyzdoba\/","name":"P\u0159edv\u00e1no\u010dn\u00ed Francie - kdy\u017e se rozsv\u00edt\u00ed m\u011bsto sv\u011btel - BLOG: Jazykov\u00e9 centrum Correct","isPartOf":{"@id":"https:\/\/www.jc-correct.com\/blog\/#website"},"primaryImageOfPage":{"@id":"https:\/\/www.jc-correct.com\/blog\/jak-se-slavi-vanoce-ve-francii-vyzdoba\/#primaryimage"},"image":{"@id":"https:\/\/www.jc-correct.com\/blog\/jak-se-slavi-vanoce-ve-francii-vyzdoba\/#primaryimage"},"thumbnailUrl":"https:\/\/www.jc-correct.com\/blog\/wp-content\/uploads\/2019\/12\/V\u00e1noce-ve-Francii.jpg","datePublished":"2019-12-04T13:19:59+00:00","dateModified":"2023-01-03T09:23:47+00:00","breadcrumb":{"@id":"https:\/\/www.jc-correct.com\/blog\/jak-se-slavi-vanoce-ve-francii-vyzdoba\/#breadcrumb"},"inLanguage":"cs","potentialAction":[{"@type":"ReadAction","target":["https:\/\/www.jc-correct.com\/blog\/jak-se-slavi-vanoce-ve-francii-vyzdoba\/"]}]},{"@type":"ImageObject","inLanguage":"cs","@id":"https:\/\/www.jc-correct.com\/blog\/jak-se-slavi-vanoce-ve-francii-vyzdoba\/#primaryimage","url":"https:\/\/www.jc-correct.com\/blog\/wp-content\/uploads\/2019\/12\/V\u00e1noce-ve-Francii.jpg","contentUrl":"https:\/\/www.jc-correct.com\/blog\/wp-content\/uploads\/2019\/12\/V\u00e1noce-ve-Francii.jpg","width":633,"height":434},{"@type":"BreadcrumbList","@id":"https:\/\/www.jc-correct.com\/blog\/jak-se-slavi-vanoce-ve-francii-vyzdoba\/#breadcrumb","itemListElement":[{"@type":"ListItem","position":1,"name":"Dom\u016f","item":"https:\/\/www.jc-correct.com\/blog\/"},{"@type":"ListItem","position":2,"name":"P\u0159edv\u00e1no\u010dn\u00ed Francie &#8211; kdy\u017e se rozsv\u00edt\u00ed m\u011bsto sv\u011btel"}]},{"@type":"WebSite","@id":"https:\/\/www.jc-correct.com\/blog\/#website","url":"https:\/\/www.jc-correct.com\/blog\/","name":"BLOG: Jazykov\u00e9 centrum Correct","description":"","publisher":{"@id":"https:\/\/www.jc-correct.com\/blog\/#organization"},"potentialAction":[{"@type":"SearchAction","target":{"@type":"EntryPoint","urlTemplate":"https:\/\/www.jc-correct.com\/blog\/?s={search_term_string}"},"query-input":{"@type":"PropertyValueSpecification","valueRequired":true,"valueName":"search_term_string"}}],"inLanguage":"cs"},{"@type":"Organization","@id":"https:\/\/www.jc-correct.com\/blog\/#organization","name":"Jazykov\u00e9 centrum Correct, s.r.o.","url":"https:\/\/www.jc-correct.com\/blog\/","logo":{"@type":"ImageObject","inLanguage":"cs","@id":"https:\/\/www.jc-correct.com\/blog\/#\/schema\/logo\/image\/","url":"https:\/\/www.jc-correct.com\/blog\/wp-content\/uploads\/2019\/09\/logo.png","contentUrl":"https:\/\/www.jc-correct.com\/blog\/wp-content\/uploads\/2019\/09\/logo.png","width":228,"height":89,"caption":"Jazykov\u00e9 centrum Correct, s.r.o."},"image":{"@id":"https:\/\/www.jc-correct.com\/blog\/#\/schema\/logo\/image\/"},"sameAs":["https:\/\/www.facebook.com\/correct.jazykove.centrum\/","https:\/\/www.instagram.com\/wearecorrect\/","https:\/\/www.linkedin.com\/company\/correct-language-centre\/","https:\/\/www.youtube.com\/channel\/UCqO47fnZwWjEqjOG57A7rZA\/featured"]},{"@type":"Person","@id":"https:\/\/www.jc-correct.com\/blog\/#\/schema\/person\/b9bf371b1acd1da12d78ae5cc8021d60","name":"Jazykov\u00e9 centrum Correct","image":{"@type":"ImageObject","inLanguage":"cs","@id":"https:\/\/www.jc-correct.com\/blog\/wp-content\/uploads\/2019\/09\/correct_fajfka-150x150.png","url":"https:\/\/www.jc-correct.com\/blog\/wp-content\/uploads\/2019\/09\/correct_fajfka-150x150.png","contentUrl":"https:\/\/www.jc-correct.com\/blog\/wp-content\/uploads\/2019\/09\/correct_fajfka-150x150.png","caption":"Jazykov\u00e9 centrum Correct"},"description":"U\u010d\u00edme jazyky, p\u0159ekl\u00e1d\u00e1me, korigujeme, tlumo\u010d\u00edme, provozujeme Knihovnu cizojazy\u010dn\u00e9 literatury, vzd\u011bl\u00e1v\u00e1me, informujeme a bav\u00edme v\u00e1s...","sameAs":["https:\/\/www.jc-correct.com\/","https:\/\/www.facebook.com\/correct.jazykove.centrum\/","https:\/\/www.instagram.com\/wearecorrect\/","https:\/\/cz.linkedin.com\/company\/correct-language-centre","https:\/\/www.youtube.com\/channel\/UCqO47fnZwWjEqjOG57A7rZA\/featured"],"url":"https:\/\/www.jc-correct.com\/blog\/author\/correct\/"}]}},"_links":{"self":[{"href":"https:\/\/www.jc-correct.com\/blog\/wp-json\/wp\/v2\/posts\/1619","targetHints":{"allow":["GET"]}}],"collection":[{"href":"https:\/\/www.jc-correct.com\/blog\/wp-json\/wp\/v2\/posts"}],"about":[{"href":"https:\/\/www.jc-correct.com\/blog\/wp-json\/wp\/v2\/types\/post"}],"author":[{"embeddable":true,"href":"https:\/\/www.jc-correct.com\/blog\/wp-json\/wp\/v2\/users\/5"}],"replies":[{"embeddable":true,"href":"https:\/\/www.jc-correct.com\/blog\/wp-json\/wp\/v2\/comments?post=1619"}],"version-history":[{"count":24,"href":"https:\/\/www.jc-correct.com\/blog\/wp-json\/wp\/v2\/posts\/1619\/revisions"}],"predecessor-version":[{"id":3660,"href":"https:\/\/www.jc-correct.com\/blog\/wp-json\/wp\/v2\/posts\/1619\/revisions\/3660"}],"wp:featuredmedia":[{"embeddable":true,"href":"https:\/\/www.jc-correct.com\/blog\/wp-json\/wp\/v2\/media\/1626"}],"wp:attachment":[{"href":"https:\/\/www.jc-correct.com\/blog\/wp-json\/wp\/v2\/media?parent=1619"}],"wp:term":[{"taxonomy":"category","embeddable":true,"href":"https:\/\/www.jc-correct.com\/blog\/wp-json\/wp\/v2\/categories?post=1619"},{"taxonomy":"post_tag","embeddable":true,"href":"https:\/\/www.jc-correct.com\/blog\/wp-json\/wp\/v2\/tags?post=1619"}],"curies":[{"name":"wp","href":"https:\/\/api.w.org\/{rel}","templated":true}]}}