{"id":1514,"date":"2019-11-26T14:50:26","date_gmt":"2019-11-26T13:50:26","guid":{"rendered":"https:\/\/www.jc-correct.com\/blog\/?p=1514"},"modified":"2019-11-28T00:03:24","modified_gmt":"2019-11-27T23:03:24","slug":"czech-night-30-let-svobody","status":"publish","type":"post","link":"https:\/\/www.jc-correct.com\/blog\/czech-night-30-let-svobody\/","title":{"rendered":"Czech Night &#8211; 30 let svobody"},"content":{"rendered":"\n<p>Tak jsme ji zase uspo\u0159\u00e1dali. Czech Night byla tentokr\u00e1t opravdu poveden\u00e1! Na akci pro cizince, kte\u0159\u00ed se u\u010d\u00ed \u010desky, se potkali lid\u00e9 z&nbsp;Venezuely, Indie, Ruska, \u0158ecka, D\u00e1nska a samoz\u0159ejm\u011b z&nbsp;\u010ceska. Na\u0161e lektorka Eva si pro v\u0161echny p\u0159ipravila kv\u00edz, kter\u00fd v&nbsp;sob\u011b skr\u00fdval v\u00edce \u010di m\u00e9n\u011b z\u00e1ludn\u00e9 ot\u00e1zky z&nbsp;\u010desk\u00e9 historie, geografie a kultury, ot\u00e1zky na Brno, na \u010de\u0161tinu a tak\u00e9 t\u0159eba \u010desk\u00fd hokej. Sout\u011b\u017e\u00edc\u00ed tedy nejen zabojovali s&nbsp;\u010de\u0161tinou, ale sami se tak\u00e9 mohli otestovat, co v\u0161e o \u010cesk\u00e9 republice v\u011bd\u00ed. A co nev\u011bd\u011bli, tak se dozv\u011bd\u011bli! <\/p>\n\n\n\n<div class=\"wp-block-image\"><figure class=\"aligncenter\"><img loading=\"lazy\" decoding=\"async\" width=\"1024\" height=\"683\" src=\"https:\/\/www.jc-correct.com\/blog\/wp-content\/uploads\/2019\/11\/Czech-Night-1024x683.jpg\" alt=\"\" class=\"wp-image-1517 lazyload\" data-srcset=\"https:\/\/www.jc-correct.com\/blog\/wp-content\/uploads\/2019\/11\/Czech-Night-1024x683.jpg 1024w, https:\/\/www.jc-correct.com\/blog\/wp-content\/uploads\/2019\/11\/Czech-Night-300x200.jpg 300w, https:\/\/www.jc-correct.com\/blog\/wp-content\/uploads\/2019\/11\/Czech-Night-768x512.jpg 768w\" sizes=\"auto\" \/><figcaption>&#8222;Kultura za p\u011bt!&#8220;<\/figcaption><\/figure><\/div>\n\n\n\n<p>Nejobl\u00edben\u011bj\u0161\u00ed ot\u00e1zky byly na \u010cesko v\u00a0\u010d\u00edslech. To mohly tipovat ob\u011b skupiny. V\u011bd\u011bli byste, jak\u00e9 \u010d\u00edslo m\u00e1 Jarom\u00edr J\u00e1gr na dresu a <a rel=\"noreferrer noopener\" aria-label=\" (opens in a new tab)\" href=\"https:\/\/isport.blesk.cz\/clanek\/hokej\/342860\/jagr-a-68-hokejovy-velikan-nosi-cislo-na-dresu-nejen-kvuli-invazi.html\" target=\"_blank\">pro\u010d<\/a>? A kolik m\u00e1 \u010cesko kraj\u016f? A strefili byste se alespo\u0148 na tis\u00edce spr\u00e1vn\u011b, kdyby se v\u00e1s n\u011bkdo zeptal na <a href=\"https:\/\/www.google.com\/search?q=rozloha+%C4%8Dr&amp;oq=rozloha+%C4%8Dr&amp;aqs=chrome..69i57j0l5.2047j1j7&amp;sourceid=chrome&amp;ie=UTF-8\" target=\"_blank\" rel=\"noreferrer noopener\" aria-label=\" (opens in a new tab)\">rozlohu<\/a> na\u0161\u00ed zem\u011b?<\/p>\n\n\n\n<div class=\"wp-block-image\"><figure class=\"aligncenter\"><img loading=\"lazy\" decoding=\"async\" width=\"1024\" height=\"642\" src=\"https:\/\/www.jc-correct.com\/blog\/wp-content\/uploads\/2019\/11\/Czech-Night2-1024x642.jpg\" alt=\"\" class=\"wp-image-1519 lazyload\" data-srcset=\"https:\/\/www.jc-correct.com\/blog\/wp-content\/uploads\/2019\/11\/Czech-Night2-1024x642.jpg 1024w, https:\/\/www.jc-correct.com\/blog\/wp-content\/uploads\/2019\/11\/Czech-Night2-300x188.jpg 300w, https:\/\/www.jc-correct.com\/blog\/wp-content\/uploads\/2019\/11\/Czech-Night2-768x481.jpg 768w\" sizes=\"auto\" \/><figcaption>Kdo si tipne nejp\u0159esn\u011bj\u0161\u00ed \u010d\u00edslo?<\/figcaption><\/figure><\/div>\n\n\n\n<p>Boj to byl vyrovnan\u00fd, ale nakonec vyhr\u00e1l t\u00fdm \u201eMedv\u011bdi\u201c.\nOdm\u011bnu jsme m\u011bli pro v\u0161echny \u2013 sout\u011b\u017e\u00edc\u00ed si odnesli cizojazy\u010dnou ta\u0161ku od\nCorrectu.<\/p>\n\n\n\n<div class=\"wp-block-image\"><figure class=\"aligncenter\"><img loading=\"lazy\" decoding=\"async\" width=\"1024\" height=\"871\" src=\"https:\/\/www.jc-correct.com\/blog\/wp-content\/uploads\/2019\/11\/Czech-Night5-1024x871.jpg\" alt=\"\" class=\"wp-image-1521 lazyload\" data-srcset=\"https:\/\/www.jc-correct.com\/blog\/wp-content\/uploads\/2019\/11\/Czech-Night5-1024x871.jpg 1024w, https:\/\/www.jc-correct.com\/blog\/wp-content\/uploads\/2019\/11\/Czech-Night5-300x255.jpg 300w, https:\/\/www.jc-correct.com\/blog\/wp-content\/uploads\/2019\/11\/Czech-Night5-768x654.jpg 768w\" sizes=\"auto\" \/><figcaption>Odm\u011bna pro sout\u011b\u017e\u00edc\u00ed<\/figcaption><\/figure><\/div>\n\n\n\n<p>Ve\u010der n\u00e1s \u010dekal film, kter\u00fd z\u00edskal \u0161est \u010cesk\u00fdch lv\u016f. V&nbsp;zahrani\u010d\u00ed z\u00edskal Oscara a Zlat\u00fd gl\u00f3bus za nejlep\u0161\u00ed neanglicky mluven\u00fd film.&nbsp;Vybrali jsme jej proto, \u017ee pr\u00e1v\u011b v t\u011bchto dnech slav\u00edme 30 let svobody. U\u017e v\u00edte, o kter\u00fd film se jedn\u00e1? Zhl\u00e9dli jsme Sv\u011br\u00e1kova Kolju. Nikdo z&nbsp;p\u0159\u00edchoz\u00edch jej doposud neznal a ve v\u0161ech zanechal velmi siln\u00fd dojem. Ostatn\u011b komu by se tak malebn\u00fd, a p\u0159esto pravdiv\u00fd film nel\u00edbil? <\/p>\n\n\n\n<div class=\"wp-block-image\"><figure class=\"aligncenter\"><img loading=\"lazy\" decoding=\"async\" width=\"1024\" height=\"642\" src=\"https:\/\/www.jc-correct.com\/blog\/wp-content\/uploads\/2019\/11\/Czech-Night6-1024x642.jpg\" alt=\"\" class=\"wp-image-1522 lazyload\" data-srcset=\"https:\/\/www.jc-correct.com\/blog\/wp-content\/uploads\/2019\/11\/Czech-Night6-1024x642.jpg 1024w, https:\/\/www.jc-correct.com\/blog\/wp-content\/uploads\/2019\/11\/Czech-Night6-300x188.jpg 300w, https:\/\/www.jc-correct.com\/blog\/wp-content\/uploads\/2019\/11\/Czech-Night6-768x482.jpg 768w\" sizes=\"auto\" \/><figcaption>Kolja<\/figcaption><\/figure><\/div>\n\n\n\n<p>K filmu jsme si pochutnali na dobr\u00e9m ob\u010derstven\u00ed a u\u017e te\u010f se t\u011b\u0161\u00edme se na dal\u0161\u00ed Czech Night!<\/p>\n\n\n\n<div class=\"wp-block-image\"><figure class=\"aligncenter is-resized\"><img loading=\"lazy\" decoding=\"async\" src=\"https:\/\/www.jc-correct.com\/blog\/wp-content\/uploads\/2019\/09\/Jazykov\u00e9-centrum-Correct-1.png\" alt=\"\" class=\"wp-image-987 lazyload\" width=\"554\" height=\"276\" data-srcset=\"https:\/\/www.jc-correct.com\/blog\/wp-content\/uploads\/2019\/09\/Jazykov\u00e9-centrum-Correct-1.png 902w, https:\/\/www.jc-correct.com\/blog\/wp-content\/uploads\/2019\/09\/Jazykov\u00e9-centrum-Correct-1-300x149.png 300w, https:\/\/www.jc-correct.com\/blog\/wp-content\/uploads\/2019\/09\/Jazykov\u00e9-centrum-Correct-1-768x382.png 768w, https:\/\/www.jc-correct.com\/blog\/wp-content\/uploads\/2019\/09\/Jazykov\u00e9-centrum-Correct-1-624x311.png 624w\" sizes=\"auto\" \/><\/figure><\/div>\n","protected":false},"excerpt":{"rendered":"<p>Tak jsme ji zase uspo\u0159\u00e1dali. Czech Night byla tentokr\u00e1t opravdu poveden\u00e1! Na akci pro cizince, kte\u0159\u00ed se u\u010d\u00ed \u010desky, se potkali lid\u00e9 z&nbsp;Venezuely, Indie, Ruska, \u0158ecka, D\u00e1nska a samoz\u0159ejm\u011b z&nbsp;\u010ceska. Na\u0161e lektorka Eva si pro v\u0161echny p\u0159ipravila kv\u00edz, kter\u00fd v&nbsp;sob\u011b skr\u00fdval v\u00edce \u010di m\u00e9n\u011b z\u00e1ludn\u00e9 ot\u00e1zky z&nbsp;\u010desk\u00e9 historie, geografie a kultury, ot\u00e1zky na Brno, na \u010de\u0161tinu a tak\u00e9 t\u0159eba \u010desk\u00fd hokej. Sout\u011b\u017e\u00edc\u00ed tedy nejen zabojovali s&nbsp;\u010de\u0161tinou, ale sami se tak\u00e9 mohli otestovat, co v\u0161e o \u010cesk\u00e9 republice v\u011bd\u00ed. A co nev\u011bd\u011bli, tak se dozv\u011bd\u011bli! Nejobl\u00edben\u011bj\u0161\u00ed ot\u00e1zky byly na \u010cesko v\u00a0\u010d\u00edslech. To mohly tipovat ob\u011b skupiny. V\u011bd\u011bli byste, jak\u00e9 \u010d\u00edslo m\u00e1&#8230;<\/p>\n","protected":false},"author":5,"featured_media":1518,"comment_status":"closed","ping_status":"open","sticky":false,"template":"","format":"standard","meta":{"_acf_changed":false,"footnotes":""},"categories":[31],"tags":[16,111,17,494,495,15,496,250,110],"class_list":["post-1514","post","type-post","status-publish","format-standard","has-post-thumbnail","hentry","category-akce-pro-studenty-2","tag-akce-pro-cizince","tag-akce-pro-cizince-v-brne","tag-cestina-pro-cizince","tag-czech-courses","tag-czech-language","tag-czech-night","tag-jazykovy-kurz-cestiny","tag-kurzy-cestiny","tag-kurzy-cestiny-brno"],"acf":[],"yoast_head":"<!-- This site is optimized with the Yoast SEO plugin v22.3 - https:\/\/yoast.com\/wordpress\/plugins\/seo\/ -->\n<title>Czech Night - 30 let svobody - BLOG: Jazykov\u00e9 centrum Correct<\/title>\n<meta name=\"robots\" content=\"index, follow, max-snippet:-1, max-image-preview:large, max-video-preview:-1\" \/>\n<link rel=\"canonical\" href=\"https:\/\/www.jc-correct.com\/blog\/czech-night-30-let-svobody\/\" \/>\n<meta property=\"og:locale\" content=\"cs_CZ\" \/>\n<meta property=\"og:type\" content=\"article\" \/>\n<meta property=\"og:title\" content=\"Czech Night - 30 let svobody - BLOG: Jazykov\u00e9 centrum Correct\" \/>\n<meta property=\"og:description\" content=\"Tak jsme ji zase uspo\u0159\u00e1dali. Czech Night byla tentokr\u00e1t opravdu poveden\u00e1! Na akci pro cizince, kte\u0159\u00ed se u\u010d\u00ed \u010desky, se potkali lid\u00e9 z&nbsp;Venezuely, Indie, Ruska, \u0158ecka, D\u00e1nska a samoz\u0159ejm\u011b z&nbsp;\u010ceska. Na\u0161e lektorka Eva si pro v\u0161echny p\u0159ipravila kv\u00edz, kter\u00fd v&nbsp;sob\u011b skr\u00fdval v\u00edce \u010di m\u00e9n\u011b z\u00e1ludn\u00e9 ot\u00e1zky z&nbsp;\u010desk\u00e9 historie, geografie a kultury, ot\u00e1zky na Brno, na \u010de\u0161tinu a tak\u00e9 t\u0159eba \u010desk\u00fd hokej. Sout\u011b\u017e\u00edc\u00ed tedy nejen zabojovali s&nbsp;\u010de\u0161tinou, ale sami se tak\u00e9 mohli otestovat, co v\u0161e o \u010cesk\u00e9 republice v\u011bd\u00ed. A co nev\u011bd\u011bli, tak se dozv\u011bd\u011bli! Nejobl\u00edben\u011bj\u0161\u00ed ot\u00e1zky byly na \u010cesko v\u00a0\u010d\u00edslech. To mohly tipovat ob\u011b skupiny. V\u011bd\u011bli byste, jak\u00e9 \u010d\u00edslo m\u00e1...\" \/>\n<meta property=\"og:url\" content=\"https:\/\/www.jc-correct.com\/blog\/czech-night-30-let-svobody\/\" \/>\n<meta property=\"og:site_name\" content=\"BLOG: Jazykov\u00e9 centrum Correct\" \/>\n<meta property=\"article:publisher\" content=\"https:\/\/www.facebook.com\/correct.jazykove.centrum\/\" \/>\n<meta property=\"article:author\" content=\"https:\/\/www.facebook.com\/correct.jazykove.centrum\/\" \/>\n<meta property=\"article:published_time\" content=\"2019-11-26T13:50:26+00:00\" \/>\n<meta property=\"article:modified_time\" content=\"2019-11-27T23:03:24+00:00\" \/>\n<meta property=\"og:image\" content=\"https:\/\/www.jc-correct.com\/blog\/wp-content\/uploads\/2019\/11\/Czech-Night1-1024x584.jpg\" \/>\n\t<meta property=\"og:image:width\" content=\"1024\" \/>\n\t<meta property=\"og:image:height\" content=\"584\" \/>\n\t<meta property=\"og:image:type\" content=\"image\/jpeg\" \/>\n<meta name=\"author\" content=\"Jazykov\u00e9 centrum Correct\" \/>\n<meta name=\"twitter:card\" content=\"summary_large_image\" \/>\n<meta name=\"twitter:label1\" content=\"Napsal(a)\" \/>\n\t<meta name=\"twitter:data1\" content=\"Jazykov\u00e9 centrum Correct\" \/>\n\t<meta name=\"twitter:label2\" content=\"Odhadovan\u00e1 doba \u010dten\u00ed\" \/>\n\t<meta name=\"twitter:data2\" content=\"2 minuty\" \/>\n<script type=\"application\/ld+json\" class=\"yoast-schema-graph\">{\"@context\":\"https:\/\/schema.org\",\"@graph\":[{\"@type\":\"Article\",\"@id\":\"https:\/\/www.jc-correct.com\/blog\/czech-night-30-let-svobody\/#article\",\"isPartOf\":{\"@id\":\"https:\/\/www.jc-correct.com\/blog\/czech-night-30-let-svobody\/\"},\"author\":{\"name\":\"Jazykov\u00e9 centrum Correct\",\"@id\":\"https:\/\/www.jc-correct.com\/blog\/#\/schema\/person\/b9bf371b1acd1da12d78ae5cc8021d60\"},\"headline\":\"Czech Night &#8211; 30 let svobody\",\"datePublished\":\"2019-11-26T13:50:26+00:00\",\"dateModified\":\"2019-11-27T23:03:24+00:00\",\"mainEntityOfPage\":{\"@id\":\"https:\/\/www.jc-correct.com\/blog\/czech-night-30-let-svobody\/\"},\"wordCount\":336,\"publisher\":{\"@id\":\"https:\/\/www.jc-correct.com\/blog\/#organization\"},\"image\":{\"@id\":\"https:\/\/www.jc-correct.com\/blog\/czech-night-30-let-svobody\/#primaryimage\"},\"thumbnailUrl\":\"https:\/\/www.jc-correct.com\/blog\/wp-content\/uploads\/2019\/11\/Czech-Night1.jpg\",\"keywords\":[\"Akce pro cizince\",\"Akce pro cizince v Brn\u011b\",\"\u010de\u0161tina pro cizince\",\"czech courses\",\"czech language\",\"Czech Night\",\"jazykov\u00fd kurz \u010de\u0161tiny\",\"kurzy \u010de\u0161tiny\",\"kurzy \u010de\u0161tiny brno\"],\"articleSection\":[\"Akce pro studenty\"],\"inLanguage\":\"cs\"},{\"@type\":\"WebPage\",\"@id\":\"https:\/\/www.jc-correct.com\/blog\/czech-night-30-let-svobody\/\",\"url\":\"https:\/\/www.jc-correct.com\/blog\/czech-night-30-let-svobody\/\",\"name\":\"Czech Night - 30 let svobody - BLOG: Jazykov\u00e9 centrum Correct\",\"isPartOf\":{\"@id\":\"https:\/\/www.jc-correct.com\/blog\/#website\"},\"primaryImageOfPage\":{\"@id\":\"https:\/\/www.jc-correct.com\/blog\/czech-night-30-let-svobody\/#primaryimage\"},\"image\":{\"@id\":\"https:\/\/www.jc-correct.com\/blog\/czech-night-30-let-svobody\/#primaryimage\"},\"thumbnailUrl\":\"https:\/\/www.jc-correct.com\/blog\/wp-content\/uploads\/2019\/11\/Czech-Night1.jpg\",\"datePublished\":\"2019-11-26T13:50:26+00:00\",\"dateModified\":\"2019-11-27T23:03:24+00:00\",\"breadcrumb\":{\"@id\":\"https:\/\/www.jc-correct.com\/blog\/czech-night-30-let-svobody\/#breadcrumb\"},\"inLanguage\":\"cs\",\"potentialAction\":[{\"@type\":\"ReadAction\",\"target\":[\"https:\/\/www.jc-correct.com\/blog\/czech-night-30-let-svobody\/\"]}]},{\"@type\":\"ImageObject\",\"inLanguage\":\"cs\",\"@id\":\"https:\/\/www.jc-correct.com\/blog\/czech-night-30-let-svobody\/#primaryimage\",\"url\":\"https:\/\/www.jc-correct.com\/blog\/wp-content\/uploads\/2019\/11\/Czech-Night1.jpg\",\"contentUrl\":\"https:\/\/www.jc-correct.com\/blog\/wp-content\/uploads\/2019\/11\/Czech-Night1.jpg\",\"width\":4360,\"height\":2488},{\"@type\":\"BreadcrumbList\",\"@id\":\"https:\/\/www.jc-correct.com\/blog\/czech-night-30-let-svobody\/#breadcrumb\",\"itemListElement\":[{\"@type\":\"ListItem\",\"position\":1,\"name\":\"Dom\u016f\",\"item\":\"https:\/\/www.jc-correct.com\/blog\/\"},{\"@type\":\"ListItem\",\"position\":2,\"name\":\"Czech Night &#8211; 30 let svobody\"}]},{\"@type\":\"WebSite\",\"@id\":\"https:\/\/www.jc-correct.com\/blog\/#website\",\"url\":\"https:\/\/www.jc-correct.com\/blog\/\",\"name\":\"BLOG: Jazykov\u00e9 centrum Correct\",\"description\":\"\",\"publisher\":{\"@id\":\"https:\/\/www.jc-correct.com\/blog\/#organization\"},\"potentialAction\":[{\"@type\":\"SearchAction\",\"target\":{\"@type\":\"EntryPoint\",\"urlTemplate\":\"https:\/\/www.jc-correct.com\/blog\/?s={search_term_string}\"},\"query-input\":\"required name=search_term_string\"}],\"inLanguage\":\"cs\"},{\"@type\":\"Organization\",\"@id\":\"https:\/\/www.jc-correct.com\/blog\/#organization\",\"name\":\"Jazykov\u00e9 centrum Correct, s.r.o.\",\"url\":\"https:\/\/www.jc-correct.com\/blog\/\",\"logo\":{\"@type\":\"ImageObject\",\"inLanguage\":\"cs\",\"@id\":\"https:\/\/www.jc-correct.com\/blog\/#\/schema\/logo\/image\/\",\"url\":\"https:\/\/www.jc-correct.com\/blog\/wp-content\/uploads\/2019\/09\/logo.png\",\"contentUrl\":\"https:\/\/www.jc-correct.com\/blog\/wp-content\/uploads\/2019\/09\/logo.png\",\"width\":228,\"height\":89,\"caption\":\"Jazykov\u00e9 centrum Correct, s.r.o.\"},\"image\":{\"@id\":\"https:\/\/www.jc-correct.com\/blog\/#\/schema\/logo\/image\/\"},\"sameAs\":[\"https:\/\/www.facebook.com\/correct.jazykove.centrum\/\",\"https:\/\/www.instagram.com\/wearecorrect\/\",\"https:\/\/www.linkedin.com\/company\/correct-language-centre\/\",\"https:\/\/www.youtube.com\/channel\/UCqO47fnZwWjEqjOG57A7rZA\/featured\"]},{\"@type\":\"Person\",\"@id\":\"https:\/\/www.jc-correct.com\/blog\/#\/schema\/person\/b9bf371b1acd1da12d78ae5cc8021d60\",\"name\":\"Jazykov\u00e9 centrum Correct\",\"image\":{\"@type\":\"ImageObject\",\"inLanguage\":\"cs\",\"@id\":\"https:\/\/www.jc-correct.com\/blog\/#\/schema\/person\/image\/\",\"url\":\"https:\/\/www.jc-correct.com\/blog\/wp-content\/uploads\/2019\/09\/correct_fajfka-150x150.png\",\"contentUrl\":\"https:\/\/www.jc-correct.com\/blog\/wp-content\/uploads\/2019\/09\/correct_fajfka-150x150.png\",\"caption\":\"Jazykov\u00e9 centrum Correct\"},\"description\":\"U\u010d\u00edme jazyky, p\u0159ekl\u00e1d\u00e1me, korigujeme, tlumo\u010d\u00edme, provozujeme Knihovnu cizojazy\u010dn\u00e9 literatury, vzd\u011bl\u00e1v\u00e1me, informujeme a bav\u00edme v\u00e1s...\",\"sameAs\":[\"https:\/\/www.jc-correct.com\/\",\"https:\/\/www.facebook.com\/correct.jazykove.centrum\/\",\"https:\/\/www.instagram.com\/wearecorrect\/\",\"https:\/\/cz.linkedin.com\/company\/correct-language-centre\",\"https:\/\/www.youtube.com\/channel\/UCqO47fnZwWjEqjOG57A7rZA\/featured\"],\"url\":\"https:\/\/www.jc-correct.com\/blog\/author\/correct\/\"}]}<\/script>\n<!-- \/ Yoast SEO plugin. -->","yoast_head_json":{"title":"Czech Night - 30 let svobody - BLOG: Jazykov\u00e9 centrum Correct","robots":{"index":"index","follow":"follow","max-snippet":"max-snippet:-1","max-image-preview":"max-image-preview:large","max-video-preview":"max-video-preview:-1"},"canonical":"https:\/\/www.jc-correct.com\/blog\/czech-night-30-let-svobody\/","og_locale":"cs_CZ","og_type":"article","og_title":"Czech Night - 30 let svobody - BLOG: Jazykov\u00e9 centrum Correct","og_description":"Tak jsme ji zase uspo\u0159\u00e1dali. Czech Night byla tentokr\u00e1t opravdu poveden\u00e1! Na akci pro cizince, kte\u0159\u00ed se u\u010d\u00ed \u010desky, se potkali lid\u00e9 z&nbsp;Venezuely, Indie, Ruska, \u0158ecka, D\u00e1nska a samoz\u0159ejm\u011b z&nbsp;\u010ceska. Na\u0161e lektorka Eva si pro v\u0161echny p\u0159ipravila kv\u00edz, kter\u00fd v&nbsp;sob\u011b skr\u00fdval v\u00edce \u010di m\u00e9n\u011b z\u00e1ludn\u00e9 ot\u00e1zky z&nbsp;\u010desk\u00e9 historie, geografie a kultury, ot\u00e1zky na Brno, na \u010de\u0161tinu a tak\u00e9 t\u0159eba \u010desk\u00fd hokej. Sout\u011b\u017e\u00edc\u00ed tedy nejen zabojovali s&nbsp;\u010de\u0161tinou, ale sami se tak\u00e9 mohli otestovat, co v\u0161e o \u010cesk\u00e9 republice v\u011bd\u00ed. A co nev\u011bd\u011bli, tak se dozv\u011bd\u011bli! Nejobl\u00edben\u011bj\u0161\u00ed ot\u00e1zky byly na \u010cesko v\u00a0\u010d\u00edslech. To mohly tipovat ob\u011b skupiny. V\u011bd\u011bli byste, jak\u00e9 \u010d\u00edslo m\u00e1...","og_url":"https:\/\/www.jc-correct.com\/blog\/czech-night-30-let-svobody\/","og_site_name":"BLOG: Jazykov\u00e9 centrum Correct","article_publisher":"https:\/\/www.facebook.com\/correct.jazykove.centrum\/","article_author":"https:\/\/www.facebook.com\/correct.jazykove.centrum\/","article_published_time":"2019-11-26T13:50:26+00:00","article_modified_time":"2019-11-27T23:03:24+00:00","og_image":[{"width":1024,"height":584,"url":"https:\/\/www.jc-correct.com\/blog\/wp-content\/uploads\/2019\/11\/Czech-Night1-1024x584.jpg","type":"image\/jpeg"}],"author":"Jazykov\u00e9 centrum Correct","twitter_card":"summary_large_image","twitter_misc":{"Napsal(a)":"Jazykov\u00e9 centrum Correct","Odhadovan\u00e1 doba \u010dten\u00ed":"2 minuty"},"schema":{"@context":"https:\/\/schema.org","@graph":[{"@type":"Article","@id":"https:\/\/www.jc-correct.com\/blog\/czech-night-30-let-svobody\/#article","isPartOf":{"@id":"https:\/\/www.jc-correct.com\/blog\/czech-night-30-let-svobody\/"},"author":{"name":"Jazykov\u00e9 centrum Correct","@id":"https:\/\/www.jc-correct.com\/blog\/#\/schema\/person\/b9bf371b1acd1da12d78ae5cc8021d60"},"headline":"Czech Night &#8211; 30 let svobody","datePublished":"2019-11-26T13:50:26+00:00","dateModified":"2019-11-27T23:03:24+00:00","mainEntityOfPage":{"@id":"https:\/\/www.jc-correct.com\/blog\/czech-night-30-let-svobody\/"},"wordCount":336,"publisher":{"@id":"https:\/\/www.jc-correct.com\/blog\/#organization"},"image":{"@id":"https:\/\/www.jc-correct.com\/blog\/czech-night-30-let-svobody\/#primaryimage"},"thumbnailUrl":"https:\/\/www.jc-correct.com\/blog\/wp-content\/uploads\/2019\/11\/Czech-Night1.jpg","keywords":["Akce pro cizince","Akce pro cizince v Brn\u011b","\u010de\u0161tina pro cizince","czech courses","czech language","Czech Night","jazykov\u00fd kurz \u010de\u0161tiny","kurzy \u010de\u0161tiny","kurzy \u010de\u0161tiny brno"],"articleSection":["Akce pro studenty"],"inLanguage":"cs"},{"@type":"WebPage","@id":"https:\/\/www.jc-correct.com\/blog\/czech-night-30-let-svobody\/","url":"https:\/\/www.jc-correct.com\/blog\/czech-night-30-let-svobody\/","name":"Czech Night - 30 let svobody - BLOG: Jazykov\u00e9 centrum Correct","isPartOf":{"@id":"https:\/\/www.jc-correct.com\/blog\/#website"},"primaryImageOfPage":{"@id":"https:\/\/www.jc-correct.com\/blog\/czech-night-30-let-svobody\/#primaryimage"},"image":{"@id":"https:\/\/www.jc-correct.com\/blog\/czech-night-30-let-svobody\/#primaryimage"},"thumbnailUrl":"https:\/\/www.jc-correct.com\/blog\/wp-content\/uploads\/2019\/11\/Czech-Night1.jpg","datePublished":"2019-11-26T13:50:26+00:00","dateModified":"2019-11-27T23:03:24+00:00","breadcrumb":{"@id":"https:\/\/www.jc-correct.com\/blog\/czech-night-30-let-svobody\/#breadcrumb"},"inLanguage":"cs","potentialAction":[{"@type":"ReadAction","target":["https:\/\/www.jc-correct.com\/blog\/czech-night-30-let-svobody\/"]}]},{"@type":"ImageObject","inLanguage":"cs","@id":"https:\/\/www.jc-correct.com\/blog\/czech-night-30-let-svobody\/#primaryimage","url":"https:\/\/www.jc-correct.com\/blog\/wp-content\/uploads\/2019\/11\/Czech-Night1.jpg","contentUrl":"https:\/\/www.jc-correct.com\/blog\/wp-content\/uploads\/2019\/11\/Czech-Night1.jpg","width":4360,"height":2488},{"@type":"BreadcrumbList","@id":"https:\/\/www.jc-correct.com\/blog\/czech-night-30-let-svobody\/#breadcrumb","itemListElement":[{"@type":"ListItem","position":1,"name":"Dom\u016f","item":"https:\/\/www.jc-correct.com\/blog\/"},{"@type":"ListItem","position":2,"name":"Czech Night &#8211; 30 let svobody"}]},{"@type":"WebSite","@id":"https:\/\/www.jc-correct.com\/blog\/#website","url":"https:\/\/www.jc-correct.com\/blog\/","name":"BLOG: Jazykov\u00e9 centrum Correct","description":"","publisher":{"@id":"https:\/\/www.jc-correct.com\/blog\/#organization"},"potentialAction":[{"@type":"SearchAction","target":{"@type":"EntryPoint","urlTemplate":"https:\/\/www.jc-correct.com\/blog\/?s={search_term_string}"},"query-input":"required name=search_term_string"}],"inLanguage":"cs"},{"@type":"Organization","@id":"https:\/\/www.jc-correct.com\/blog\/#organization","name":"Jazykov\u00e9 centrum Correct, s.r.o.","url":"https:\/\/www.jc-correct.com\/blog\/","logo":{"@type":"ImageObject","inLanguage":"cs","@id":"https:\/\/www.jc-correct.com\/blog\/#\/schema\/logo\/image\/","url":"https:\/\/www.jc-correct.com\/blog\/wp-content\/uploads\/2019\/09\/logo.png","contentUrl":"https:\/\/www.jc-correct.com\/blog\/wp-content\/uploads\/2019\/09\/logo.png","width":228,"height":89,"caption":"Jazykov\u00e9 centrum Correct, s.r.o."},"image":{"@id":"https:\/\/www.jc-correct.com\/blog\/#\/schema\/logo\/image\/"},"sameAs":["https:\/\/www.facebook.com\/correct.jazykove.centrum\/","https:\/\/www.instagram.com\/wearecorrect\/","https:\/\/www.linkedin.com\/company\/correct-language-centre\/","https:\/\/www.youtube.com\/channel\/UCqO47fnZwWjEqjOG57A7rZA\/featured"]},{"@type":"Person","@id":"https:\/\/www.jc-correct.com\/blog\/#\/schema\/person\/b9bf371b1acd1da12d78ae5cc8021d60","name":"Jazykov\u00e9 centrum Correct","image":{"@type":"ImageObject","inLanguage":"cs","@id":"https:\/\/www.jc-correct.com\/blog\/#\/schema\/person\/image\/","url":"https:\/\/www.jc-correct.com\/blog\/wp-content\/uploads\/2019\/09\/correct_fajfka-150x150.png","contentUrl":"https:\/\/www.jc-correct.com\/blog\/wp-content\/uploads\/2019\/09\/correct_fajfka-150x150.png","caption":"Jazykov\u00e9 centrum Correct"},"description":"U\u010d\u00edme jazyky, p\u0159ekl\u00e1d\u00e1me, korigujeme, tlumo\u010d\u00edme, provozujeme Knihovnu cizojazy\u010dn\u00e9 literatury, vzd\u011bl\u00e1v\u00e1me, informujeme a bav\u00edme v\u00e1s...","sameAs":["https:\/\/www.jc-correct.com\/","https:\/\/www.facebook.com\/correct.jazykove.centrum\/","https:\/\/www.instagram.com\/wearecorrect\/","https:\/\/cz.linkedin.com\/company\/correct-language-centre","https:\/\/www.youtube.com\/channel\/UCqO47fnZwWjEqjOG57A7rZA\/featured"],"url":"https:\/\/www.jc-correct.com\/blog\/author\/correct\/"}]}},"_links":{"self":[{"href":"https:\/\/www.jc-correct.com\/blog\/wp-json\/wp\/v2\/posts\/1514","targetHints":{"allow":["GET"]}}],"collection":[{"href":"https:\/\/www.jc-correct.com\/blog\/wp-json\/wp\/v2\/posts"}],"about":[{"href":"https:\/\/www.jc-correct.com\/blog\/wp-json\/wp\/v2\/types\/post"}],"author":[{"embeddable":true,"href":"https:\/\/www.jc-correct.com\/blog\/wp-json\/wp\/v2\/users\/5"}],"replies":[{"embeddable":true,"href":"https:\/\/www.jc-correct.com\/blog\/wp-json\/wp\/v2\/comments?post=1514"}],"version-history":[{"count":14,"href":"https:\/\/www.jc-correct.com\/blog\/wp-json\/wp\/v2\/posts\/1514\/revisions"}],"predecessor-version":[{"id":1539,"href":"https:\/\/www.jc-correct.com\/blog\/wp-json\/wp\/v2\/posts\/1514\/revisions\/1539"}],"wp:featuredmedia":[{"embeddable":true,"href":"https:\/\/www.jc-correct.com\/blog\/wp-json\/wp\/v2\/media\/1518"}],"wp:attachment":[{"href":"https:\/\/www.jc-correct.com\/blog\/wp-json\/wp\/v2\/media?parent=1514"}],"wp:term":[{"taxonomy":"category","embeddable":true,"href":"https:\/\/www.jc-correct.com\/blog\/wp-json\/wp\/v2\/categories?post=1514"},{"taxonomy":"post_tag","embeddable":true,"href":"https:\/\/www.jc-correct.com\/blog\/wp-json\/wp\/v2\/tags?post=1514"}],"curies":[{"name":"wp","href":"https:\/\/api.w.org\/{rel}","templated":true}]}}