{"id":1341,"date":"2019-10-27T19:09:28","date_gmt":"2019-10-27T18:09:28","guid":{"rendered":"https:\/\/www.jc-correct.com\/blog\/?p=1341"},"modified":"2020-10-19T14:52:33","modified_gmt":"2020-10-19T12:52:33","slug":"road-trip-po-svycarsku","status":"publish","type":"post","link":"https:\/\/www.jc-correct.com\/blog\/road-trip-po-svycarsku\/","title":{"rendered":"Road trip po \u0160v\u00fdcarsku"},"content":{"rendered":"\n<p>Spousta \u010desk\u00fdch dobrodruh\u016f a horal\u016f se jednoho dne rozhodne,\n\u017ee r\u016fzn\u00fdmi zp\u016fsoby p\u0159ekon\u00e1 vzd\u00e1lenost p\u0159es 1000 kilometr\u016f a kone\u010dn\u011b se pod\u00edv\u00e1\ndo zem\u011b \u010dty\u0159tis\u00edcovek, hodinek a \u010dokol\u00e1dy \u2013 do \u0160v\u00fdcarska.<\/p>\n\n\n\n<p>I j\u00e1 jsem se toho dne do\u010dkala a vydala jsem se s&nbsp;man\u017eelem na mal\u00fd road trip \u0160v\u00fdcarskem. Rozhodla jsem se sv\u00e9 z\u00e1\u017eitky sd\u00edlet \u2013 aby se jin\u00ed vyhnuli chyb\u00e1m, kter\u00fdch jsme se dopustili, a aby tak\u00e9 vid\u011bli, co r\u016fzn\u00e9ho n\u00e1dhern\u00e9ho se d\u00e1 ve \u0160v\u00fdcarsku vid\u011bt. Tento \u010dl\u00e1nek je v\u011bnov\u00e1n v\u0161em p\u0159\u00edznivc\u016fm low cost cestov\u00e1n\u00ed, nech\u0165 je jim inspirac\u00ed &#x1f60a; Tak vyr\u00e1\u017e\u00edme!<\/p>\n\n\n\n<div class=\"wp-block-image\"><figure class=\"aligncenter\"><img loading=\"lazy\" decoding=\"async\" width=\"1024\" height=\"407\" src=\"https:\/\/www.jc-correct.com\/blog\/wp-content\/uploads\/2019\/10\/\u0160v\u00fdcarsk\u00e9-hory-1024x407.jpg\" alt=\"\" class=\"wp-image-1347 lazyload\" data-srcset=\"https:\/\/www.jc-correct.com\/blog\/wp-content\/uploads\/2019\/10\/\u0160v\u00fdcarsk\u00e9-hory-1024x407.jpg 1024w, https:\/\/www.jc-correct.com\/blog\/wp-content\/uploads\/2019\/10\/\u0160v\u00fdcarsk\u00e9-hory-300x119.jpg 300w, https:\/\/www.jc-correct.com\/blog\/wp-content\/uploads\/2019\/10\/\u0160v\u00fdcarsk\u00e9-hory-768x305.jpg 768w\" sizes=\"auto\" \/><\/figure><\/div>\n\n\n\n<p><strong>Cesta z&nbsp;Brna do \u0160v\u00fdcarska<\/strong><\/p>\n\n\n\n<p>Je to u\u017e celkem d\u00e1lka. Z&nbsp;Brna je to na \u0161v\u00fdcarsk\u00e9 hranice zhruba 800 kilometr\u016f a projet \u0160v\u00fdcarsko je tak\u00e9 dlouh\u00e1 cesta. Bez d\u00e1lni\u010dn\u00ed zn\u00e1mky se neobejdete \u2013 alespo\u0148 v&nbsp;Rakousku. Fajn je, \u017ee 10denn\u00ed zn\u00e1mka (9,20 EUR = 235 K\u010d) stoj\u00ed m\u00e9n\u011b ne\u017e \u010desk\u00e1 (310 K\u010d) a z\u00e1rove\u0148 m\u00e1te z&nbsp;rakousk\u00fdch d\u00e1lnic pocit, \u017ee opravdu jedete po d\u00e1lnici (na rozd\u00edl od t\u011bch \u010desk\u00fdch). Kdy\u017e si budete cht\u00edt odpo\u010dinout, vyhledejte si velk\u00e1 odpo\u010d\u00edvadla Asfinag, proto\u017ee tam je dostatek m\u00edsta na to, abyste se v&nbsp;klidu najedli, t\u0159eba si i n\u011bco uva\u0159ili, m\u016f\u017eete si sednout k&nbsp;venkovn\u00edmu stolu, zadarmo nabrat vodu a za euro se vysprchovat. Pokud budete cestovat o pr\u00e1zdnin\u00e1ch, dejte si pozor na dny, kdy se N\u011bmci vracej\u00ed z&nbsp;dovolen\u00e9 z&nbsp;Rakouska, Chorvatska a dal\u0161\u00edch ji\u017en\u00edch zem\u00ed. Cesta p\u0159es Rakousko do \u0160v\u00fdcarska vede p\u0159es n\u011bmeck\u00fd \u00fasek d\u00e1lnice &#8211; p\u0159es Mnichov. Tam se m\u016f\u017eete na n\u011bkolik hodin potkat pr\u00e1v\u011b s&nbsp;N\u011bmci, kte\u0159\u00ed se vracej\u00ed dom\u016f. Proto se n\u011bkdy vyplat\u00ed z\u016fstat v&nbsp;Rakousku, sjet z&nbsp;d\u00e1lnice a do Innsbrucku dojet po okresk\u00e1ch. Tam se napoj\u00edte zase na d\u00e1lnici. Ka\u017edop\u00e1dn\u011b se vyplat\u00ed sledovat dopravu na Google doprav\u011b, kter\u00e1 kr\u00e1sn\u011b zobrazuje, kde se stoj\u00ed a kde se jede. Dal\u0161\u00ed tip: najd\u011bte si dop\u0159edu, kde jsou v&nbsp;Rakousku placen\u00e9 d\u00e1lni\u010dn\u00ed \u00faseky \u2013 kde mus\u00edte zaplatit extra m\u00fdtn\u00e9. Kdy\u017e se jim budete cht\u00edt vyhnout t\u011bsn\u011b p\u0159ed jejich za\u010d\u00e1tkem, d\u00e1lnice v\u00e1s stejn\u011b navede na m\u00fdtn\u00e9 br\u00e1ny, kde mus\u00edte zaplatit \u201ena \u00fat\u011bku p\u0159ed placen\u00fdm \u00fasekem\u201c. Pro ty, kte\u0159\u00ed by cht\u011bli zadarmo v&nbsp;Rakousku nocovat, m\u00e1m smutnou zpr\u00e1vu \u2013 jde to dost t\u011b\u017eko. V&nbsp;aut\u011b se d\u00e1 sp\u00e1t pr\u00e1v\u011b jen na odpo\u010d\u00edvadlech, ve stanu se zadarmo nevysp\u00edte \u2013 mus\u00edte do kempu. I n\u00e1m u\u017e se povedlo si za soumraku n\u011bkde na kraji vesnice u lesa popov\u00eddat s rakousk\u00fdmi&nbsp;policisty o tom, jak se honem p\u0159esunout n\u011bkam, kde je povoleno nocovat. <\/p>\n\n\n\n<h4 class=\"wp-block-heading\"><strong>Jsme ve \u0160v\u00fdcarsku!<\/strong><\/h4>\n\n\n\n<p>N\u00e1\u0161 pl\u00e1n byl: Zermatt, \u017deneva, Bern, Z\u00fcrich a dom\u016f. To se n\u00e1m tak\u00e9 povedlo, a\u010dkoli to byla m\u00edsty trochu divo\u010dina. Kdo zn\u00e1 rakousk\u00e9 Alpy a jejich t\u00e1hl\u00e1 \u00fadol\u00ed, bude ve \u0160v\u00fdcarsku ohromen, \u017ee \u00fadol\u00ed mohou b\u00fdt mnohon\u00e1sobn\u011b del\u0161\u00ed. Pokud m\u00e1 \u00fadol\u00ed na d\u00e9lku 15 kilometr\u016f, ujedete v&nbsp;n\u011bm alespo\u0148 dvakr\u00e1t tolik. Z\u00e1rove\u0148 v\u0161ak m\u016f\u017eete obdivovat, jak skv\u011ble maj\u00ed \u0160v\u00fdca\u0159i postaven\u00e9 serpentiny na strm\u00fdch svaz\u00edch. Pozor na nad\u0161en\u00e9 \u0159idi\u010de \u201espor\u0165\u00e1k\u016f\u201c, kte\u0159\u00ed do takov\u00fdch oblast\u00ed m\u00ed\u0159\u00ed pr\u00e1v\u011b kv\u016fli t\u011bmto zakroucen\u00fdm silnic\u00edm a neradi se nech\u00e1vaj\u00ed zdr\u017eovat. Abyste se dostali do Zermattu, nejsp\u00ed\u0161 pojedete p\u0159es sedlo Furkapass, kde m\u016f\u017eete zadarmo p\u0159espat na parkovi\u0161ti v&nbsp;aut\u011b\/<a href=\"https:\/\/www.brm-brm.cz\/\" target=\"_blank\" rel=\"noreferrer noopener\">v dod\u00e1vce<\/a> i ve stanu. Pokud nebude mlha, \u010dek\u00e1 v\u00e1s tam p\u0159ekr\u00e1sn\u00fd v\u00fdhled na ob\u011b strany \u00fadol\u00ed a na \u0161pi\u010dky \u010dty\u0159tis\u00edcovek, kter\u00e9 se ty\u010d\u00ed kolem Zermattu.<\/p>\n\n\n\n<figure class=\"wp-block-gallery aligncenter columns-1 is-cropped wp-block-gallery-1 is-layout-flex wp-block-gallery-is-layout-flex\"><ul class=\"blocks-gallery-grid\"><li class=\"blocks-gallery-item\"><figure><img loading=\"lazy\" decoding=\"async\" width=\"1024\" height=\"261\" src=\"https:\/\/www.jc-correct.com\/blog\/wp-content\/uploads\/2019\/10\/Furkapass-1-1024x261.jpg\" alt=\"\" data-id=\"1346\" data-link=\"https:\/\/www.jc-correct.com\/blog\/?attachment_id=1346\" class=\"wp-image-1346 lazyload\" data-srcset=\"https:\/\/www.jc-correct.com\/blog\/wp-content\/uploads\/2019\/10\/Furkapass-1-1024x261.jpg 1024w, https:\/\/www.jc-correct.com\/blog\/wp-content\/uploads\/2019\/10\/Furkapass-1-300x76.jpg 300w, https:\/\/www.jc-correct.com\/blog\/wp-content\/uploads\/2019\/10\/Furkapass-1-768x196.jpg 768w\" sizes=\"auto\" \/><figcaption class=\"blocks-gallery-item__caption\">Sedlo Furkapass<\/figcaption><\/figure><\/li><\/ul><\/figure>\n\n\n\n<p>Po cest\u011b z\u00a0Furkapassu jsme projeli spoustu n\u00e1dhern\u00fdch vesni\u010dek \u2013 t\u011bch typick\u00fdch \u0161v\u00fdcarsk\u00fdch, s\u00a0p\u016fvodn\u00edmi star\u00fdmi d\u0159ev\u011bn\u00fdmi domy a \u00fazk\u00fdmi silni\u010dkami. Mimochodem dodr\u017eovat rychlost se opravdu vyplat\u00ed, \u0160v\u00fdcarsko pat\u0159\u00ed k\u00a0zem\u00edm s\u00a0<a rel=\"noreferrer noopener\" aria-label=\"nejkrut\u011bj\u0161\u00edmi pokutami (opens in a new tab)\" href=\"https:\/\/www.autoforum.cz\/zivot-ridice\/zeme-s-nejkrutejsimi-tresty-za-rychlost-v-evrope-tady-vas-klidne-zavrou\/\" target=\"_blank\">nejkrut\u011bj\u0161\u00edmi pokutami<\/a> za rychlost v\u00a0Evrop\u011b! <\/p>\n\n\n\n<p>Kdy\u017e jednou jedete do \u0160v\u00fdcarska, byl by h\u0159\u00edch nepod\u00edvat se na horskou perlu, p\u0159ekr\u00e1sn\u00fd skvost a z\u00e1rove\u0148 majest\u00e1tn\u00e9ho obra \u2013 Matterhorn. Mo\u017en\u00e1 se v\u00e1m zd\u00e1, \u017ee to p\u0159eh\u00e1n\u00edm, proto\u017ee jej z&nbsp;fotek zn\u00e1te v\u0161ichni, ale na \u017eivo teprve uvid\u00edte, co t\u00edm mysl\u00edm. Pokud se ov\u0161em Matterhorn nerozhodne skr\u00fdt svou kr\u00e1su v mrac\u00edch, jak to \u010dasto r\u00e1d d\u011bl\u00e1, a\u010dkoli je to opu\u0161t\u011bn\u00e1 hora. Proto je lep\u0161\u00ed si na to nechat v\u00edce dn\u00ed a z\u00e1rove\u0148 nachystat tu\u010dnou z\u00e1sobu do sv\u00fdch pen\u011b\u017eenek, pokud se chcete pod\u00edvat na m\u00edsta, odkud je Matterhorn vid\u011bt nejl\u00e9pe. <a rel=\"noreferrer noopener\" aria-label=\"Ceny zuba\u010dky a lanovky (opens in a new tab)\" href=\"https:\/\/www.gornergratbahn.ch\/de\/sommer\/bahninformationen\/preise\/\" target=\"_blank\">Ceny zuba\u010dky a lanovky<\/a> jsou zhruba tak velk\u00e9, jako samotn\u00fd Matterhorn. <\/p>\n\n\n\n<figure class=\"wp-block-image\"><img loading=\"lazy\" decoding=\"async\" width=\"1024\" height=\"768\" src=\"https:\/\/www.jc-correct.com\/blog\/wp-content\/uploads\/2019\/10\/Matterhorn-1024x768.jpg\" alt=\"\" class=\"wp-image-1348 lazyload\" data-srcset=\"https:\/\/www.jc-correct.com\/blog\/wp-content\/uploads\/2019\/10\/Matterhorn-1024x768.jpg 1024w, https:\/\/www.jc-correct.com\/blog\/wp-content\/uploads\/2019\/10\/Matterhorn-300x225.jpg 300w, https:\/\/www.jc-correct.com\/blog\/wp-content\/uploads\/2019\/10\/Matterhorn-768x576.jpg 768w\" sizes=\"auto\" \/><figcaption>Pohled na Matterhorn od jezera Leisee<\/figcaption><\/figure>\n\n\n\n<p>V\u00fdstup na Matterhorn l\u00e1k\u00e1 spoustu horolezc\u016f, ale j\u00e1 bych se na n\u011bj neodv\u00e1\u017eila. Nejfotografovan\u011bj\u0161\u00ed hora Evropy je z\u00e1rove\u0148 nejsmrteln\u011bj\u0161\u00ed horou Evropy. Je to t\u00edm, jak je strm\u00e1 \u2013 je tedy velmi pohybliv\u00e1 a odpad\u00e1vaj\u00ed z&nbsp;n\u00ed kusy skal stejn\u011b jako sn\u011bhov\u00e1 pole. Letos se mi v\u0161ak poda\u0159ilo s&nbsp;rodinou vyl\u00e9zt na jinou \u010dty\u0159tis\u00edcovku \u2013 na <a href=\"https:\/\/www.jc-correct.com\/blog\/bishorn-na-dosah\/\">Bishorn<\/a>. Pokud p\u0159em\u00fd\u0161l\u00edte, \u017ee byste cht\u011bli tak\u00e9 poprv\u00e9 zdolat hranici 4000 metr\u016f, tak Bishorn v\u0159ele doporu\u010duji. Je to asi nejjednodu\u0161\u0161\u00ed \u010dty\u0159tis\u00edcovka v&nbsp;oblasti Zermattu. <\/p>\n\n\n\n<figure class=\"wp-block-image\"><img loading=\"lazy\" decoding=\"async\" width=\"1024\" height=\"683\" src=\"https:\/\/www.jc-correct.com\/blog\/wp-content\/uploads\/2019\/10\/Zermatt-1024x683.jpg\" alt=\"\" class=\"wp-image-1351 lazyload\" data-srcset=\"https:\/\/www.jc-correct.com\/blog\/wp-content\/uploads\/2019\/10\/Zermatt-1024x683.jpg 1024w, https:\/\/www.jc-correct.com\/blog\/wp-content\/uploads\/2019\/10\/Zermatt-300x200.jpg 300w, https:\/\/www.jc-correct.com\/blog\/wp-content\/uploads\/2019\/10\/Zermatt-768x512.jpg 768w\" sizes=\"auto\" \/><figcaption>Zermatt<\/figcaption><\/figure>\n\n\n\n<p>Nebu\u010f\u0165e p\u0159ekvapeni, do Zermattu se autem nedostanete. Mus\u00edte jej zaparkovat ve vesnici T\u00e4sch a do Zermattu j\u00edt bu\u010f p\u011b\u0161ky, nebo jet vlakem. Auta maj\u00ed do Zermattu vstup zak\u00e1z\u00e1n. Pokud v\u0161ak p\u016fjdete p\u011b\u0161ky, velmi pravd\u011bpodobn\u011b uvid\u00edte z velmi bl\u00edzka p\u0159ist\u00e1vat vrtuln\u00edk, proto\u017ee p\u016fjdete p\u0159\u00edmo kolem heliportu. V&nbsp;letn\u00ed sez\u00f3n\u011b se tam l\u00e9t\u00e1 tak\u0159ka nep\u0159etr\u017eit\u011b, proto\u017ee vrtuln\u00edky pom\u00e1haj\u00ed nap\u0159\u00edklad i p\u0159i stavb\u00e1ch v&nbsp;kopc\u00edch. Dopravuj\u00ed tam t\u0159eba beton p\u0159\u00edmo z&nbsp;beton\u00e1rny v&nbsp;Zermattu. <\/p>\n\n\n\n<figure class=\"wp-block-image\"><img loading=\"lazy\" decoding=\"async\" width=\"1024\" height=\"506\" src=\"https:\/\/www.jc-correct.com\/blog\/wp-content\/uploads\/2019\/10\/Vrtuln\u00edk-v-Zermattu-1024x506.jpg\" alt=\"\" class=\"wp-image-1350 lazyload\" data-srcset=\"https:\/\/www.jc-correct.com\/blog\/wp-content\/uploads\/2019\/10\/Vrtuln\u00edk-v-Zermattu-1024x506.jpg 1024w, https:\/\/www.jc-correct.com\/blog\/wp-content\/uploads\/2019\/10\/Vrtuln\u00edk-v-Zermattu-300x148.jpg 300w, https:\/\/www.jc-correct.com\/blog\/wp-content\/uploads\/2019\/10\/Vrtuln\u00edk-v-Zermattu-768x380.jpg 768w\" sizes=\"auto\" \/><\/figure>\n\n\n\n<p>V&nbsp;T\u00e4schi tak\u00e9 najdete <a rel=\"noreferrer noopener\" aria-label=\"kemp (opens in a new tab)\" href=\"https:\/\/www.campingtaesch.ch\/sites\/de\/\" target=\"_blank\">kemp<\/a>, kde m\u016f\u017eete p\u0159enocovat. Nezapome\u0148te si op\u011bt zajistit dostatek \u0161v\u00fdcarsk\u00fdch frank\u016f &#x1f60a; P\u0159esp\u00e1n\u00ed v&nbsp;kempu v\u00e1s vyjde zhruba na 700-800 korun na osobu. Zermatt je p\u0159ekr\u00e1sn\u00e9 m\u00edsto, kam se ur\u010dit\u011b mus\u00edte pod\u00edvat. Nav\u0161t\u011bvuje jej opravdu hodn\u011b lid\u00ed, tak\u017ee m\u00edsty se budete muset procpat davem turist\u016f, kte\u0159\u00ed st\u011b\u017e\u00ed odol\u00e1vaj\u00ed v\u016fn\u00edm linouc\u00edm se z&nbsp;obch\u016fdk\u016f, kde jsou k&nbsp;dost\u00e1n\u00ed m\u00edstn\u00ed speciality. A kone\u010dn\u011b, a\u017e projdete Zermattem, m\u00e1te tu mo\u017enost vyjet na horn\u00ed vyhl\u00eddku nebo vyj\u00edt na ni\u017e\u0161\u00ed vyhl\u00eddku a kochat se pohledem na evropsk\u00e9ho kr\u00e1le hor.<\/p>\n\n\n\n<h4 class=\"wp-block-heading\">Sm\u011brem na \u017denevu<\/h4>\n\n\n\n<p>Kdo se rozhodne pro okru\u017en\u00ed cestu \u0160v\u00fdcarskem, uraz\u00ed pom\u011brn\u011b hodn\u011b kilometr\u016f a zastav\u00ed (a n\u011bkdy i p\u0159esp\u00ed) na mnoha d\u00e1lni\u010dn\u00edch odpo\u010d\u00edvadlech. Bu\u010fte obez\u0159etn\u00ed, nenechte si nic ukr\u00e1st a sledujte lidi kolem sebe. My m\u011bli tu \u010dest potkat divok\u00e9 Francouze, kte\u0159\u00ed n\u00e1s cht\u011bli vyhodit z&nbsp;na\u0161eho parkovac\u00edho m\u00edsta jen z toho d\u016fvodu, \u017ee je \u201ejejich\u201c. K&nbsp;na\u0161emu p\u0159ekvapen\u00ed jsme si v\u0161imli, \u017ee tito lid\u00e9 maj\u00ed na odpo\u010d\u00edvadle i karavan, venku pra\u010dku a zjevn\u011b na odpo\u010d\u00edvadle tr\u00e1v\u00ed svou dovolenou. Ve dne jezd\u00ed po m\u011bstech a vrac\u00ed se p\u0159espat na odpo\u010d\u00edvadlo. A nebylo jich m\u00e1lo. <\/p>\n\n\n\n<div class=\"wp-block-image\"><figure class=\"aligncenter\"><img loading=\"lazy\" decoding=\"async\" width=\"1024\" height=\"683\" src=\"https:\/\/www.jc-correct.com\/blog\/wp-content\/uploads\/2019\/10\/\u017deneva-1024x683.jpg\" alt=\"\" class=\"wp-image-1353 lazyload\" data-srcset=\"https:\/\/www.jc-correct.com\/blog\/wp-content\/uploads\/2019\/10\/\u017deneva-1024x683.jpg 1024w, https:\/\/www.jc-correct.com\/blog\/wp-content\/uploads\/2019\/10\/\u017deneva-300x200.jpg 300w, https:\/\/www.jc-correct.com\/blog\/wp-content\/uploads\/2019\/10\/\u017deneva-768x512.jpg 768w\" sizes=\"auto\" \/><figcaption>\u017deneva<\/figcaption><\/figure><\/div>\n\n\n\n<p>\u017deneva je p\u0159ekr\u00e1sn\u00e9 m\u011bsto, kter\u00e9 le\u017e\u00ed p\u0159\u00edmo u \u017denevsk\u00e9ho\njezera, tak\u017ee si vychutn\u00e1te p\u0159\u00edstav plachetnic a z\u00e1rove\u0148 skoro st\u0159edov\u011bk\u00e9\nuli\u010dky pln\u00e9 luxusn\u00edch obchod\u016f. V&nbsp;tomto francouzsky mluv\u00edc\u00edm m\u011bst\u011b jsme hodn\u011b\nvy\u010dn\u00edvali, proto\u017ee tam v\u011bt\u0161ina p\u00e1n\u016f chod\u00ed v&nbsp;obleku a v\u011bt\u0161ina dam m\u00e1 na\nsob\u011b tak\u00e9 n\u011bco dra\u017e\u0161\u00edho, ne\u017e byly v\u0161echny na\u0161e v\u011bci dohromady. To n\u00e1m ale nebr\u00e1nilo\nsi \u017denevu u\u017e\u00edt, jak se pat\u0159\u00ed &#x1f60a; P\u0159ipravte se na opravdu hust\u00fd provoz a na\ndrah\u00e9 parkov\u00e1n\u00ed \u2013 jinak se do m\u011bsta nem\u00e1te moc \u0161anci dostat.<\/p>\n\n\n\n<figure class=\"wp-block-image\"><img loading=\"lazy\" decoding=\"async\" width=\"1024\" height=\"503\" src=\"https:\/\/www.jc-correct.com\/blog\/wp-content\/uploads\/2019\/10\/Interlaken-1024x503.jpg\" alt=\"\" class=\"wp-image-1357 lazyload\" data-srcset=\"https:\/\/www.jc-correct.com\/blog\/wp-content\/uploads\/2019\/10\/Interlaken-1024x503.jpg 1024w, https:\/\/www.jc-correct.com\/blog\/wp-content\/uploads\/2019\/10\/Interlaken-300x147.jpg 300w, https:\/\/www.jc-correct.com\/blog\/wp-content\/uploads\/2019\/10\/Interlaken-768x377.jpg 768w\" sizes=\"auto\" \/><figcaption>Interlaken<\/figcaption><\/figure>\n\n\n\n<p>Ze \u017denevy do Bernu to m\u016f\u017eete vz\u00edt kolem Neuchatelsk\u00e9ho jezera nebo se stavit t\u0159eba u blankytn\u011b modr\u00fdch jezer Thunersee a Brienzersee, mezi nimi\u017e le\u017e\u00ed zn\u00e1m\u00e9 m\u011bste\u010dko Interlaken. Koup\u00e1n\u00ed stoj\u00ed za to \u2013 vid\u00edte si a\u017e na \u0161pi\u010dky nohou!<\/p>\n\n\n\n<h4 class=\"wp-block-heading\">Bern<\/h4>\n\n\n\n<p>Bern je ji\u017e n\u011bmecky mluv\u00edc\u00ed m\u011bsto, ale rozhodn\u011b nen\u00ed m\u00e9n\u011b na \u00farovni ne\u017e \u017deneva. Rozhodli jsme se parkovat v&nbsp;parkovac\u00edm dom\u011b, aby na\u0161e star\u00e1 Octavia nevy\u010dn\u00edvala mezi leskl\u00fdmi Porsche a Mercedesy a nep\u0159il\u00e1kala pozornost m\u00edstn\u00ed policie. Nebylo toti\u017e v\u016fbec kde parkovat, tak\u017ee bychom jistojist\u011b parkovali na n\u011bjak\u00e9m obrubn\u00edku \u010di na reserv\u00e9. Bern n\u00e1s okouzlil sv\u00fdmi kr\u00e1sn\u00fdmi uli\u010dkami, orlojem a parkovi\u0161ti pro kola \u2013 na kole tam jezdil snad ka\u017ed\u00fd. <\/p>\n\n\n\n<figure class=\"wp-block-image\"><img loading=\"lazy\" decoding=\"async\" width=\"1024\" height=\"1024\" src=\"https:\/\/www.jc-correct.com\/blog\/wp-content\/uploads\/2019\/10\/Bern-1024x1024.jpg\" alt=\"\" class=\"wp-image-1355 lazyload\" data-srcset=\"https:\/\/www.jc-correct.com\/blog\/wp-content\/uploads\/2019\/10\/Bern-1024x1024.jpg 1024w, https:\/\/www.jc-correct.com\/blog\/wp-content\/uploads\/2019\/10\/Bern-150x150.jpg 150w, https:\/\/www.jc-correct.com\/blog\/wp-content\/uploads\/2019\/10\/Bern-300x300.jpg 300w, https:\/\/www.jc-correct.com\/blog\/wp-content\/uploads\/2019\/10\/Bern-768x768.jpg 768w, https:\/\/www.jc-correct.com\/blog\/wp-content\/uploads\/2019\/10\/Bern-80x80.jpg 80w, https:\/\/www.jc-correct.com\/blog\/wp-content\/uploads\/2019\/10\/Bern-160x160.jpg 160w, https:\/\/www.jc-correct.com\/blog\/wp-content\/uploads\/2019\/10\/Bern-240x240.jpg 240w, https:\/\/www.jc-correct.com\/blog\/wp-content\/uploads\/2019\/10\/Bern-320x320.jpg 320w, https:\/\/www.jc-correct.com\/blog\/wp-content\/uploads\/2019\/10\/Bern-480x480.jpg 480w, https:\/\/www.jc-correct.com\/blog\/wp-content\/uploads\/2019\/10\/Bern-640x640.jpg 640w, https:\/\/www.jc-correct.com\/blog\/wp-content\/uploads\/2019\/10\/Bern-720x720.jpg 720w\" sizes=\"auto\" \/><figcaption>Bern<\/figcaption><\/figure>\n\n\n\n<h4 class=\"wp-block-heading\">Z\u00fcrich<\/h4>\n\n\n\n<p>Z\u00fcrich byl Bernu podobn\u00fd svou atmosf\u00e9rou, \u017denev\u011b zase t\u00edm, \u017ee le\u017e\u00ed u jezera. A v\u0161echna t\u0159i m\u011bsta jsou si podobn\u00e1 cenami potravin. Jedna nejlevn\u011bj\u0161\u00ed bulka stoj\u00ed asi dvacet korun, ale byla opravdu v\u00fdborn\u00e1. Sn\u011bdli jsme jich nakonec opravdu hodn\u011b, proto\u017ee v\u0161echno ostatn\u00ed bylo je\u0161t\u011b dra\u017e\u0161\u00ed. <\/p>\n\n\n\n<figure class=\"wp-block-image\"><img loading=\"lazy\" decoding=\"async\" width=\"1024\" height=\"523\" src=\"https:\/\/www.jc-correct.com\/blog\/wp-content\/uploads\/2019\/10\/Pe\u010divo-v-Z\u00fcrichu-1024x523.jpg\" alt=\"\" class=\"wp-image-1370 lazyload\" data-srcset=\"https:\/\/www.jc-correct.com\/blog\/wp-content\/uploads\/2019\/10\/Pe\u010divo-v-Z\u00fcrichu-1024x523.jpg 1024w, https:\/\/www.jc-correct.com\/blog\/wp-content\/uploads\/2019\/10\/Pe\u010divo-v-Z\u00fcrichu-300x153.jpg 300w, https:\/\/www.jc-correct.com\/blog\/wp-content\/uploads\/2019\/10\/Pe\u010divo-v-Z\u00fcrichu-768x392.jpg 768w\" sizes=\"auto\" \/><\/figure>\n\n\n\n<p>Pat\u0159\u00edm mezi \u017eensk\u00e9, kter\u00e9 r\u00e1dy nakupuj\u00ed v&nbsp;second handech, ale v&nbsp;\u017e\u00e1dn\u00e9m z&nbsp;m\u011bst jsem jej nena\u0161la. Sed\u00ed to k&nbsp;celkov\u00e9mu duchu t\u011bchto m\u011bst, kde se hraje na luxus. Jsem asi rozmazlen\u00e1 z&nbsp;Brna, kde je second hand na ka\u017ed\u00e9m rohu. V\u0161ude je v\u0161echno kr\u00e1sn\u00e9, uklizen\u00e9 a neponi\u010den\u00e9. Za tohle maj\u00ed \u0160v\u00fdca\u0159i m\u016fj obdiv.<\/p>\n\n\n\n<figure class=\"wp-block-image\"><img loading=\"lazy\" decoding=\"async\" width=\"1024\" height=\"683\" src=\"https:\/\/www.jc-correct.com\/blog\/wp-content\/uploads\/2019\/10\/Z\u00fcrich-1024x683.jpg\" alt=\"\" class=\"wp-image-1356 lazyload\" data-srcset=\"https:\/\/www.jc-correct.com\/blog\/wp-content\/uploads\/2019\/10\/Z\u00fcrich-1024x683.jpg 1024w, https:\/\/www.jc-correct.com\/blog\/wp-content\/uploads\/2019\/10\/Z\u00fcrich-300x200.jpg 300w, https:\/\/www.jc-correct.com\/blog\/wp-content\/uploads\/2019\/10\/Z\u00fcrich-768x512.jpg 768w\" sizes=\"auto\" \/><figcaption>Z\u00fcrich<\/figcaption><\/figure>\n\n\n\n<h4 class=\"wp-block-heading\">Zp\u00e1tky dom\u016f<\/h4>\n\n\n\n<p>Po v\u00edce ne\u017e 3000 ujet\u00fdch kilometrech a hodin\u00e1ch str\u00e1ven\u00fdch v aut\u011b jsme si dom\u016f odn\u00e1\u0161eli spoustu z\u00e1\u017eitk\u016f. Pokud byste se r\u00e1di pod\u00edvali do \u0160v\u00fdcarska nejd\u0159\u00edve virtu\u00e1ln\u011b, doporu\u010duji mrknout na web <a rel=\"noreferrer noopener\" aria-label=\"Grand Tour de Switzerland (opens in a new tab)\" href=\"https:\/\/grandtour.myswitzerland.com\/en\/\" target=\"_blank\">Grand Tour de Switzerland<\/a>. Samotn\u00fd web v\u00e1s vt\u00e1hne do \u0161v\u00fdcarsk\u00e9 krajiny a b\u011bhem prohl\u00ed\u017een\u00ed fotek a informac\u00ed z kr\u00e1sn\u00fdch m\u00edst vid\u00edte p\u0159\u00edmo na map\u011b, kde se zrovna pohybujete. Rozhodn\u011b se do \u0160v\u00fdcarska tak\u00e9 jednou vydejte, a\u0165 u\u017e low cost nebo &#8222;ne low cost&#8220;. V\u0161echny ty horsk\u00e9 v\u00fdhledy a kouzeln\u00e1 m\u011bsta stoj\u00ed za to.<\/p>\n\n\n\n<p>Jak v\u00edte, ve \u0160v\u00fdcarsku v\u00e1s n\u011bkde pozdrav\u00ed n\u011bmecky, jinde francouzsky \u010di italsky. Pokud byste se na sv\u016fj trip cht\u011bli jazykov\u011b p\u0159ipravit, m\u016f\u017eete vyzkou\u0161et na\u0161e <a href=\"https:\/\/www.jc-correct.com\/kurzy-pro-verejnost\">jazykov\u00e9 kurzy v Brn\u011b<\/a>. Na kurzech n\u011bm\u010diny se m\u016f\u017eete potkat p\u0159\u00edmo se <a href=\"https:\/\/www.jc-correct.com\/nas-tym\/lektori-jazykovych-kurzu\/marketa1\">mnou<\/a>! Tak t\u0159eba na vid\u011bnou v Correctu \ud83d\ude42<\/p>\n\n\n\n<div class=\"wp-block-image\"><figure class=\"aligncenter is-resized\"><img loading=\"lazy\" decoding=\"async\" src=\"https:\/\/www.jc-correct.com\/blog\/wp-content\/uploads\/2019\/09\/Jazykov\u00e9-centrum-Correct-1.png\" alt=\"\" class=\"wp-image-987 lazyload\" width=\"509\" height=\"253\" data-srcset=\"https:\/\/www.jc-correct.com\/blog\/wp-content\/uploads\/2019\/09\/Jazykov\u00e9-centrum-Correct-1.png 902w, https:\/\/www.jc-correct.com\/blog\/wp-content\/uploads\/2019\/09\/Jazykov\u00e9-centrum-Correct-1-300x149.png 300w, https:\/\/www.jc-correct.com\/blog\/wp-content\/uploads\/2019\/09\/Jazykov\u00e9-centrum-Correct-1-768x382.png 768w, https:\/\/www.jc-correct.com\/blog\/wp-content\/uploads\/2019\/09\/Jazykov\u00e9-centrum-Correct-1-624x311.png 624w\" sizes=\"auto\" \/><\/figure><\/div>\n","protected":false},"excerpt":{"rendered":"<p>Spousta \u010desk\u00fdch dobrodruh\u016f a horal\u016f se jednoho dne rozhodne, \u017ee r\u016fzn\u00fdmi zp\u016fsoby p\u0159ekon\u00e1 vzd\u00e1lenost p\u0159es 1000 kilometr\u016f a kone\u010dn\u011b se pod\u00edv\u00e1 do zem\u011b \u010dty\u0159tis\u00edcovek, hodinek a \u010dokol\u00e1dy \u2013 do \u0160v\u00fdcarska. I j\u00e1 jsem se toho dne do\u010dkala a vydala jsem se s&nbsp;man\u017eelem na mal\u00fd road trip \u0160v\u00fdcarskem. Rozhodla jsem se sv\u00e9 z\u00e1\u017eitky sd\u00edlet \u2013 aby se jin\u00ed vyhnuli chyb\u00e1m, kter\u00fdch jsme se dopustili, a aby tak\u00e9 vid\u011bli, co r\u016fzn\u00e9ho n\u00e1dhern\u00e9ho se d\u00e1 ve \u0160v\u00fdcarsku vid\u011bt. Tento \u010dl\u00e1nek je v\u011bnov\u00e1n v\u0161em p\u0159\u00edznivc\u016fm low cost cestov\u00e1n\u00ed, nech\u0165 je jim inspirac\u00ed &#x1f60a; Tak vyr\u00e1\u017e\u00edme! Cesta z&nbsp;Brna do \u0160v\u00fdcarska Je to u\u017e celkem d\u00e1lka&#8230;.<\/p>\n","protected":false},"author":7,"featured_media":1362,"comment_status":"closed","ping_status":"open","sticky":false,"template":"","format":"standard","meta":{"_acf_changed":false,"footnotes":""},"categories":[3,246],"tags":[423,415,419,418,414,417,427,429,428,426,422,280,413,412,420,416,421,425,424],"class_list":["post-1341","post","type-post","status-publish","format-standard","has-post-thumbnail","hentry","category-novinky","category-zajimavosti","tag-bern","tag-cestovani-ve-svycarsku","tag-dalnicni-odpocivadla","tag-dalnicni-znamka-ve-svycarsku","tag-grand-tour-de-swizerland","tag-jak-cestovat-po-svycarsku","tag-lanovka-na-matterhorn","tag-lowcost-svycarsko","tag-lowcostove-do-svycarska","tag-matterhorn","tag-navsteva-bernu","tag-road-trip","tag-road-trip-po-svycarsku","tag-svycarsko","tag-vylet-do-zenevy","tag-zazitky-ze-svycarska","tag-zeneva","tag-zermatt","tag-zurich"],"acf":[],"yoast_head":"<!-- This site is optimized with the Yoast SEO plugin v22.3 - https:\/\/yoast.com\/wordpress\/plugins\/seo\/ -->\n<title>Road trip po \u0160v\u00fdcarsku - BLOG: Jazykov\u00e9 centrum Correct<\/title>\n<meta name=\"robots\" content=\"index, follow, max-snippet:-1, max-image-preview:large, max-video-preview:-1\" \/>\n<link rel=\"canonical\" href=\"https:\/\/www.jc-correct.com\/blog\/road-trip-po-svycarsku\/\" \/>\n<meta property=\"og:locale\" content=\"cs_CZ\" \/>\n<meta property=\"og:type\" content=\"article\" \/>\n<meta property=\"og:title\" content=\"Road trip po \u0160v\u00fdcarsku - BLOG: Jazykov\u00e9 centrum Correct\" \/>\n<meta property=\"og:description\" content=\"Spousta \u010desk\u00fdch dobrodruh\u016f a horal\u016f se jednoho dne rozhodne, \u017ee r\u016fzn\u00fdmi zp\u016fsoby p\u0159ekon\u00e1 vzd\u00e1lenost p\u0159es 1000 kilometr\u016f a kone\u010dn\u011b se pod\u00edv\u00e1 do zem\u011b \u010dty\u0159tis\u00edcovek, hodinek a \u010dokol\u00e1dy \u2013 do \u0160v\u00fdcarska. I j\u00e1 jsem se toho dne do\u010dkala a vydala jsem se s&nbsp;man\u017eelem na mal\u00fd road trip \u0160v\u00fdcarskem. Rozhodla jsem se sv\u00e9 z\u00e1\u017eitky sd\u00edlet \u2013 aby se jin\u00ed vyhnuli chyb\u00e1m, kter\u00fdch jsme se dopustili, a aby tak\u00e9 vid\u011bli, co r\u016fzn\u00e9ho n\u00e1dhern\u00e9ho se d\u00e1 ve \u0160v\u00fdcarsku vid\u011bt. Tento \u010dl\u00e1nek je v\u011bnov\u00e1n v\u0161em p\u0159\u00edznivc\u016fm low cost cestov\u00e1n\u00ed, nech\u0165 je jim inspirac\u00ed &#x1f60a; Tak vyr\u00e1\u017e\u00edme! Cesta z&nbsp;Brna do \u0160v\u00fdcarska Je to u\u017e celkem d\u00e1lka....\" \/>\n<meta property=\"og:url\" content=\"https:\/\/www.jc-correct.com\/blog\/road-trip-po-svycarsku\/\" \/>\n<meta property=\"og:site_name\" content=\"BLOG: Jazykov\u00e9 centrum Correct\" \/>\n<meta property=\"article:publisher\" content=\"https:\/\/www.facebook.com\/correct.jazykove.centrum\/\" \/>\n<meta property=\"article:published_time\" content=\"2019-10-27T18:09:28+00:00\" \/>\n<meta property=\"article:modified_time\" content=\"2020-10-19T12:52:33+00:00\" \/>\n<meta property=\"og:image\" content=\"https:\/\/www.jc-correct.com\/blog\/wp-content\/uploads\/2019\/10\/Roadtrip-\u0160v\u00fdcarsko1-1024x567.jpg\" \/>\n\t<meta property=\"og:image:width\" content=\"1024\" \/>\n\t<meta property=\"og:image:height\" content=\"567\" \/>\n\t<meta property=\"og:image:type\" content=\"image\/jpeg\" \/>\n<meta name=\"author\" content=\"Mark\u00e9ta Lorencov\u00e1\" \/>\n<meta name=\"twitter:card\" content=\"summary_large_image\" \/>\n<meta name=\"twitter:label1\" content=\"Napsal(a)\" \/>\n\t<meta name=\"twitter:data1\" content=\"Mark\u00e9ta Lorencov\u00e1\" \/>\n\t<meta name=\"twitter:label2\" content=\"Odhadovan\u00e1 doba \u010dten\u00ed\" \/>\n\t<meta name=\"twitter:data2\" content=\"10 minut\" \/>\n<script type=\"application\/ld+json\" class=\"yoast-schema-graph\">{\"@context\":\"https:\/\/schema.org\",\"@graph\":[{\"@type\":\"Article\",\"@id\":\"https:\/\/www.jc-correct.com\/blog\/road-trip-po-svycarsku\/#article\",\"isPartOf\":{\"@id\":\"https:\/\/www.jc-correct.com\/blog\/road-trip-po-svycarsku\/\"},\"author\":{\"name\":\"Mark\u00e9ta Lorencov\u00e1\",\"@id\":\"https:\/\/www.jc-correct.com\/blog\/#\/schema\/person\/c98283a8e08ad197801e2b0193748e13\"},\"headline\":\"Road trip po \u0160v\u00fdcarsku\",\"datePublished\":\"2019-10-27T18:09:28+00:00\",\"dateModified\":\"2020-10-19T12:52:33+00:00\",\"mainEntityOfPage\":{\"@id\":\"https:\/\/www.jc-correct.com\/blog\/road-trip-po-svycarsku\/\"},\"wordCount\":1958,\"publisher\":{\"@id\":\"https:\/\/www.jc-correct.com\/blog\/#organization\"},\"image\":{\"@id\":\"https:\/\/www.jc-correct.com\/blog\/road-trip-po-svycarsku\/#primaryimage\"},\"thumbnailUrl\":\"https:\/\/www.jc-correct.com\/blog\/wp-content\/uploads\/2019\/10\/Roadtrip-\u0160v\u00fdcarsko1.jpg\",\"keywords\":[\"Bern\",\"cestov\u00e1n\u00ed ve \u0160v\u00fdcarsku\",\"d\u00e1lni\u010dn\u00ed odpo\u010d\u00edvadla\",\"d\u00e1lni\u010dn\u00ed zn\u00e1mka ve \u0160v\u00fdcarsku\",\"Grand Tour de Swizerland\",\"jak cestovat po \u0160v\u00fdcarsku\",\"lanovka na Matterhorn\",\"lowcost \u0160v\u00fdcarsko\",\"lowcostov\u011b do \u0160v\u00fdcarska\",\"Matterhorn\",\"n\u00e1v\u0161t\u011bva Bernu\",\"road trip\",\"Road trip po \u0160v\u00fdcarsku\",\"\u0160v\u00fdcarsko\",\"v\u00fdlet do \u017denevy\",\"z\u00e1\u017eitky ze \u0160v\u00fdcarska\",\"\u017deneva\",\"Zermatt\",\"Z\u00fcrich\"],\"articleSection\":[\"Novinky\",\"Zaj\u00edmavosti\"],\"inLanguage\":\"cs\"},{\"@type\":\"WebPage\",\"@id\":\"https:\/\/www.jc-correct.com\/blog\/road-trip-po-svycarsku\/\",\"url\":\"https:\/\/www.jc-correct.com\/blog\/road-trip-po-svycarsku\/\",\"name\":\"Road trip po \u0160v\u00fdcarsku - BLOG: Jazykov\u00e9 centrum Correct\",\"isPartOf\":{\"@id\":\"https:\/\/www.jc-correct.com\/blog\/#website\"},\"primaryImageOfPage\":{\"@id\":\"https:\/\/www.jc-correct.com\/blog\/road-trip-po-svycarsku\/#primaryimage\"},\"image\":{\"@id\":\"https:\/\/www.jc-correct.com\/blog\/road-trip-po-svycarsku\/#primaryimage\"},\"thumbnailUrl\":\"https:\/\/www.jc-correct.com\/blog\/wp-content\/uploads\/2019\/10\/Roadtrip-\u0160v\u00fdcarsko1.jpg\",\"datePublished\":\"2019-10-27T18:09:28+00:00\",\"dateModified\":\"2020-10-19T12:52:33+00:00\",\"breadcrumb\":{\"@id\":\"https:\/\/www.jc-correct.com\/blog\/road-trip-po-svycarsku\/#breadcrumb\"},\"inLanguage\":\"cs\",\"potentialAction\":[{\"@type\":\"ReadAction\",\"target\":[\"https:\/\/www.jc-correct.com\/blog\/road-trip-po-svycarsku\/\"]}]},{\"@type\":\"ImageObject\",\"inLanguage\":\"cs\",\"@id\":\"https:\/\/www.jc-correct.com\/blog\/road-trip-po-svycarsku\/#primaryimage\",\"url\":\"https:\/\/www.jc-correct.com\/blog\/wp-content\/uploads\/2019\/10\/Roadtrip-\u0160v\u00fdcarsko1.jpg\",\"contentUrl\":\"https:\/\/www.jc-correct.com\/blog\/wp-content\/uploads\/2019\/10\/Roadtrip-\u0160v\u00fdcarsko1.jpg\",\"width\":4023,\"height\":2229,\"caption\":\"dav\"},{\"@type\":\"BreadcrumbList\",\"@id\":\"https:\/\/www.jc-correct.com\/blog\/road-trip-po-svycarsku\/#breadcrumb\",\"itemListElement\":[{\"@type\":\"ListItem\",\"position\":1,\"name\":\"Dom\u016f\",\"item\":\"https:\/\/www.jc-correct.com\/blog\/\"},{\"@type\":\"ListItem\",\"position\":2,\"name\":\"Road trip po \u0160v\u00fdcarsku\"}]},{\"@type\":\"WebSite\",\"@id\":\"https:\/\/www.jc-correct.com\/blog\/#website\",\"url\":\"https:\/\/www.jc-correct.com\/blog\/\",\"name\":\"BLOG: Jazykov\u00e9 centrum Correct\",\"description\":\"\",\"publisher\":{\"@id\":\"https:\/\/www.jc-correct.com\/blog\/#organization\"},\"potentialAction\":[{\"@type\":\"SearchAction\",\"target\":{\"@type\":\"EntryPoint\",\"urlTemplate\":\"https:\/\/www.jc-correct.com\/blog\/?s={search_term_string}\"},\"query-input\":\"required name=search_term_string\"}],\"inLanguage\":\"cs\"},{\"@type\":\"Organization\",\"@id\":\"https:\/\/www.jc-correct.com\/blog\/#organization\",\"name\":\"Jazykov\u00e9 centrum Correct, s.r.o.\",\"url\":\"https:\/\/www.jc-correct.com\/blog\/\",\"logo\":{\"@type\":\"ImageObject\",\"inLanguage\":\"cs\",\"@id\":\"https:\/\/www.jc-correct.com\/blog\/#\/schema\/logo\/image\/\",\"url\":\"https:\/\/www.jc-correct.com\/blog\/wp-content\/uploads\/2019\/09\/logo.png\",\"contentUrl\":\"https:\/\/www.jc-correct.com\/blog\/wp-content\/uploads\/2019\/09\/logo.png\",\"width\":228,\"height\":89,\"caption\":\"Jazykov\u00e9 centrum Correct, s.r.o.\"},\"image\":{\"@id\":\"https:\/\/www.jc-correct.com\/blog\/#\/schema\/logo\/image\/\"},\"sameAs\":[\"https:\/\/www.facebook.com\/correct.jazykove.centrum\/\",\"https:\/\/www.instagram.com\/wearecorrect\/\",\"https:\/\/www.linkedin.com\/company\/correct-language-centre\/\",\"https:\/\/www.youtube.com\/channel\/UCqO47fnZwWjEqjOG57A7rZA\/featured\"]},{\"@type\":\"Person\",\"@id\":\"https:\/\/www.jc-correct.com\/blog\/#\/schema\/person\/c98283a8e08ad197801e2b0193748e13\",\"name\":\"Mark\u00e9ta Lorencov\u00e1\",\"image\":{\"@type\":\"ImageObject\",\"inLanguage\":\"cs\",\"@id\":\"https:\/\/www.jc-correct.com\/blog\/#\/schema\/person\/image\/\",\"url\":\"https:\/\/www.jc-correct.com\/blog\/wp-content\/uploads\/2019\/10\/Mark\u00e9ta_L-150x150.jpg\",\"contentUrl\":\"https:\/\/www.jc-correct.com\/blog\/wp-content\/uploads\/2019\/10\/Mark\u00e9ta_L-150x150.jpg\",\"caption\":\"Mark\u00e9ta Lorencov\u00e1\"},\"url\":\"https:\/\/www.jc-correct.com\/blog\/author\/marketa\/\"}]}<\/script>\n<!-- \/ Yoast SEO plugin. -->","yoast_head_json":{"title":"Road trip po \u0160v\u00fdcarsku - BLOG: Jazykov\u00e9 centrum Correct","robots":{"index":"index","follow":"follow","max-snippet":"max-snippet:-1","max-image-preview":"max-image-preview:large","max-video-preview":"max-video-preview:-1"},"canonical":"https:\/\/www.jc-correct.com\/blog\/road-trip-po-svycarsku\/","og_locale":"cs_CZ","og_type":"article","og_title":"Road trip po \u0160v\u00fdcarsku - BLOG: Jazykov\u00e9 centrum Correct","og_description":"Spousta \u010desk\u00fdch dobrodruh\u016f a horal\u016f se jednoho dne rozhodne, \u017ee r\u016fzn\u00fdmi zp\u016fsoby p\u0159ekon\u00e1 vzd\u00e1lenost p\u0159es 1000 kilometr\u016f a kone\u010dn\u011b se pod\u00edv\u00e1 do zem\u011b \u010dty\u0159tis\u00edcovek, hodinek a \u010dokol\u00e1dy \u2013 do \u0160v\u00fdcarska. I j\u00e1 jsem se toho dne do\u010dkala a vydala jsem se s&nbsp;man\u017eelem na mal\u00fd road trip \u0160v\u00fdcarskem. Rozhodla jsem se sv\u00e9 z\u00e1\u017eitky sd\u00edlet \u2013 aby se jin\u00ed vyhnuli chyb\u00e1m, kter\u00fdch jsme se dopustili, a aby tak\u00e9 vid\u011bli, co r\u016fzn\u00e9ho n\u00e1dhern\u00e9ho se d\u00e1 ve \u0160v\u00fdcarsku vid\u011bt. Tento \u010dl\u00e1nek je v\u011bnov\u00e1n v\u0161em p\u0159\u00edznivc\u016fm low cost cestov\u00e1n\u00ed, nech\u0165 je jim inspirac\u00ed &#x1f60a; Tak vyr\u00e1\u017e\u00edme! Cesta z&nbsp;Brna do \u0160v\u00fdcarska Je to u\u017e celkem d\u00e1lka....","og_url":"https:\/\/www.jc-correct.com\/blog\/road-trip-po-svycarsku\/","og_site_name":"BLOG: Jazykov\u00e9 centrum Correct","article_publisher":"https:\/\/www.facebook.com\/correct.jazykove.centrum\/","article_published_time":"2019-10-27T18:09:28+00:00","article_modified_time":"2020-10-19T12:52:33+00:00","og_image":[{"width":1024,"height":567,"url":"https:\/\/www.jc-correct.com\/blog\/wp-content\/uploads\/2019\/10\/Roadtrip-\u0160v\u00fdcarsko1-1024x567.jpg","type":"image\/jpeg"}],"author":"Mark\u00e9ta Lorencov\u00e1","twitter_card":"summary_large_image","twitter_misc":{"Napsal(a)":"Mark\u00e9ta Lorencov\u00e1","Odhadovan\u00e1 doba \u010dten\u00ed":"10 minut"},"schema":{"@context":"https:\/\/schema.org","@graph":[{"@type":"Article","@id":"https:\/\/www.jc-correct.com\/blog\/road-trip-po-svycarsku\/#article","isPartOf":{"@id":"https:\/\/www.jc-correct.com\/blog\/road-trip-po-svycarsku\/"},"author":{"name":"Mark\u00e9ta Lorencov\u00e1","@id":"https:\/\/www.jc-correct.com\/blog\/#\/schema\/person\/c98283a8e08ad197801e2b0193748e13"},"headline":"Road trip po \u0160v\u00fdcarsku","datePublished":"2019-10-27T18:09:28+00:00","dateModified":"2020-10-19T12:52:33+00:00","mainEntityOfPage":{"@id":"https:\/\/www.jc-correct.com\/blog\/road-trip-po-svycarsku\/"},"wordCount":1958,"publisher":{"@id":"https:\/\/www.jc-correct.com\/blog\/#organization"},"image":{"@id":"https:\/\/www.jc-correct.com\/blog\/road-trip-po-svycarsku\/#primaryimage"},"thumbnailUrl":"https:\/\/www.jc-correct.com\/blog\/wp-content\/uploads\/2019\/10\/Roadtrip-\u0160v\u00fdcarsko1.jpg","keywords":["Bern","cestov\u00e1n\u00ed ve \u0160v\u00fdcarsku","d\u00e1lni\u010dn\u00ed odpo\u010d\u00edvadla","d\u00e1lni\u010dn\u00ed zn\u00e1mka ve \u0160v\u00fdcarsku","Grand Tour de Swizerland","jak cestovat po \u0160v\u00fdcarsku","lanovka na Matterhorn","lowcost \u0160v\u00fdcarsko","lowcostov\u011b do \u0160v\u00fdcarska","Matterhorn","n\u00e1v\u0161t\u011bva Bernu","road trip","Road trip po \u0160v\u00fdcarsku","\u0160v\u00fdcarsko","v\u00fdlet do \u017denevy","z\u00e1\u017eitky ze \u0160v\u00fdcarska","\u017deneva","Zermatt","Z\u00fcrich"],"articleSection":["Novinky","Zaj\u00edmavosti"],"inLanguage":"cs"},{"@type":"WebPage","@id":"https:\/\/www.jc-correct.com\/blog\/road-trip-po-svycarsku\/","url":"https:\/\/www.jc-correct.com\/blog\/road-trip-po-svycarsku\/","name":"Road trip po \u0160v\u00fdcarsku - BLOG: Jazykov\u00e9 centrum Correct","isPartOf":{"@id":"https:\/\/www.jc-correct.com\/blog\/#website"},"primaryImageOfPage":{"@id":"https:\/\/www.jc-correct.com\/blog\/road-trip-po-svycarsku\/#primaryimage"},"image":{"@id":"https:\/\/www.jc-correct.com\/blog\/road-trip-po-svycarsku\/#primaryimage"},"thumbnailUrl":"https:\/\/www.jc-correct.com\/blog\/wp-content\/uploads\/2019\/10\/Roadtrip-\u0160v\u00fdcarsko1.jpg","datePublished":"2019-10-27T18:09:28+00:00","dateModified":"2020-10-19T12:52:33+00:00","breadcrumb":{"@id":"https:\/\/www.jc-correct.com\/blog\/road-trip-po-svycarsku\/#breadcrumb"},"inLanguage":"cs","potentialAction":[{"@type":"ReadAction","target":["https:\/\/www.jc-correct.com\/blog\/road-trip-po-svycarsku\/"]}]},{"@type":"ImageObject","inLanguage":"cs","@id":"https:\/\/www.jc-correct.com\/blog\/road-trip-po-svycarsku\/#primaryimage","url":"https:\/\/www.jc-correct.com\/blog\/wp-content\/uploads\/2019\/10\/Roadtrip-\u0160v\u00fdcarsko1.jpg","contentUrl":"https:\/\/www.jc-correct.com\/blog\/wp-content\/uploads\/2019\/10\/Roadtrip-\u0160v\u00fdcarsko1.jpg","width":4023,"height":2229,"caption":"dav"},{"@type":"BreadcrumbList","@id":"https:\/\/www.jc-correct.com\/blog\/road-trip-po-svycarsku\/#breadcrumb","itemListElement":[{"@type":"ListItem","position":1,"name":"Dom\u016f","item":"https:\/\/www.jc-correct.com\/blog\/"},{"@type":"ListItem","position":2,"name":"Road trip po \u0160v\u00fdcarsku"}]},{"@type":"WebSite","@id":"https:\/\/www.jc-correct.com\/blog\/#website","url":"https:\/\/www.jc-correct.com\/blog\/","name":"BLOG: Jazykov\u00e9 centrum Correct","description":"","publisher":{"@id":"https:\/\/www.jc-correct.com\/blog\/#organization"},"potentialAction":[{"@type":"SearchAction","target":{"@type":"EntryPoint","urlTemplate":"https:\/\/www.jc-correct.com\/blog\/?s={search_term_string}"},"query-input":"required name=search_term_string"}],"inLanguage":"cs"},{"@type":"Organization","@id":"https:\/\/www.jc-correct.com\/blog\/#organization","name":"Jazykov\u00e9 centrum Correct, s.r.o.","url":"https:\/\/www.jc-correct.com\/blog\/","logo":{"@type":"ImageObject","inLanguage":"cs","@id":"https:\/\/www.jc-correct.com\/blog\/#\/schema\/logo\/image\/","url":"https:\/\/www.jc-correct.com\/blog\/wp-content\/uploads\/2019\/09\/logo.png","contentUrl":"https:\/\/www.jc-correct.com\/blog\/wp-content\/uploads\/2019\/09\/logo.png","width":228,"height":89,"caption":"Jazykov\u00e9 centrum Correct, s.r.o."},"image":{"@id":"https:\/\/www.jc-correct.com\/blog\/#\/schema\/logo\/image\/"},"sameAs":["https:\/\/www.facebook.com\/correct.jazykove.centrum\/","https:\/\/www.instagram.com\/wearecorrect\/","https:\/\/www.linkedin.com\/company\/correct-language-centre\/","https:\/\/www.youtube.com\/channel\/UCqO47fnZwWjEqjOG57A7rZA\/featured"]},{"@type":"Person","@id":"https:\/\/www.jc-correct.com\/blog\/#\/schema\/person\/c98283a8e08ad197801e2b0193748e13","name":"Mark\u00e9ta Lorencov\u00e1","image":{"@type":"ImageObject","inLanguage":"cs","@id":"https:\/\/www.jc-correct.com\/blog\/#\/schema\/person\/image\/","url":"https:\/\/www.jc-correct.com\/blog\/wp-content\/uploads\/2019\/10\/Mark\u00e9ta_L-150x150.jpg","contentUrl":"https:\/\/www.jc-correct.com\/blog\/wp-content\/uploads\/2019\/10\/Mark\u00e9ta_L-150x150.jpg","caption":"Mark\u00e9ta Lorencov\u00e1"},"url":"https:\/\/www.jc-correct.com\/blog\/author\/marketa\/"}]}},"_links":{"self":[{"href":"https:\/\/www.jc-correct.com\/blog\/wp-json\/wp\/v2\/posts\/1341","targetHints":{"allow":["GET"]}}],"collection":[{"href":"https:\/\/www.jc-correct.com\/blog\/wp-json\/wp\/v2\/posts"}],"about":[{"href":"https:\/\/www.jc-correct.com\/blog\/wp-json\/wp\/v2\/types\/post"}],"author":[{"embeddable":true,"href":"https:\/\/www.jc-correct.com\/blog\/wp-json\/wp\/v2\/users\/7"}],"replies":[{"embeddable":true,"href":"https:\/\/www.jc-correct.com\/blog\/wp-json\/wp\/v2\/comments?post=1341"}],"version-history":[{"count":36,"href":"https:\/\/www.jc-correct.com\/blog\/wp-json\/wp\/v2\/posts\/1341\/revisions"}],"predecessor-version":[{"id":2735,"href":"https:\/\/www.jc-correct.com\/blog\/wp-json\/wp\/v2\/posts\/1341\/revisions\/2735"}],"wp:featuredmedia":[{"embeddable":true,"href":"https:\/\/www.jc-correct.com\/blog\/wp-json\/wp\/v2\/media\/1362"}],"wp:attachment":[{"href":"https:\/\/www.jc-correct.com\/blog\/wp-json\/wp\/v2\/media?parent=1341"}],"wp:term":[{"taxonomy":"category","embeddable":true,"href":"https:\/\/www.jc-correct.com\/blog\/wp-json\/wp\/v2\/categories?post=1341"},{"taxonomy":"post_tag","embeddable":true,"href":"https:\/\/www.jc-correct.com\/blog\/wp-json\/wp\/v2\/tags?post=1341"}],"curies":[{"name":"wp","href":"https:\/\/api.w.org\/{rel}","templated":true}]}}