{"id":1289,"date":"2019-10-17T13:20:19","date_gmt":"2019-10-17T11:20:19","guid":{"rendered":"https:\/\/www.jc-correct.com\/blog\/?p=1289"},"modified":"2019-10-21T21:15:52","modified_gmt":"2019-10-21T19:15:52","slug":"correct-na-movin-europe-2019","status":"publish","type":"post","link":"https:\/\/www.jc-correct.com\/blog\/correct-na-movin-europe-2019\/","title":{"rendered":"Correct na Mov&#8217;in Europe 2019"},"content":{"rendered":"\n<p>Jsme r\u00e1di, \u017ee jsme mohli b\u00fdt sou\u010d\u00e1st\u00ed veletrhu Mov&#8217;in Europe, kter\u00fd ve st\u0159edu 16.10.2019 nab\u00eddl student\u016fm spoustu zaj\u00edmav\u00e9ho o studiu v&nbsp;zahrani\u010d\u00ed. Cel\u00fd den prob\u00edhaly p\u0159edn\u00e1\u0161ky o r\u016fzn\u00fdch studijn\u00edch mo\u017enostech a programech, d\u00edky kter\u00fdm u\u017e tolik student\u016f procestovalo p\u016fl sv\u011bta. <\/p>\n\n\n\n<div class=\"wp-block-image\"><figure class=\"aligncenter is-resized\"><img loading=\"lazy\" decoding=\"async\" src=\"https:\/\/www.jc-correct.com\/blog\/wp-content\/uploads\/2019\/10\/Movin-Europe3-1024x819.jpg\" alt=\"\" class=\"wp-image-1291 lazyload\" width=\"762\" height=\"609\" data-srcset=\"https:\/\/www.jc-correct.com\/blog\/wp-content\/uploads\/2019\/10\/Movin-Europe3-1024x819.jpg 1024w, https:\/\/www.jc-correct.com\/blog\/wp-content\/uploads\/2019\/10\/Movin-Europe3-300x240.jpg 300w, https:\/\/www.jc-correct.com\/blog\/wp-content\/uploads\/2019\/10\/Movin-Europe3-768x614.jpg 768w\" sizes=\"auto\" \/><figcaption>Hel\u010da v akci<\/figcaption><\/figure><\/div>\n\n\n\n<p>Ve vestibulu podnikatelsk\u00e9 fakulty jsme m\u011bli na dosah ochutn\u00e1vku r\u016fzn\u00fdch kultur na jednom m\u00edst\u011b. Zahrani\u010dn\u00ed studenti VUT z&nbsp;r\u016fzn\u00fdch zem\u00ed sd\u00edleli na sv\u00fdch st\u00e1nc\u00edch mnoh\u00e9 o tom, jak se v&nbsp;jejich zemi \u017eije, co je tam oproti \u010cesku neobvykl\u00e9 a pro\u010d rozhodn\u011b stoj\u00ed za to jejich zemi nav\u0161t\u00edvit. <\/p>\n\n\n\n<div class=\"wp-block-image\"><figure class=\"aligncenter is-resized\"><img loading=\"lazy\" decoding=\"async\" src=\"https:\/\/www.jc-correct.com\/blog\/wp-content\/uploads\/2019\/10\/Movin-Europe6-1024x683.jpg\" alt=\"\" class=\"wp-image-1292 lazyload\" width=\"762\" height=\"347\"\/><figcaption>Obe\u0161el jsi v\u0161echny st\u00e1nky? Za Correct podeps\u00e1no!<\/figcaption><\/figure><\/div>\n\n\n\n<p>Mezi st\u00e1nky m\u011bl sv\u00e9 m\u00edsto i n\u00e1\u0161 Correc\u0165\u00e1ck\u00fd st\u00e1nek, kde se zahrani\u010dn\u00ed studenti mohli informovat o kurzech \u010de\u0161tiny pro cizince, kter\u00e9 u n\u00e1s prob\u00edhaj\u00ed v 5 a\u017e 6 \u00farovn\u00edch, co\u017e je na Brno pom\u011brn\u011b ojedin\u011bl\u00e9. Z\u00e1rove\u0148 jsme m\u011bli mo\u017enost mluvit se spoustou \u010desk\u00fdch student\u016f, kte\u0159\u00ed se vyjet teprve chystaj\u00ed. N\u011bkte\u0159\u00ed z\u00a0nich se rozhodli zkusit \u0161t\u011bst\u00ed a zapojili se do na\u0161\u00ed sout\u011b\u017ee. Sta\u010dilo jen vyplnit na let\u00e1\u010dku p\u011bt ot\u00e1zek a zapojit se tak do losov\u00e1n\u00ed o jazykov\u00fd kurz zdarma. V\u017edy\u0165 studium jazyka v\u00a0ka\u017ed\u00e9m p\u0159\u00edpad\u011b pat\u0159\u00ed do p\u0159\u00edpravy na v\u00fdjezd do zahrani\u010d\u00ed! <\/p>\n\n\n\n<div class=\"wp-block-image\"><figure class=\"aligncenter is-resized\"><img loading=\"lazy\" decoding=\"async\" src=\"https:\/\/www.jc-correct.com\/blog\/wp-content\/uploads\/2019\/10\/Movin-Europe11-1024x851.jpg\" alt=\"\" class=\"wp-image-1296 lazyload\" width=\"762\" height=\"579\"\/><figcaption>Marky v akci<\/figcaption><\/figure><\/div>\n\n\n\n<p>N\u011bkter\u00e9 z&nbsp;nich zaujala t\u0159eba i netradi\u010dn\u00ed <a href=\"https:\/\/www.jc-correct.com\/norsky-jazyk\">nor\u0161tina<\/a>, kter\u00e1 se u n\u00e1s tak\u00e9 u\u010d\u00ed. N\u011bkte\u0159\u00ed by se rad\u011bji je\u0161t\u011b v\u00edce zdokonalili v&nbsp;<a href=\"https:\/\/www.jc-correct.com\/anglicky-jazyk\">angli\u010dtin\u011b<\/a>, a\u010dkoli pl\u00e1nuj\u00ed jet t\u0159eba do N\u011bmecka, proto\u017ee studia prob\u00edhaj\u00ed \u010dasto pr\u00e1v\u011b v&nbsp;angli\u010dtin\u011b. Pot\u011b\u0161ilo n\u00e1s, \u017ee na Correc\u0165\u00e1ck\u00e9m st\u00e1nku si ka\u017ed\u00fd p\u0159i\u0161el na sv\u00e9, co se na\u0161\u00ed \u0161irok\u00e9 nab\u00eddky vyu\u010dovan\u00fdch jazyk\u016f t\u00fd\u010de. Ji\u017e nyn\u00ed se t\u011b\u0161\u00edme na p\u0159\u00ed\u0161t\u00ed rok, v\u011b\u0159\u00edme, \u017ee ur\u010dit\u011b nebudeme chyb\u011bt.<\/p>\n\n\n\n<p>PS: A kdo \u017ee to vyhr\u00e1l jazykov\u00fd kurz zdarma? <a href=\"http:\/\/facebook.com\/correct.jazykove.centrum\/videos\/580755216065420\/(otev\u0159e se na nov\u00e9 z\u00e1lo\u017ece)\">Koukn\u011bte<\/a>, kdo byl t\u00edm \u0161\u0165astlivcem \ud83d\ude42\u00a0<\/p>\n\n\n\n<div class=\"wp-block-image\"><figure class=\"aligncenter is-resized\"><img loading=\"lazy\" decoding=\"async\" src=\"https:\/\/www.jc-correct.com\/blog\/wp-content\/uploads\/2019\/09\/Jazykov\u00e9-centrum-Correct-1.png\" alt=\"\" class=\"wp-image-987 lazyload\" width=\"322\" height=\"160\" data-srcset=\"https:\/\/www.jc-correct.com\/blog\/wp-content\/uploads\/2019\/09\/Jazykov\u00e9-centrum-Correct-1.png 902w, https:\/\/www.jc-correct.com\/blog\/wp-content\/uploads\/2019\/09\/Jazykov\u00e9-centrum-Correct-1-300x149.png 300w, https:\/\/www.jc-correct.com\/blog\/wp-content\/uploads\/2019\/09\/Jazykov\u00e9-centrum-Correct-1-768x382.png 768w, https:\/\/www.jc-correct.com\/blog\/wp-content\/uploads\/2019\/09\/Jazykov\u00e9-centrum-Correct-1-624x311.png 624w\" sizes=\"auto\" \/><\/figure><\/div>\n\n\n\n<p><\/p>\n\n\n\n<p><\/p>\n","protected":false},"excerpt":{"rendered":"<p>Jsme r\u00e1di, \u017ee jsme mohli b\u00fdt sou\u010d\u00e1st\u00ed veletrhu Mov&#8217;in Europe, kter\u00fd ve st\u0159edu 16.10.2019 nab\u00eddl student\u016fm spoustu zaj\u00edmav\u00e9ho o studiu v&nbsp;zahrani\u010d\u00ed. Cel\u00fd den prob\u00edhaly p\u0159edn\u00e1\u0161ky o r\u016fzn\u00fdch studijn\u00edch mo\u017enostech a programech, d\u00edky kter\u00fdm u\u017e tolik student\u016f procestovalo p\u016fl sv\u011bta. Ve vestibulu podnikatelsk\u00e9 fakulty jsme m\u011bli na dosah ochutn\u00e1vku r\u016fzn\u00fdch kultur na jednom m\u00edst\u011b. Zahrani\u010dn\u00ed studenti VUT z&nbsp;r\u016fzn\u00fdch zem\u00ed sd\u00edleli na sv\u00fdch st\u00e1nc\u00edch mnoh\u00e9 o tom, jak se v&nbsp;jejich zemi \u017eije, co je tam oproti \u010cesku neobvykl\u00e9 a pro\u010d rozhodn\u011b stoj\u00ed za to jejich zemi nav\u0161t\u00edvit. Mezi st\u00e1nky m\u011bl sv\u00e9 m\u00edsto i n\u00e1\u0161 Correc\u0165\u00e1ck\u00fd st\u00e1nek, kde se zahrani\u010dn\u00ed studenti mohli informovat&#8230;<\/p>\n","protected":false},"author":7,"featured_media":1302,"comment_status":"closed","ping_status":"open","sticky":false,"template":"","format":"standard","meta":{"_acf_changed":false,"footnotes":""},"categories":[31,3,14],"tags":[111,18,405,410,409,407,402,403,406],"class_list":["post-1289","post","type-post","status-publish","format-standard","has-post-thumbnail","hentry","category-akce-pro-studenty-2","category-novinky","category-ze-zivota-correctu","tag-akce-pro-cizince-v-brne","tag-akce-pro-studenty","tag-erasmus","tag-erasmus-student-network","tag-esn","tag-jazykove-akce","tag-movin-europe","tag-veletrh-pro-studenty","tag-vyjezd-do-zahranici"],"acf":[],"yoast_head":"<!-- This site is optimized with the Yoast SEO plugin v22.3 - https:\/\/yoast.com\/wordpress\/plugins\/seo\/ -->\n<title>Correct na Mov&#039;in Europe 2019 - BLOG: Jazykov\u00e9 centrum Correct<\/title>\n<meta name=\"robots\" content=\"index, follow, max-snippet:-1, max-image-preview:large, max-video-preview:-1\" \/>\n<link rel=\"canonical\" href=\"https:\/\/www.jc-correct.com\/blog\/correct-na-movin-europe-2019\/\" \/>\n<meta property=\"og:locale\" content=\"cs_CZ\" \/>\n<meta property=\"og:type\" content=\"article\" \/>\n<meta property=\"og:title\" content=\"Correct na Mov&#039;in Europe 2019 - BLOG: Jazykov\u00e9 centrum Correct\" \/>\n<meta property=\"og:description\" content=\"Jsme r\u00e1di, \u017ee jsme mohli b\u00fdt sou\u010d\u00e1st\u00ed veletrhu Mov&#8217;in Europe, kter\u00fd ve st\u0159edu 16.10.2019 nab\u00eddl student\u016fm spoustu zaj\u00edmav\u00e9ho o studiu v&nbsp;zahrani\u010d\u00ed. Cel\u00fd den prob\u00edhaly p\u0159edn\u00e1\u0161ky o r\u016fzn\u00fdch studijn\u00edch mo\u017enostech a programech, d\u00edky kter\u00fdm u\u017e tolik student\u016f procestovalo p\u016fl sv\u011bta. Ve vestibulu podnikatelsk\u00e9 fakulty jsme m\u011bli na dosah ochutn\u00e1vku r\u016fzn\u00fdch kultur na jednom m\u00edst\u011b. Zahrani\u010dn\u00ed studenti VUT z&nbsp;r\u016fzn\u00fdch zem\u00ed sd\u00edleli na sv\u00fdch st\u00e1nc\u00edch mnoh\u00e9 o tom, jak se v&nbsp;jejich zemi \u017eije, co je tam oproti \u010cesku neobvykl\u00e9 a pro\u010d rozhodn\u011b stoj\u00ed za to jejich zemi nav\u0161t\u00edvit. Mezi st\u00e1nky m\u011bl sv\u00e9 m\u00edsto i n\u00e1\u0161 Correc\u0165\u00e1ck\u00fd st\u00e1nek, kde se zahrani\u010dn\u00ed studenti mohli informovat...\" \/>\n<meta property=\"og:url\" content=\"https:\/\/www.jc-correct.com\/blog\/correct-na-movin-europe-2019\/\" \/>\n<meta property=\"og:site_name\" content=\"BLOG: Jazykov\u00e9 centrum Correct\" \/>\n<meta property=\"article:publisher\" content=\"https:\/\/www.facebook.com\/correct.jazykove.centrum\/\" \/>\n<meta property=\"article:published_time\" content=\"2019-10-17T11:20:19+00:00\" \/>\n<meta property=\"article:modified_time\" content=\"2019-10-21T19:15:52+00:00\" \/>\n<meta property=\"og:image\" content=\"https:\/\/www.jc-correct.com\/blog\/wp-content\/uploads\/2019\/10\/Movin-Europe20-1024x683.jpg\" \/>\n\t<meta property=\"og:image:width\" content=\"1024\" \/>\n\t<meta property=\"og:image:height\" content=\"683\" \/>\n\t<meta property=\"og:image:type\" content=\"image\/jpeg\" \/>\n<meta name=\"author\" content=\"Mark\u00e9ta Lorencov\u00e1\" \/>\n<meta name=\"twitter:card\" content=\"summary_large_image\" \/>\n<meta name=\"twitter:label1\" content=\"Napsal(a)\" \/>\n\t<meta name=\"twitter:data1\" content=\"Mark\u00e9ta Lorencov\u00e1\" \/>\n\t<meta name=\"twitter:label2\" content=\"Odhadovan\u00e1 doba \u010dten\u00ed\" \/>\n\t<meta name=\"twitter:data2\" content=\"2 minuty\" \/>\n<script type=\"application\/ld+json\" class=\"yoast-schema-graph\">{\"@context\":\"https:\/\/schema.org\",\"@graph\":[{\"@type\":\"Article\",\"@id\":\"https:\/\/www.jc-correct.com\/blog\/correct-na-movin-europe-2019\/#article\",\"isPartOf\":{\"@id\":\"https:\/\/www.jc-correct.com\/blog\/correct-na-movin-europe-2019\/\"},\"author\":{\"name\":\"Mark\u00e9ta Lorencov\u00e1\",\"@id\":\"https:\/\/www.jc-correct.com\/blog\/#\/schema\/person\/c98283a8e08ad197801e2b0193748e13\"},\"headline\":\"Correct na Mov&#8217;in Europe 2019\",\"datePublished\":\"2019-10-17T11:20:19+00:00\",\"dateModified\":\"2019-10-21T19:15:52+00:00\",\"mainEntityOfPage\":{\"@id\":\"https:\/\/www.jc-correct.com\/blog\/correct-na-movin-europe-2019\/\"},\"wordCount\":387,\"publisher\":{\"@id\":\"https:\/\/www.jc-correct.com\/blog\/#organization\"},\"image\":{\"@id\":\"https:\/\/www.jc-correct.com\/blog\/correct-na-movin-europe-2019\/#primaryimage\"},\"thumbnailUrl\":\"https:\/\/www.jc-correct.com\/blog\/wp-content\/uploads\/2019\/10\/Movin-Europe20.jpg\",\"keywords\":[\"Akce pro cizince v Brn\u011b\",\"akce pro studenty\",\"erasmus\",\"erasmus student network\",\"esn\",\"jazykove akce\",\"Mov&#039;in Europe\",\"veletrh pro studenty\",\"v\u00fdjezd do zahrani\u010d\u00ed\"],\"articleSection\":[\"Akce pro studenty\",\"Novinky\",\"Ze \u017eivota Correctu\"],\"inLanguage\":\"cs\"},{\"@type\":\"WebPage\",\"@id\":\"https:\/\/www.jc-correct.com\/blog\/correct-na-movin-europe-2019\/\",\"url\":\"https:\/\/www.jc-correct.com\/blog\/correct-na-movin-europe-2019\/\",\"name\":\"Correct na Mov'in Europe 2019 - BLOG: Jazykov\u00e9 centrum Correct\",\"isPartOf\":{\"@id\":\"https:\/\/www.jc-correct.com\/blog\/#website\"},\"primaryImageOfPage\":{\"@id\":\"https:\/\/www.jc-correct.com\/blog\/correct-na-movin-europe-2019\/#primaryimage\"},\"image\":{\"@id\":\"https:\/\/www.jc-correct.com\/blog\/correct-na-movin-europe-2019\/#primaryimage\"},\"thumbnailUrl\":\"https:\/\/www.jc-correct.com\/blog\/wp-content\/uploads\/2019\/10\/Movin-Europe20.jpg\",\"datePublished\":\"2019-10-17T11:20:19+00:00\",\"dateModified\":\"2019-10-21T19:15:52+00:00\",\"breadcrumb\":{\"@id\":\"https:\/\/www.jc-correct.com\/blog\/correct-na-movin-europe-2019\/#breadcrumb\"},\"inLanguage\":\"cs\",\"potentialAction\":[{\"@type\":\"ReadAction\",\"target\":[\"https:\/\/www.jc-correct.com\/blog\/correct-na-movin-europe-2019\/\"]}]},{\"@type\":\"ImageObject\",\"inLanguage\":\"cs\",\"@id\":\"https:\/\/www.jc-correct.com\/blog\/correct-na-movin-europe-2019\/#primaryimage\",\"url\":\"https:\/\/www.jc-correct.com\/blog\/wp-content\/uploads\/2019\/10\/Movin-Europe20.jpg\",\"contentUrl\":\"https:\/\/www.jc-correct.com\/blog\/wp-content\/uploads\/2019\/10\/Movin-Europe20.jpg\",\"width\":5184,\"height\":3456},{\"@type\":\"BreadcrumbList\",\"@id\":\"https:\/\/www.jc-correct.com\/blog\/correct-na-movin-europe-2019\/#breadcrumb\",\"itemListElement\":[{\"@type\":\"ListItem\",\"position\":1,\"name\":\"Dom\u016f\",\"item\":\"https:\/\/www.jc-correct.com\/blog\/\"},{\"@type\":\"ListItem\",\"position\":2,\"name\":\"Correct na Mov&#8217;in Europe 2019\"}]},{\"@type\":\"WebSite\",\"@id\":\"https:\/\/www.jc-correct.com\/blog\/#website\",\"url\":\"https:\/\/www.jc-correct.com\/blog\/\",\"name\":\"BLOG: Jazykov\u00e9 centrum Correct\",\"description\":\"\",\"publisher\":{\"@id\":\"https:\/\/www.jc-correct.com\/blog\/#organization\"},\"potentialAction\":[{\"@type\":\"SearchAction\",\"target\":{\"@type\":\"EntryPoint\",\"urlTemplate\":\"https:\/\/www.jc-correct.com\/blog\/?s={search_term_string}\"},\"query-input\":\"required name=search_term_string\"}],\"inLanguage\":\"cs\"},{\"@type\":\"Organization\",\"@id\":\"https:\/\/www.jc-correct.com\/blog\/#organization\",\"name\":\"Jazykov\u00e9 centrum Correct, s.r.o.\",\"url\":\"https:\/\/www.jc-correct.com\/blog\/\",\"logo\":{\"@type\":\"ImageObject\",\"inLanguage\":\"cs\",\"@id\":\"https:\/\/www.jc-correct.com\/blog\/#\/schema\/logo\/image\/\",\"url\":\"https:\/\/www.jc-correct.com\/blog\/wp-content\/uploads\/2019\/09\/logo.png\",\"contentUrl\":\"https:\/\/www.jc-correct.com\/blog\/wp-content\/uploads\/2019\/09\/logo.png\",\"width\":228,\"height\":89,\"caption\":\"Jazykov\u00e9 centrum Correct, s.r.o.\"},\"image\":{\"@id\":\"https:\/\/www.jc-correct.com\/blog\/#\/schema\/logo\/image\/\"},\"sameAs\":[\"https:\/\/www.facebook.com\/correct.jazykove.centrum\/\",\"https:\/\/www.instagram.com\/wearecorrect\/\",\"https:\/\/www.linkedin.com\/company\/correct-language-centre\/\",\"https:\/\/www.youtube.com\/channel\/UCqO47fnZwWjEqjOG57A7rZA\/featured\"]},{\"@type\":\"Person\",\"@id\":\"https:\/\/www.jc-correct.com\/blog\/#\/schema\/person\/c98283a8e08ad197801e2b0193748e13\",\"name\":\"Mark\u00e9ta Lorencov\u00e1\",\"image\":{\"@type\":\"ImageObject\",\"inLanguage\":\"cs\",\"@id\":\"https:\/\/www.jc-correct.com\/blog\/#\/schema\/person\/image\/\",\"url\":\"https:\/\/www.jc-correct.com\/blog\/wp-content\/uploads\/2019\/10\/Mark\u00e9ta_L-150x150.jpg\",\"contentUrl\":\"https:\/\/www.jc-correct.com\/blog\/wp-content\/uploads\/2019\/10\/Mark\u00e9ta_L-150x150.jpg\",\"caption\":\"Mark\u00e9ta Lorencov\u00e1\"},\"url\":\"https:\/\/www.jc-correct.com\/blog\/author\/marketa\/\"}]}<\/script>\n<!-- \/ Yoast SEO plugin. -->","yoast_head_json":{"title":"Correct na Mov'in Europe 2019 - BLOG: Jazykov\u00e9 centrum Correct","robots":{"index":"index","follow":"follow","max-snippet":"max-snippet:-1","max-image-preview":"max-image-preview:large","max-video-preview":"max-video-preview:-1"},"canonical":"https:\/\/www.jc-correct.com\/blog\/correct-na-movin-europe-2019\/","og_locale":"cs_CZ","og_type":"article","og_title":"Correct na Mov'in Europe 2019 - BLOG: Jazykov\u00e9 centrum Correct","og_description":"Jsme r\u00e1di, \u017ee jsme mohli b\u00fdt sou\u010d\u00e1st\u00ed veletrhu Mov&#8217;in Europe, kter\u00fd ve st\u0159edu 16.10.2019 nab\u00eddl student\u016fm spoustu zaj\u00edmav\u00e9ho o studiu v&nbsp;zahrani\u010d\u00ed. Cel\u00fd den prob\u00edhaly p\u0159edn\u00e1\u0161ky o r\u016fzn\u00fdch studijn\u00edch mo\u017enostech a programech, d\u00edky kter\u00fdm u\u017e tolik student\u016f procestovalo p\u016fl sv\u011bta. Ve vestibulu podnikatelsk\u00e9 fakulty jsme m\u011bli na dosah ochutn\u00e1vku r\u016fzn\u00fdch kultur na jednom m\u00edst\u011b. Zahrani\u010dn\u00ed studenti VUT z&nbsp;r\u016fzn\u00fdch zem\u00ed sd\u00edleli na sv\u00fdch st\u00e1nc\u00edch mnoh\u00e9 o tom, jak se v&nbsp;jejich zemi \u017eije, co je tam oproti \u010cesku neobvykl\u00e9 a pro\u010d rozhodn\u011b stoj\u00ed za to jejich zemi nav\u0161t\u00edvit. Mezi st\u00e1nky m\u011bl sv\u00e9 m\u00edsto i n\u00e1\u0161 Correc\u0165\u00e1ck\u00fd st\u00e1nek, kde se zahrani\u010dn\u00ed studenti mohli informovat...","og_url":"https:\/\/www.jc-correct.com\/blog\/correct-na-movin-europe-2019\/","og_site_name":"BLOG: Jazykov\u00e9 centrum Correct","article_publisher":"https:\/\/www.facebook.com\/correct.jazykove.centrum\/","article_published_time":"2019-10-17T11:20:19+00:00","article_modified_time":"2019-10-21T19:15:52+00:00","og_image":[{"width":1024,"height":683,"url":"https:\/\/www.jc-correct.com\/blog\/wp-content\/uploads\/2019\/10\/Movin-Europe20-1024x683.jpg","type":"image\/jpeg"}],"author":"Mark\u00e9ta Lorencov\u00e1","twitter_card":"summary_large_image","twitter_misc":{"Napsal(a)":"Mark\u00e9ta Lorencov\u00e1","Odhadovan\u00e1 doba \u010dten\u00ed":"2 minuty"},"schema":{"@context":"https:\/\/schema.org","@graph":[{"@type":"Article","@id":"https:\/\/www.jc-correct.com\/blog\/correct-na-movin-europe-2019\/#article","isPartOf":{"@id":"https:\/\/www.jc-correct.com\/blog\/correct-na-movin-europe-2019\/"},"author":{"name":"Mark\u00e9ta Lorencov\u00e1","@id":"https:\/\/www.jc-correct.com\/blog\/#\/schema\/person\/c98283a8e08ad197801e2b0193748e13"},"headline":"Correct na Mov&#8217;in Europe 2019","datePublished":"2019-10-17T11:20:19+00:00","dateModified":"2019-10-21T19:15:52+00:00","mainEntityOfPage":{"@id":"https:\/\/www.jc-correct.com\/blog\/correct-na-movin-europe-2019\/"},"wordCount":387,"publisher":{"@id":"https:\/\/www.jc-correct.com\/blog\/#organization"},"image":{"@id":"https:\/\/www.jc-correct.com\/blog\/correct-na-movin-europe-2019\/#primaryimage"},"thumbnailUrl":"https:\/\/www.jc-correct.com\/blog\/wp-content\/uploads\/2019\/10\/Movin-Europe20.jpg","keywords":["Akce pro cizince v Brn\u011b","akce pro studenty","erasmus","erasmus student network","esn","jazykove akce","Mov&#039;in Europe","veletrh pro studenty","v\u00fdjezd do zahrani\u010d\u00ed"],"articleSection":["Akce pro studenty","Novinky","Ze \u017eivota Correctu"],"inLanguage":"cs"},{"@type":"WebPage","@id":"https:\/\/www.jc-correct.com\/blog\/correct-na-movin-europe-2019\/","url":"https:\/\/www.jc-correct.com\/blog\/correct-na-movin-europe-2019\/","name":"Correct na Mov'in Europe 2019 - BLOG: Jazykov\u00e9 centrum Correct","isPartOf":{"@id":"https:\/\/www.jc-correct.com\/blog\/#website"},"primaryImageOfPage":{"@id":"https:\/\/www.jc-correct.com\/blog\/correct-na-movin-europe-2019\/#primaryimage"},"image":{"@id":"https:\/\/www.jc-correct.com\/blog\/correct-na-movin-europe-2019\/#primaryimage"},"thumbnailUrl":"https:\/\/www.jc-correct.com\/blog\/wp-content\/uploads\/2019\/10\/Movin-Europe20.jpg","datePublished":"2019-10-17T11:20:19+00:00","dateModified":"2019-10-21T19:15:52+00:00","breadcrumb":{"@id":"https:\/\/www.jc-correct.com\/blog\/correct-na-movin-europe-2019\/#breadcrumb"},"inLanguage":"cs","potentialAction":[{"@type":"ReadAction","target":["https:\/\/www.jc-correct.com\/blog\/correct-na-movin-europe-2019\/"]}]},{"@type":"ImageObject","inLanguage":"cs","@id":"https:\/\/www.jc-correct.com\/blog\/correct-na-movin-europe-2019\/#primaryimage","url":"https:\/\/www.jc-correct.com\/blog\/wp-content\/uploads\/2019\/10\/Movin-Europe20.jpg","contentUrl":"https:\/\/www.jc-correct.com\/blog\/wp-content\/uploads\/2019\/10\/Movin-Europe20.jpg","width":5184,"height":3456},{"@type":"BreadcrumbList","@id":"https:\/\/www.jc-correct.com\/blog\/correct-na-movin-europe-2019\/#breadcrumb","itemListElement":[{"@type":"ListItem","position":1,"name":"Dom\u016f","item":"https:\/\/www.jc-correct.com\/blog\/"},{"@type":"ListItem","position":2,"name":"Correct na Mov&#8217;in Europe 2019"}]},{"@type":"WebSite","@id":"https:\/\/www.jc-correct.com\/blog\/#website","url":"https:\/\/www.jc-correct.com\/blog\/","name":"BLOG: Jazykov\u00e9 centrum Correct","description":"","publisher":{"@id":"https:\/\/www.jc-correct.com\/blog\/#organization"},"potentialAction":[{"@type":"SearchAction","target":{"@type":"EntryPoint","urlTemplate":"https:\/\/www.jc-correct.com\/blog\/?s={search_term_string}"},"query-input":"required name=search_term_string"}],"inLanguage":"cs"},{"@type":"Organization","@id":"https:\/\/www.jc-correct.com\/blog\/#organization","name":"Jazykov\u00e9 centrum Correct, s.r.o.","url":"https:\/\/www.jc-correct.com\/blog\/","logo":{"@type":"ImageObject","inLanguage":"cs","@id":"https:\/\/www.jc-correct.com\/blog\/#\/schema\/logo\/image\/","url":"https:\/\/www.jc-correct.com\/blog\/wp-content\/uploads\/2019\/09\/logo.png","contentUrl":"https:\/\/www.jc-correct.com\/blog\/wp-content\/uploads\/2019\/09\/logo.png","width":228,"height":89,"caption":"Jazykov\u00e9 centrum Correct, s.r.o."},"image":{"@id":"https:\/\/www.jc-correct.com\/blog\/#\/schema\/logo\/image\/"},"sameAs":["https:\/\/www.facebook.com\/correct.jazykove.centrum\/","https:\/\/www.instagram.com\/wearecorrect\/","https:\/\/www.linkedin.com\/company\/correct-language-centre\/","https:\/\/www.youtube.com\/channel\/UCqO47fnZwWjEqjOG57A7rZA\/featured"]},{"@type":"Person","@id":"https:\/\/www.jc-correct.com\/blog\/#\/schema\/person\/c98283a8e08ad197801e2b0193748e13","name":"Mark\u00e9ta Lorencov\u00e1","image":{"@type":"ImageObject","inLanguage":"cs","@id":"https:\/\/www.jc-correct.com\/blog\/#\/schema\/person\/image\/","url":"https:\/\/www.jc-correct.com\/blog\/wp-content\/uploads\/2019\/10\/Mark\u00e9ta_L-150x150.jpg","contentUrl":"https:\/\/www.jc-correct.com\/blog\/wp-content\/uploads\/2019\/10\/Mark\u00e9ta_L-150x150.jpg","caption":"Mark\u00e9ta Lorencov\u00e1"},"url":"https:\/\/www.jc-correct.com\/blog\/author\/marketa\/"}]}},"_links":{"self":[{"href":"https:\/\/www.jc-correct.com\/blog\/wp-json\/wp\/v2\/posts\/1289","targetHints":{"allow":["GET"]}}],"collection":[{"href":"https:\/\/www.jc-correct.com\/blog\/wp-json\/wp\/v2\/posts"}],"about":[{"href":"https:\/\/www.jc-correct.com\/blog\/wp-json\/wp\/v2\/types\/post"}],"author":[{"embeddable":true,"href":"https:\/\/www.jc-correct.com\/blog\/wp-json\/wp\/v2\/users\/7"}],"replies":[{"embeddable":true,"href":"https:\/\/www.jc-correct.com\/blog\/wp-json\/wp\/v2\/comments?post=1289"}],"version-history":[{"count":25,"href":"https:\/\/www.jc-correct.com\/blog\/wp-json\/wp\/v2\/posts\/1289\/revisions"}],"predecessor-version":[{"id":1339,"href":"https:\/\/www.jc-correct.com\/blog\/wp-json\/wp\/v2\/posts\/1289\/revisions\/1339"}],"wp:featuredmedia":[{"embeddable":true,"href":"https:\/\/www.jc-correct.com\/blog\/wp-json\/wp\/v2\/media\/1302"}],"wp:attachment":[{"href":"https:\/\/www.jc-correct.com\/blog\/wp-json\/wp\/v2\/media?parent=1289"}],"wp:term":[{"taxonomy":"category","embeddable":true,"href":"https:\/\/www.jc-correct.com\/blog\/wp-json\/wp\/v2\/categories?post=1289"},{"taxonomy":"post_tag","embeddable":true,"href":"https:\/\/www.jc-correct.com\/blog\/wp-json\/wp\/v2\/tags?post=1289"}],"curies":[{"name":"wp","href":"https:\/\/api.w.org\/{rel}","templated":true}]}}